{"id":149090,"date":"2026-09-06T17:00:54","date_gmt":"2026-09-06T20:00:54","guid":{"rendered":"https:\/\/noticiasbahia360.com.br\/?p=149090"},"modified":"2026-09-06T17:00:54","modified_gmt":"2026-09-06T20:00:54","slug":"15-milhoes-de-criancas-ja-tiveram-contato-com-conteudo-sexual-online-diz-relatorio-da-unicef","status":"publish","type":"post","link":"https:\/\/noticiasbahia360.com.br\/?p=149090","title":{"rendered":"15 milh\u00f5es de crian\u00e7as j\u00e1 tiveram contato com conte\u00fado sexual online, diz relat\u00f3rio da Unicef"},"content":{"rendered":"<div>\n<div>\n<figure><img decoding=\"async\" src=\"http:\/\/noticiasbahia360.com.br\/wp-content\/uploads\/2026\/09\/criancas-nas-redes-sociais.jpg\" alt=\"crian\u00e7as nas redes sociais\"><figcaption>Foto: Bruno Peres\/Ag\u00eancia Brasil<br \/>\n<\/figcaption><\/figure>\n<\/div>\n<p class=\"wp-block-paragraph\">Ag\u00eancia Brasil \u2013 Cerca de 20 milh\u00f5es de crian\u00e7as e adolescentes de 21 pa\u00edses j\u00e1 sofreram, no per\u00edodo de um ano, algum tipo de explora\u00e7\u00e3o ou abuso sexual facilitado pela tecnologia. Acredita-se, ainda, que 9 milh\u00f5es tenham sido induzidas a manter conversas de teor sexual ou compartilhar imagens desse cunho contra sua vontade e que 4 milh\u00f5es tiveram imagens delas vazadas. <\/p>\n<p class=\"wp-block-paragraph\">O quantitativo de crian\u00e7as expostas a conte\u00fado sexual indesejado \u00e9 estimado em 15 milh\u00f5es. Os dados fazem parte do relat\u00f3rio Pelos Olhos das Crian\u00e7as: Como as Tecnologias Digitais Facilitam o Abuso Sexual Infantil lan\u00e7ado nesta semana pelo Fundo das Na\u00e7\u00f5es Unidas para a Inf\u00e2ncia (Unicef).<\/p>\n<p class=\"wp-block-paragraph\">Na avalia\u00e7\u00e3o dos especialistas do Unicef, contudo, os n\u00fameros devem ser ainda maiores. A explica\u00e7\u00e3o \u00e9 a de que muitas v\u00edtimas n\u00e3o chegam a comunicar a ningu\u00e9m o que aconteceu a elas.<\/p>\n<p class=\"wp-block-paragraph\">Mais de 40% das ocorr\u00eancias informadas durante a coleta de informa\u00e7\u00f5es n\u00e3o foram reveladas pelas v\u00edtimas. O principal motivo para deixarem de contar \u00e9 n\u00e3o saber aonde ir ou a quem recorrer.<\/p>\n<h2 id=\"h-redes-sociais\" class=\"wp-block-heading\">Redes sociais<\/h2>\n<p class=\"wp-block-paragraph\">Quanto \u00e0s plataformas digitais com maior n\u00famero de viola\u00e7\u00f5es, os dados revelam que, em m\u00e9dia, cerca de 60% aconteceu em redes como o Facebook, Instagram, Snapchat, TikTok e WhatsApp.<\/p>\n<p class=\"wp-block-paragraph\">Cerca de 14% dos crimes ocorreram enquanto as v\u00edtimas se divertiam em jogos online. O relat\u00f3rio assinala que o ambiente de jogos online \u00e9 especialmente prop\u00edcio para o cometimento dessas formas de abuso porque a din\u00e2mica nas rela\u00e7\u00f5es se baseia em um jogador explorar a confian\u00e7a do outro.<\/p>\n<p class=\"wp-block-paragraph\">Mais da metade (57%) dos casos declarados aos pesquisadores envolviam algu\u00e9m do conv\u00edvio da crian\u00e7a e do adolescente, incluindo familiares, conhecidos, amigos, namorados e namoradas. O dado contraria o imagin\u00e1rio de que a viol\u00eancia online \u00e9 perpetrada principalmente por estranhos.<\/p>\n<p class=\"wp-block-paragraph\">Ao mesmo tempo, ressalta o relat\u00f3rio, 38% das v\u00edtimas encontraram seus agressores pela primeira vez na internet, indicativo de que contas fake e o envio de mensagens privadas facilitam as viola\u00e7\u00f5es.<\/p>\n<p class=\"wp-block-paragraph\">\u201cEssas experi\u00eancias causam profundo desgaste emocional e mental. Muitas crian\u00e7as sofrem em sil\u00eancio, sem saber ao certo onde procurar ajuda. N\u00f3s n\u00e3o podemos ignorar isso\u201d, afirmou a diretora-executiva do Unicef Catherine Russell.<\/p>\n<h2 id=\"h-coercao\" class=\"wp-block-heading\">Coer\u00e7\u00e3o<\/h2>\n<p class=\"wp-block-paragraph\">O relat\u00f3rio foi produzido a partir das percep\u00e7\u00f5es de 21 mil crian\u00e7as e adolescentes com idade entre 12 e 17 anos, provenientes de 21 pa\u00edses, entre 2020 e 2025. Nas entrevistas realizadas com os participantes, observou-se como agressores exercem poder sobre as v\u00edtimas n\u00e3o somente as convencendo a agir de determinadas maneiras mediante presentes, dinheiro e aten\u00e7\u00e3o, mas tamb\u00e9m por meio da coer\u00e7\u00e3o.<\/p>\n<p class=\"wp-block-paragraph\">Uma jovem brasileira relatou como seu agressor a chantageou, amea\u00e7ando encaminhar \u00e0 m\u00e3e dela mensagens anteriores trocadas entre os dois, caso ela n\u00e3o mandasse a ele mais uma foto. Outra entrevistada comentou que, por anos, vasculhou a internet para garantir que nenhuma imagem sua, inclusive criada como montagem, estivesse circulando sem seu consentimento. O Brasil teve 19% dos entrevistados marcados por este tipo de viol\u00eancia, o equivalente a quase 3 milh\u00f5es de crian\u00e7as e adolescentes, e uma parcela de menos de 1% de ocorr\u00eancias denunciadas.<\/p>\n<p class=\"wp-block-paragraph\">A internet respondeu por 55,5% dos casos brasileiros e a escola por 24,5%. Como os canais mais perigosos apareceram os aplicativos de mensagens e as redes sociais (66,5%), com destaque para Instagram (57,2%) e WhatsApp (52,1%). Os jogos online responderam por 12,3%.<\/p>\n<p class=\"wp-block-paragraph\"><em>Siga o Acorda Cidade no\u00a0<\/em><a href=\"https:\/\/news.google.com\/search?q=acorda%20cidade&amp;hl=pt-BR&amp;gl=BR&amp;ceid=BR%3Apt-419\"><strong><em>Google Not\u00edcias<\/em><\/strong><\/a><em>\u00a0e receba os principais destaques do dia. Participe tamb\u00e9m dos nossos canais no\u00a0<\/em><a href=\"https:\/\/www.whatsapp.com\/channel\/0029Va6Rb4v3WHTNnsh8WI3N\"><strong><em>WhatsApp<\/em><\/strong><\/a><em>\u00a0e\u00a0<\/em><a href=\"https:\/\/www.youtube.com\/@acordacidadenoticias\/videos\"><strong>YouTube<\/strong><\/a><em>\u00a0e do grupo no\u00a0<\/em><a href=\"https:\/\/t.me\/+sSz0khrgARA0ZmRh\"><strong><em>Telegram<\/em><\/strong><\/a><em>.<\/em><\/p>\n<\/div>\n","protected":false},"excerpt":{"rendered":"<p>Foto: Bruno Peres\/Ag\u00eancia Brasil Ag\u00eancia Brasil \u2013 Cerca de 20 milh\u00f5es de crian\u00e7as e adolescentes<\/p>\n","protected":false},"author":1,"featured_media":149091,"comment_status":"closed","ping_status":"closed","sticky":false,"template":"","format":"gallery","meta":{"footnotes":""},"categories":[8,9,6,57,56,10],"tags":[],"class_list":["post-149090","post","type-post","status-publish","format-gallery","has-post-thumbnail","hentry","category-bahia","category-brasil","category-feira-de-santana","category-mundo","category-policia","category-politica","post_format-post-format-gallery"],"featured_image_urls":{"full":["https:\/\/noticiasbahia360.com.br\/wp-content\/uploads\/2026\/09\/criancas-nas-redes-sociais.jpg",1200,718,false],"thumbnail":["https:\/\/noticiasbahia360.com.br\/wp-content\/uploads\/2026\/09\/criancas-nas-redes-sociais-150x150.jpg",150,150,true],"medium":["https:\/\/noticiasbahia360.com.br\/wp-content\/uploads\/2026\/09\/criancas-nas-redes-sociais-300x180.jpg",300,180,true],"medium_large":["https:\/\/noticiasbahia360.com.br\/wp-content\/uploads\/2026\/09\/criancas-nas-redes-sociais-768x460.jpg",640,383,true],"large":["https:\/\/noticiasbahia360.com.br\/wp-content\/uploads\/2026\/09\/criancas-nas-redes-sociais-1024x613.jpg",640,383,true],"1536x1536":["https:\/\/noticiasbahia360.com.br\/wp-content\/uploads\/2026\/09\/criancas-nas-redes-sociais.jpg",1200,718,false],"2048x2048":["https:\/\/noticiasbahia360.com.br\/wp-content\/uploads\/2026\/09\/criancas-nas-redes-sociais.jpg",1200,718,false],"chromenews-featured":["https:\/\/noticiasbahia360.com.br\/wp-content\/uploads\/2026\/09\/criancas-nas-redes-sociais-1024x613.jpg",1024,613,true],"chromenews-large":["https:\/\/noticiasbahia360.com.br\/wp-content\/uploads\/2026\/09\/criancas-nas-redes-sociais-825x575.jpg",825,575,true],"chromenews-medium":["https:\/\/noticiasbahia360.com.br\/wp-content\/uploads\/2026\/09\/criancas-nas-redes-sociais-590x410.jpg",590,410,true]},"author_info":{"display_name":"noticiasbahia360.com.br","author_link":"https:\/\/noticiasbahia360.com.br\/?author=1"},"category_info":"<a href=\"https:\/\/noticiasbahia360.com.br\/?cat=8\" rel=\"category\">Bahia<\/a> <a href=\"https:\/\/noticiasbahia360.com.br\/?cat=9\" rel=\"category\">Brasil<\/a> <a href=\"https:\/\/noticiasbahia360.com.br\/?cat=6\" rel=\"category\">Feira de Santana<\/a> <a href=\"https:\/\/noticiasbahia360.com.br\/?cat=57\" rel=\"category\">Mundo<\/a> <a href=\"https:\/\/noticiasbahia360.com.br\/?cat=56\" rel=\"category\">Pol\u00edcia<\/a> <a href=\"https:\/\/noticiasbahia360.com.br\/?cat=10\" rel=\"category\">Pol\u00edtica<\/a>","tag_info":"Pol\u00edtica","comment_count":"0","_links":{"self":[{"href":"https:\/\/noticiasbahia360.com.br\/index.php?rest_route=\/wp\/v2\/posts\/149090","targetHints":{"allow":["GET"]}}],"collection":[{"href":"https:\/\/noticiasbahia360.com.br\/index.php?rest_route=\/wp\/v2\/posts"}],"about":[{"href":"https:\/\/noticiasbahia360.com.br\/index.php?rest_route=\/wp\/v2\/types\/post"}],"author":[{"embeddable":true,"href":"https:\/\/noticiasbahia360.com.br\/index.php?rest_route=\/wp\/v2\/users\/1"}],"replies":[{"embeddable":true,"href":"https:\/\/noticiasbahia360.com.br\/index.php?rest_route=%2Fwp%2Fv2%2Fcomments&post=149090"}],"version-history":[{"count":0,"href":"https:\/\/noticiasbahia360.com.br\/index.php?rest_route=\/wp\/v2\/posts\/149090\/revisions"}],"wp:featuredmedia":[{"embeddable":true,"href":"https:\/\/noticiasbahia360.com.br\/index.php?rest_route=\/wp\/v2\/media\/149091"}],"wp:attachment":[{"href":"https:\/\/noticiasbahia360.com.br\/index.php?rest_route=%2Fwp%2Fv2%2Fmedia&parent=149090"}],"wp:term":[{"taxonomy":"category","embeddable":true,"href":"https:\/\/noticiasbahia360.com.br\/index.php?rest_route=%2Fwp%2Fv2%2Fcategories&post=149090"},{"taxonomy":"post_tag","embeddable":true,"href":"https:\/\/noticiasbahia360.com.br\/index.php?rest_route=%2Fwp%2Fv2%2Ftags&post=149090"}],"curies":[{"name":"wp","href":"https:\/\/api.w.org\/{rel}","templated":true}]}}