{"id":149100,"date":"2026-09-06T18:06:15","date_gmt":"2026-09-06T21:06:15","guid":{"rendered":"https:\/\/noticiasbahia360.com.br\/?p=149100"},"modified":"2026-09-06T18:06:15","modified_gmt":"2026-09-06T21:06:15","slug":"conheca-as-ganhadoras-do-concurso-garota-country-da-expofeira-2026","status":"publish","type":"post","link":"https:\/\/noticiasbahia360.com.br\/?p=149100","title":{"rendered":"Conhe\u00e7a as ganhadoras do concurso Garota Country da Expofeira 2026"},"content":{"rendered":"<div>\n<div>\n<figure><img decoding=\"async\" src=\"http:\/\/noticiasbahia360.com.br\/wp-content\/uploads\/2026\/09\/EXPOFEIRA-2026-GAROTA-COUTRY-FOTO-VALDENIR-LIMA-177.jpg\" alt=\"Garota Country Expofeira 2026\"><figcaption>Foto: Valdenir Lima\/Secom<\/figcaption><\/figure>\n<\/div>\n<p class=\"wp-block-paragraph\">Foi realizado na noite de s\u00e1bado (5) o concurso Garota Country da 47\u00aa Exposi\u00e7\u00e3o Agropecu\u00e1ria de Feira de Santana 2026 (Exporfeira). A competi\u00e7\u00e3o, criada em 1997, estava h\u00e1 12 anos sem fazer parte da programa\u00e7\u00e3o. Dez candidatas participaram a disputa, mas apenas tr\u00eas foram selecionadas.<\/p>\n<figure class=\"wp-block-image size-full\"><img fetchpriority=\"high\" fetchpriority=\"high\" decoding=\"async\" width=\"1200\" height=\"800\" src=\"http:\/\/noticiasbahia360.com.br\/wp-content\/uploads\/2026\/09\/EXPOFEIRA-2026-GAROTA-COUTRY-FOTO-VALDENIR-LIMA-163.jpg\" alt=\"Garota Country Expofeira 2026\" class=\"wp-image-688535\" srcset=\"http:\/\/noticiasbahia360.com.br\/wp-content\/uploads\/2026\/09\/EXPOFEIRA-2026-GAROTA-COUTRY-FOTO-VALDENIR-LIMA-163.jpg 1200w, https:\/\/uploads.acordacidade.com.br\/2026\/09\/EXPOFEIRA-2026-GAROTA-COUTRY-FOTO-VALDENIR-LIMA-163-750x500.jpg 750w, https:\/\/uploads.acordacidade.com.br\/2026\/09\/EXPOFEIRA-2026-GAROTA-COUTRY-FOTO-VALDENIR-LIMA-163-1000x667.jpg 1000w, https:\/\/uploads.acordacidade.com.br\/2026\/09\/EXPOFEIRA-2026-GAROTA-COUTRY-FOTO-VALDENIR-LIMA-163-450x300.jpg 450w, https:\/\/uploads.acordacidade.com.br\/2026\/09\/EXPOFEIRA-2026-GAROTA-COUTRY-FOTO-VALDENIR-LIMA-163-150x100.jpg 150w\" sizes=\"(max-width: 1200px) 100vw, 1200px\"><figcaption class=\"wp-element-caption\">Foto: Valdenir Lima\/Secom<\/figcaption><\/figure>\n<p class=\"wp-block-paragraph\">De acordo com a Secretaria Municipal de Comunica\u00e7\u00e3o, o primeiro lugar foi para Maria L\u00facia Longuinho, que recebeu o t\u00edtulo de Garota Country Expofeira 2026. O segundo lugar ficou com Luane Torquato, e o terceiro lugar foi para Malu Oliveira.<\/p>\n<figure class=\"wp-block-image size-full\"><img decoding=\"async\" width=\"1200\" height=\"800\" src=\"http:\/\/noticiasbahia360.com.br\/wp-content\/uploads\/2026\/09\/EXPOFEIRA-2026-GAROTA-COUTRY-FOTO-VALDENIR-LIMA-198-capa.jpg\" alt=\"Garota Country Expofeira 2026\" class=\"wp-image-688537\" srcset=\"http:\/\/noticiasbahia360.com.br\/wp-content\/uploads\/2026\/09\/EXPOFEIRA-2026-GAROTA-COUTRY-FOTO-VALDENIR-LIMA-198-capa.jpg 1200w, https:\/\/uploads.acordacidade.com.br\/2026\/09\/EXPOFEIRA-2026-GAROTA-COUTRY-FOTO-VALDENIR-LIMA-198-capa-750x500.jpg 750w, https:\/\/uploads.acordacidade.com.br\/2026\/09\/EXPOFEIRA-2026-GAROTA-COUTRY-FOTO-VALDENIR-LIMA-198-capa-1000x667.jpg 1000w, https:\/\/uploads.acordacidade.com.br\/2026\/09\/EXPOFEIRA-2026-GAROTA-COUTRY-FOTO-VALDENIR-LIMA-198-capa-450x300.jpg 450w, https:\/\/uploads.acordacidade.com.br\/2026\/09\/EXPOFEIRA-2026-GAROTA-COUTRY-FOTO-VALDENIR-LIMA-198-capa-150x100.jpg 150w\" sizes=\"(max-width: 1200px) 100vw, 1200px\"><figcaption class=\"wp-element-caption\">Foto: Valdenir Lima\/Secom<\/figcaption><\/figure>\n<p class=\"wp-block-paragraph\">De acordo com a idealizadora do concurso, Rita Falc\u00e3o, o Garota Country busca o empoderamento feminino que existe dentro das grandes feiras agropecu\u00e1rias.<\/p>\n<div id=\"gallery_6a9dca31c0cff\" class=\"seox-gallery-block template-gallery-grid my-5\">\n<div class=\"g-col-12 grid gap-1\">\n\t\t\t\t\t<a data-fancybox=\"gallery_6a9dca31c0cff\" data-caption=\"Foto: Valdenir Lima\/Secom\" class=\"g-col-12 lg:g-col-6 d-flex w-100 h-auto no-styled position-relative seox-gallery-item gallery-image-688539\" href=\"https:\/\/uploads.acordacidade.com.br\/2026\/09\/Garota-Country-Expofeira-2026.jpg\"><\/p>\n<figure class=\"wp-caption alignnone img-fluid\"><img decoding=\"async\" width=\"1081\" height=\"720\" src=\"http:\/\/noticiasbahia360.com.br\/wp-content\/uploads\/2026\/09\/Garota-Country-Expofeira-2026-1000x666-1.jpg\" class=\"aspect-16x9 lg:aspect-4x3 w-100 h-auto fit-cover\" alt=\"Garota Country Expofeira 2026\" title=\"Garota Country Expofeira 2026\" srcset=\"http:\/\/noticiasbahia360.com.br\/wp-content\/uploads\/2026\/09\/Garota-Country-Expofeira-2026-1000x666-1.jpg 1200w\" sizes=\"100vw\"><figcaption class=\"wp-caption-text\">Foto: Valdenir Lima\/Secom<\/figcaption><\/figure>\n<p>\t\t\t<\/a><br \/>\n\t\t\t\t\t\t<a data-fancybox=\"gallery_6a9dca31c0cff\" data-caption=\"Foto: Valdenir Lima\/Secom\" class=\"g-col-12 lg:g-col-6 d-flex w-100 h-auto no-styled position-relative seox-gallery-item gallery-image-688538\" href=\"https:\/\/uploads.acordacidade.com.br\/2026\/09\/EXPOFEIRA-2026-GAROTA-COUTRY-FOTO-VALDENIR-LIMA-245.jpg\"><\/p>\n<figure class=\"wp-caption alignnone img-fluid\"><img decoding=\"async\" width=\"1080\" height=\"720\" src=\"http:\/\/noticiasbahia360.com.br\/wp-content\/uploads\/2026\/09\/EXPOFEIRA-2026-GAROTA-COUTRY-FOTO-VALDENIR-LIMA-245-1000x667-1.jpg\" class=\"aspect-16x9 lg:aspect-4x3 w-100 h-auto fit-cover\" alt=\"Garota Country Expofeira 2026\" title=\"Garota Country Expofeira 2026\" srcset=\"http:\/\/noticiasbahia360.com.br\/wp-content\/uploads\/2026\/09\/EXPOFEIRA-2026-GAROTA-COUTRY-FOTO-VALDENIR-LIMA-245-1000x667-1.jpg 1200w\" sizes=\"100vw\"><figcaption class=\"wp-caption-text\">Foto: Valdenir Lima\/Secom<\/figcaption><\/figure>\n<p>\t\t\t<\/a>\n\t\t\t\t<\/div>\n<\/div>\n<h2 id=\"h-inicio-da-expofeira\" class=\"wp-block-heading\">In\u00edcio da Expofeira<\/h2>\n<p class=\"wp-block-paragraph\">A Expofeira 2026 come\u00e7ou neste domingo (6) e segue at\u00e9 o dia 13 de setembro.O evento est\u00e1 com uma grade recheada de atra\u00e7\u00f5es, como exposi\u00e7\u00f5es de bovinos, equinos e caprinos, shows musicais, espa\u00e7os para neg\u00f3cios, cursos de culin\u00e1ria, rodeios, campeonatos de Team Penning, espa\u00e7os gourmet, entre outras.<\/p>\n<p class=\"wp-block-paragraph\">Este ano, a organiza\u00e7\u00e3o da Expofeira recebeu um investimento em torno de R$ 5 milh\u00f5es, com a expectativa de receber uma m\u00e9dia de 400 mil visitantes. O evento contar\u00e1 com uma estrutura mais moderna, espa\u00e7os ampliados, shows musicais, apresenta\u00e7\u00f5es com animais e leil\u00f5es.<\/p>\n<h2 id=\"h-leia-mais\" class=\"wp-block-heading\">Leia mais:<\/h2>\n<p class=\"wp-block-paragraph\"><a href=\"https:\/\/www.acordacidade.com.br\/feira-de-santana\/vai-a-expofeira-2026-confira-este-guia-com-tudo-o-que-voce-precisa-saber-sobre-o-evento-em-feira-de-santana\/\" data-type=\"link\" data-id=\"https:\/\/www.acordacidade.com.br\/feira-de-santana\/vai-a-expofeira-2026-confira-este-guia-com-tudo-o-que-voce-precisa-saber-sobre-o-evento-em-feira-de-santana\/\">Vai \u00e0 Expofeira 2026? Veja tudo o que voc\u00ea precisa saber sobre o evento em Feira de Santana<br \/><\/a><\/p>\n<p class=\"wp-block-paragraph\"><a href=\"https:\/\/www.acordacidade.com.br\/feira-de-santana\/expofeira-tera-acesso-exclusivo-para-aplicativos-taxis-e-mototaxis-smt-prepara-mais-de-4-mil-vagas\/\">Expofeira ter\u00e1 acesso exclusivo para aplicativos, t\u00e1xis e motot\u00e1xis; SMT prepara mais de 4 mil vagas<\/a><\/p>\n<p class=\"wp-block-paragraph\"><a href=\"https:\/\/www.acordacidade.com.br\/feira-de-santana\/com-investimento-em-torno-de-r-5-milhoes-47a-expofeira-2026-espera-receber-uma-media-de-400-mil-visitantes\/\">Com investimento em torno de R$ 5 milh\u00f5es, 47\u00aa Expofeira 2026 espera receber uma m\u00e9dia de 400 mil visitantes<\/a><\/p>\n<p class=\"wp-block-paragraph\"><a href=\"https:\/\/www.acordacidade.com.br\/feira-de-santana\/expofeira-2026-acesso-ao-parque-sera-apenas-pela-noide-cerqueira-br-324-nao-tera-entrada-liberada\/\">Expofeira 2026: acesso ao Parque ser\u00e1 apenas pela Noide Cerqueira; BR-324 n\u00e3o ter\u00e1 entrada liberada<\/a><\/p>\n<p class=\"wp-block-paragraph\"><em>Siga o Acorda Cidade no\u00a0<\/em><a href=\"https:\/\/news.google.com\/search?q=acorda%20cidade&amp;hl=pt-BR&amp;gl=BR&amp;ceid=BR%3Apt-419\"><strong><em>Google Not\u00edcias<\/em><\/strong><\/a><em>\u00a0e receba os principais destaques do dia. Participe tamb\u00e9m dos nossos canais no\u00a0<\/em><a href=\"https:\/\/whatsapp.com\/channel\/0029Va6Rb4v3WHTNnsh8WI3N\"><strong><em>WhatsApp<\/em><\/strong><\/a><em>\u00a0e\u00a0<\/em><a href=\"https:\/\/www.youtube.com\/@acordacidadenoticias\/videos\"><strong>YouTube<\/strong><\/a><em>\u00a0e do grupo no\u00a0<\/em><a href=\"https:\/\/t.me\/+sSz0khrgARA0ZmRh\"><strong><em>Telegram<\/em><\/strong><\/a><em>.<\/em><\/p>\n<\/div>\n","protected":false},"excerpt":{"rendered":"<p>Foto: Valdenir Lima\/Secom Foi realizado na noite de s\u00e1bado (5) o concurso Garota Country da<\/p>\n","protected":false},"author":1,"featured_media":149101,"comment_status":"closed","ping_status":"closed","sticky":false,"template":"","format":"gallery","meta":{"footnotes":""},"categories":[8,9,6,57,56,10],"tags":[],"class_list":["post-149100","post","type-post","status-publish","format-gallery","has-post-thumbnail","hentry","category-bahia","category-brasil","category-feira-de-santana","category-mundo","category-policia","category-politica","post_format-post-format-gallery"],"featured_image_urls":{"full":["https:\/\/noticiasbahia360.com.br\/wp-content\/uploads\/2026\/09\/EXPOFEIRA-2026-GAROTA-COUTRY-FOTO-VALDENIR-LIMA-177.jpg",1200,800,false],"thumbnail":["https:\/\/noticiasbahia360.com.br\/wp-content\/uploads\/2026\/09\/EXPOFEIRA-2026-GAROTA-COUTRY-FOTO-VALDENIR-LIMA-177-150x150.jpg",150,150,true],"medium":["https:\/\/noticiasbahia360.com.br\/wp-content\/uploads\/2026\/09\/EXPOFEIRA-2026-GAROTA-COUTRY-FOTO-VALDENIR-LIMA-177-300x200.jpg",300,200,true],"medium_large":["https:\/\/noticiasbahia360.com.br\/wp-content\/uploads\/2026\/09\/EXPOFEIRA-2026-GAROTA-COUTRY-FOTO-VALDENIR-LIMA-177-768x512.jpg",640,427,true],"large":["https:\/\/noticiasbahia360.com.br\/wp-content\/uploads\/2026\/09\/EXPOFEIRA-2026-GAROTA-COUTRY-FOTO-VALDENIR-LIMA-177-1024x683.jpg",640,427,true],"1536x1536":["https:\/\/noticiasbahia360.com.br\/wp-content\/uploads\/2026\/09\/EXPOFEIRA-2026-GAROTA-COUTRY-FOTO-VALDENIR-LIMA-177.jpg",1200,800,false],"2048x2048":["https:\/\/noticiasbahia360.com.br\/wp-content\/uploads\/2026\/09\/EXPOFEIRA-2026-GAROTA-COUTRY-FOTO-VALDENIR-LIMA-177.jpg",1200,800,false],"chromenews-featured":["https:\/\/noticiasbahia360.com.br\/wp-content\/uploads\/2026\/09\/EXPOFEIRA-2026-GAROTA-COUTRY-FOTO-VALDENIR-LIMA-177-1024x683.jpg",1024,683,true],"chromenews-large":["https:\/\/noticiasbahia360.com.br\/wp-content\/uploads\/2026\/09\/EXPOFEIRA-2026-GAROTA-COUTRY-FOTO-VALDENIR-LIMA-177-825x575.jpg",825,575,true],"chromenews-medium":["https:\/\/noticiasbahia360.com.br\/wp-content\/uploads\/2026\/09\/EXPOFEIRA-2026-GAROTA-COUTRY-FOTO-VALDENIR-LIMA-177-590x410.jpg",590,410,true]},"author_info":{"display_name":"noticiasbahia360.com.br","author_link":"https:\/\/noticiasbahia360.com.br\/?author=1"},"category_info":"<a href=\"https:\/\/noticiasbahia360.com.br\/?cat=8\" rel=\"category\">Bahia<\/a> <a href=\"https:\/\/noticiasbahia360.com.br\/?cat=9\" rel=\"category\">Brasil<\/a> <a href=\"https:\/\/noticiasbahia360.com.br\/?cat=6\" rel=\"category\">Feira de Santana<\/a> <a href=\"https:\/\/noticiasbahia360.com.br\/?cat=57\" rel=\"category\">Mundo<\/a> <a href=\"https:\/\/noticiasbahia360.com.br\/?cat=56\" rel=\"category\">Pol\u00edcia<\/a> <a href=\"https:\/\/noticiasbahia360.com.br\/?cat=10\" rel=\"category\">Pol\u00edtica<\/a>","tag_info":"Pol\u00edtica","comment_count":"0","_links":{"self":[{"href":"https:\/\/noticiasbahia360.com.br\/index.php?rest_route=\/wp\/v2\/posts\/149100","targetHints":{"allow":["GET"]}}],"collection":[{"href":"https:\/\/noticiasbahia360.com.br\/index.php?rest_route=\/wp\/v2\/posts"}],"about":[{"href":"https:\/\/noticiasbahia360.com.br\/index.php?rest_route=\/wp\/v2\/types\/post"}],"author":[{"embeddable":true,"href":"https:\/\/noticiasbahia360.com.br\/index.php?rest_route=\/wp\/v2\/users\/1"}],"replies":[{"embeddable":true,"href":"https:\/\/noticiasbahia360.com.br\/index.php?rest_route=%2Fwp%2Fv2%2Fcomments&post=149100"}],"version-history":[{"count":0,"href":"https:\/\/noticiasbahia360.com.br\/index.php?rest_route=\/wp\/v2\/posts\/149100\/revisions"}],"wp:featuredmedia":[{"embeddable":true,"href":"https:\/\/noticiasbahia360.com.br\/index.php?rest_route=\/wp\/v2\/media\/149101"}],"wp:attachment":[{"href":"https:\/\/noticiasbahia360.com.br\/index.php?rest_route=%2Fwp%2Fv2%2Fmedia&parent=149100"}],"wp:term":[{"taxonomy":"category","embeddable":true,"href":"https:\/\/noticiasbahia360.com.br\/index.php?rest_route=%2Fwp%2Fv2%2Fcategories&post=149100"},{"taxonomy":"post_tag","embeddable":true,"href":"https:\/\/noticiasbahia360.com.br\/index.php?rest_route=%2Fwp%2Fv2%2Ftags&post=149100"}],"curies":[{"name":"wp","href":"https:\/\/api.w.org\/{rel}","templated":true}]}}