{"id":149106,"date":"2026-09-06T19:00:25","date_gmt":"2026-09-06T22:00:25","guid":{"rendered":"https:\/\/noticiasbahia360.com.br\/?p=149106"},"modified":"2026-09-06T19:00:25","modified_gmt":"2026-09-06T22:00:25","slug":"flamengo-vence-o-remo-no-mangueirao-e-assume-a-lideranca-provisoria-do-brasileirao","status":"publish","type":"post","link":"https:\/\/noticiasbahia360.com.br\/?p=149106","title":{"rendered":"Flamengo vence o Remo no Mangueir\u00e3o e assume a lideran\u00e7a provis\u00f3ria do Brasileir\u00e3o"},"content":{"rendered":"<div>\n<div>\n<figure><img decoding=\"async\" src=\"http:\/\/noticiasbahia360.com.br\/wp-content\/uploads\/2026\/09\/Flamengo-vence-o-Remo.jpg\" alt=\"Flamengo vence o Remo\"><figcaption>Foto: Divulga\u00e7\u00e3o\/ Flamengo<\/figcaption><\/figure>\n<\/div>\n<p class=\"wp-block-paragraph\">Ag\u00eancia Brasil \u2013 O Flamengo assumiu \u2013 por enquanto, de forma provis\u00f3ria \u2013 a lideran\u00e7a do Campeonato Brasileiro. Na tarde deste domingo (6), debaixo de muita chuva, o Rubro-Negro superou o Remo por 1 a 0 no Mangueir\u00e3o, em Bel\u00e9m, pela 26\u00aa rodada da competi\u00e7\u00e3o.<\/p>\n<p class=\"wp-block-paragraph\">A terceira derrota seguida, por sua vez, mant\u00e9m o Le\u00e3o Azul com 23 pontos, no 19\u00ba e pen\u00faltimo lugar do Brasileir\u00e3o.\u00a0A equipe paraense est\u00e1 na zona de rebaixamento, que re\u00fane as quatro piores campanhas da competi\u00e7\u00e3o, o chamado Z-4.<\/p>\n<p class=\"wp-block-paragraph\">O primeiro tempo foi de imposi\u00e7\u00e3o do Flamengo no campo de ataque, por vezes com o Remo se colocando com os dez jogadores de linha na defesa. Aos quatro minutos, Pedro recebeu do tamb\u00e9m atacante Samuel Lino na esquerda e cruzou rasteiro. O meia Jorge Carrascal apareceu para concluir na pequena \u00e1rea, mas a bola foi por cima.<\/p>\n<p class=\"wp-block-paragraph\">O Le\u00e3o Azul teve grande oportunidade aos 26. Quase na meia-lua, o volante Patrick acionou Gabriel Taliari na direita. O zagueiro L\u00e9o Pereira escorregou e o atacante ficou na frente do goleiro Agust\u00edn Rossi, mas demorou para agir e foi desarmado. No contra-ataque, Samuel Lino recebeu na entrada da \u00e1rea e chutou no cantinho esquerdo, obrigando o goleiro Marcelo Rangel a se esticar para defender.<\/p>\n<p class=\"wp-block-paragraph\">Antes do intervalo, o Remo esbo\u00e7ou uma press\u00e3o e quase abriu o marcador aos 44 minutos. O lateral Marcelinho cruzou pela direita e Gabriel Taliari cabeceou livre de marca\u00e7\u00e3o, mas Rossi salvou o Flamengo.<\/p>\n<p class=\"wp-block-paragraph\">No segundo tempo, o Rubro-Negro assustou duas vezes em quatro minutos. Aos tr\u00eas, Samuel Lino dominou na entrada da \u00e1rea e finalizou no canto direito, acertando o p\u00e9 da trave. No ataque seguinte, o lateral Ayrton Lucas cruzou pela esquerda, Pedro concluiu e Marcelo Rangel fez uma grande interven\u00e7\u00e3o.<\/p>\n<p class=\"wp-block-paragraph\">O goleiro do Remo brilhou novamente aos dez minutos. Ap\u00f3s cruzamento rasteiro de Ayrton Lucas, Pedro apareceu nas costas da marca\u00e7\u00e3o e desviou quase debaixo do travess\u00e3o, mas o arqueiro conseguiu bloquear o chute do camisa 9.<\/p>\n<p class=\"wp-block-paragraph\">A insist\u00eancia do Flamengo acabou recompensada aos 19. O meia Giorgian de Arrascaeta, desde a meia-lua, encontrou Samuel Lino, que entrou na \u00e1rea e chutou de biquinho no canto esquerdo, enfim levando a melhor na disputa com Marcelo Rangel.<\/p>\n<p class=\"wp-block-paragraph\">Com a intermin\u00e1vel chuva em Bel\u00e9m, o gramado, aos poucos, foi ficando mais pesado, dificultando a movimenta\u00e7\u00e3o a troca de passes. O Remo, precisando buscar ao menos um empate, pressionou atr\u00e1s do gol, mas o placar n\u00e3o se alterou no Mangueir\u00e3o.<\/p>\n<h2 id=\"h-santos-afunda-inter\" class=\"wp-block-heading\">Santos afunda Inter<\/h2>\n<p class=\"wp-block-paragraph\">Mais dois jogos movimentaram a tarde de domingo. No Beira-Rio, em Porto Alegre, o Santos venceu o Internacional por 3 a 2, respirando na luta contra o rebaixamento e deixando o Colorado em situa\u00e7\u00e3o cada vez mais delicada.<\/p>\n<p class=\"wp-block-paragraph\">O Peixe saiu na frente aos sete minutos, com Gabriel Barbosa. O atacante aproveitou uma pisada na bola do zagueiro F\u00e9lix Torres quase no meio de campo para correr em dire\u00e7\u00e3o \u00e0 \u00e1rea e abrir o placar.<\/p>\n<p class=\"wp-block-paragraph\">O pr\u00f3prio Gabigol ampliou aos 28, em p\u00eanalti de Matheus Bahia em cima do camisa 9 santista. O lateral foi expulso. Dez minutos depois, o meia Benjamin Rollheiser cruzou pela esquerda e o volante Christian Oliva fez o terceiro, de cabe\u00e7a.<\/p>\n<p class=\"wp-block-paragraph\">O Inter tentou reagir na volta para o segundo tempo. Aos dois minutos, o lateral Braian Aguirre arriscou de longe e acertou o \u00e2ngulo do goleiro Gabriel Braz\u00e3o, descontando a vantagem santista.\u00a0<\/p>\n<p class=\"wp-block-paragraph\">No fim do jogo, aos 44 minutos, o meia Miguelito cometeu p\u00eanalti em cima do atacante Vitinho. O volante Bruno Henrique mandou para as redes e manteve o time ga\u00facho vivo na partida, mas sem conseguir chegar ao empate.<\/p>\n<p class=\"wp-block-paragraph\">Com 32 pontos, o Santos se distanciou de vez do Z-4, abrindo sete pontos para o pr\u00f3prio Internacional, que ocupa a 18\u00aa e antepen\u00faltima posi\u00e7\u00e3o. O Colorado soma os mesmos 25 pontos do Vasco, mas o Gigante da Colina tem uma vit\u00f3ria a mais e fica \u00e0 frente, em 17\u00ba, abrindo a zona de rebaixamento.<\/p>\n<h2 id=\"h-cruzeiro-cola-no-g-5\" class=\"wp-block-heading\">Cruzeiro cola no G-5<\/h2>\n<p class=\"wp-block-paragraph\">No Mineir\u00e3o, em Belo Horizonte, o Cruzeiro levou a melhor sobre o Athletico-PR e ganhou por 2 a 1. A Raposa foi a 42 pontos, na sexta posi\u00e7\u00e3o, e se mant\u00e9m na cola do G-5, como \u00e9 chamado o grupo de times que est\u00e3o se classificando para a Libertadores, que engloba os cinco primeiros colocados. O Furac\u00e3o, com 45 pontos, \u00e9 o terceiro.<\/p>\n<p class=\"wp-block-paragraph\">Aos 29 minutos do primeiro tempo, Gerson cruzou pela esquerda e o tamb\u00e9m meia Matheus Pereira escorou para as redes, colocando o Cruzeiro \u00e0 frente. Os mineiros marcaram de novo aos 42, com o volante Matheus Henrique, mas o gol foi anulado com aux\u00edlio do \u00e1rbitro de v\u00eddeo (VAR), ap\u00f3s dois minutos de verifica\u00e7\u00e3o. Gerson, que participou do lance, estava impedido.<\/p>\n<p class=\"wp-block-paragraph\">A resposta do Athletico-PR foi imediata. Aos 45, o meia Jo\u00e3o Cruz recebeu na esquerda, pr\u00f3ximo ao bico da grande \u00e1rea, e bateu com categoria. A bola foi quase no \u00e2ngulo, sem chances para defesa do goleiro Ot\u00e1vio.<\/p>\n<p class=\"wp-block-paragraph\">Nos acr\u00e9scimos da etapa inicial, Matheus Pereira estava com um dos p\u00e9s na \u00e1rea ao ser derrubado pelo zagueiro Luiz Gustavo. Com participa\u00e7\u00e3o do VAR, o p\u00eanalti foi marcado e o pr\u00f3prio meia cobrou, mas o goleiro Mycael fez a defesa no canto direito.<\/p>\n<p class=\"wp-block-paragraph\">No segundo tempo, o Cruzeiro retomou a dianteira aos 25 minutos, com Lucas Romero. Marcado pelo zagueiro Juan Aguirre, Matheus Pereira foi acionado por Gerson e fez o passe de primeira para Lucas Romero. O volante invadiu a \u00e1rea e mandou no canto direito de Mycael.<\/p>\n<p class=\"wp-block-paragraph\">O terceiro saiu aos 36, em novo p\u00eanalti favor\u00e1vel \u00e0 Raposa, desta vez cometido por Mycael em cima de Kaio Jorge. O pr\u00f3prio atacante foi para a cobran\u00e7a e converteu, mandando no canto direito do goleiro rubro-negro, dando n\u00fameros finais ao duelo.<\/p>\n<p class=\"wp-block-paragraph\"><em>Siga o Acorda Cidade no\u00a0<\/em><a href=\"https:\/\/news.google.com\/search?q=acorda%20cidade&amp;hl=pt-BR&amp;gl=BR&amp;ceid=BR%3Apt-419\"><strong><em>Google Not\u00edcias<\/em><\/strong><\/a><em>\u00a0e receba os principais destaques do dia. Participe tamb\u00e9m dos nossos canais no\u00a0<\/em><a href=\"https:\/\/whatsapp.com\/channel\/0029Va6Rb4v3WHTNnsh8WI3N\"><strong><em>WhatsApp<\/em><\/strong><\/a><em>\u00a0e\u00a0<\/em><a href=\"https:\/\/www.youtube.com\/@acordacidadenoticias\/videos\"><strong>YouTube<\/strong><\/a><em>\u00a0e do grupo no\u00a0<\/em><a href=\"https:\/\/t.me\/+sSz0khrgARA0ZmRh\"><strong><em>Telegram<\/em><\/strong><\/a><em>.<\/em><\/p>\n<\/div>\n","protected":false},"excerpt":{"rendered":"<p>Foto: Divulga\u00e7\u00e3o\/ Flamengo Ag\u00eancia Brasil \u2013 O Flamengo assumiu \u2013 por enquanto, de forma provis\u00f3ria<\/p>\n","protected":false},"author":1,"featured_media":149107,"comment_status":"closed","ping_status":"closed","sticky":false,"template":"","format":"gallery","meta":{"footnotes":""},"categories":[8,9,6,57,56,10],"tags":[],"class_list":["post-149106","post","type-post","status-publish","format-gallery","has-post-thumbnail","hentry","category-bahia","category-brasil","category-feira-de-santana","category-mundo","category-policia","category-politica","post_format-post-format-gallery"],"featured_image_urls":{"full":["https:\/\/noticiasbahia360.com.br\/wp-content\/uploads\/2026\/09\/Flamengo-vence-o-Remo.jpg",1200,878,false],"thumbnail":["https:\/\/noticiasbahia360.com.br\/wp-content\/uploads\/2026\/09\/Flamengo-vence-o-Remo-150x150.jpg",150,150,true],"medium":["https:\/\/noticiasbahia360.com.br\/wp-content\/uploads\/2026\/09\/Flamengo-vence-o-Remo-300x220.jpg",300,220,true],"medium_large":["https:\/\/noticiasbahia360.com.br\/wp-content\/uploads\/2026\/09\/Flamengo-vence-o-Remo-768x562.jpg",640,468,true],"large":["https:\/\/noticiasbahia360.com.br\/wp-content\/uploads\/2026\/09\/Flamengo-vence-o-Remo-1024x749.jpg",640,468,true],"1536x1536":["https:\/\/noticiasbahia360.com.br\/wp-content\/uploads\/2026\/09\/Flamengo-vence-o-Remo.jpg",1200,878,false],"2048x2048":["https:\/\/noticiasbahia360.com.br\/wp-content\/uploads\/2026\/09\/Flamengo-vence-o-Remo.jpg",1200,878,false],"chromenews-featured":["https:\/\/noticiasbahia360.com.br\/wp-content\/uploads\/2026\/09\/Flamengo-vence-o-Remo-1024x749.jpg",1024,749,true],"chromenews-large":["https:\/\/noticiasbahia360.com.br\/wp-content\/uploads\/2026\/09\/Flamengo-vence-o-Remo-825x575.jpg",825,575,true],"chromenews-medium":["https:\/\/noticiasbahia360.com.br\/wp-content\/uploads\/2026\/09\/Flamengo-vence-o-Remo-590x410.jpg",590,410,true]},"author_info":{"display_name":"noticiasbahia360.com.br","author_link":"https:\/\/noticiasbahia360.com.br\/?author=1"},"category_info":"<a href=\"https:\/\/noticiasbahia360.com.br\/?cat=8\" rel=\"category\">Bahia<\/a> <a href=\"https:\/\/noticiasbahia360.com.br\/?cat=9\" rel=\"category\">Brasil<\/a> <a href=\"https:\/\/noticiasbahia360.com.br\/?cat=6\" rel=\"category\">Feira de Santana<\/a> <a href=\"https:\/\/noticiasbahia360.com.br\/?cat=57\" rel=\"category\">Mundo<\/a> <a href=\"https:\/\/noticiasbahia360.com.br\/?cat=56\" rel=\"category\">Pol\u00edcia<\/a> <a href=\"https:\/\/noticiasbahia360.com.br\/?cat=10\" rel=\"category\">Pol\u00edtica<\/a>","tag_info":"Pol\u00edtica","comment_count":"0","_links":{"self":[{"href":"https:\/\/noticiasbahia360.com.br\/index.php?rest_route=\/wp\/v2\/posts\/149106","targetHints":{"allow":["GET"]}}],"collection":[{"href":"https:\/\/noticiasbahia360.com.br\/index.php?rest_route=\/wp\/v2\/posts"}],"about":[{"href":"https:\/\/noticiasbahia360.com.br\/index.php?rest_route=\/wp\/v2\/types\/post"}],"author":[{"embeddable":true,"href":"https:\/\/noticiasbahia360.com.br\/index.php?rest_route=\/wp\/v2\/users\/1"}],"replies":[{"embeddable":true,"href":"https:\/\/noticiasbahia360.com.br\/index.php?rest_route=%2Fwp%2Fv2%2Fcomments&post=149106"}],"version-history":[{"count":0,"href":"https:\/\/noticiasbahia360.com.br\/index.php?rest_route=\/wp\/v2\/posts\/149106\/revisions"}],"wp:featuredmedia":[{"embeddable":true,"href":"https:\/\/noticiasbahia360.com.br\/index.php?rest_route=\/wp\/v2\/media\/149107"}],"wp:attachment":[{"href":"https:\/\/noticiasbahia360.com.br\/index.php?rest_route=%2Fwp%2Fv2%2Fmedia&parent=149106"}],"wp:term":[{"taxonomy":"category","embeddable":true,"href":"https:\/\/noticiasbahia360.com.br\/index.php?rest_route=%2Fwp%2Fv2%2Fcategories&post=149106"},{"taxonomy":"post_tag","embeddable":true,"href":"https:\/\/noticiasbahia360.com.br\/index.php?rest_route=%2Fwp%2Fv2%2Ftags&post=149106"}],"curies":[{"name":"wp","href":"https:\/\/api.w.org\/{rel}","templated":true}]}}