{"id":1531,"date":"2023-10-17T21:54:56","date_gmt":"2023-10-18T00:54:56","guid":{"rendered":"https:\/\/noticiasbahia360.com.br\/?p=1531"},"modified":"2023-10-17T21:54:56","modified_gmt":"2023-10-18T00:54:56","slug":"medica-alerta-para-importancia-da-doacao-de-medula-ossea","status":"publish","type":"post","link":"https:\/\/noticiasbahia360.com.br\/?p=1531","title":{"rendered":"M\u00e9dica alerta para import\u00e2ncia da doa\u00e7\u00e3o de medula \u00f3ssea"},"content":{"rendered":"<div>\n<figure class=\"wp-block-image size-full is-resized\"><img loading=\"lazy\" decoding=\"async\" loading=\"lazy\" width=\"640\" height=\"426\" src=\"http:\/\/noticiasbahia360.com.br\/wp-content\/uploads\/2023\/10\/doe-orgaos-ft-jcomp-pixabay-640x350-1.jpg\" alt=\"\" class=\"wp-image-316908\" style=\"width:842px;height:560px\" srcset=\"https:\/\/imagens.acordacidade.com.br\/wp-content\/uploads\/2023\/09\/05161932\/doe-orgaos-ft-jcomp-pixabay-300x200.jpg 300w, http:\/\/noticiasbahia360.com.br\/wp-content\/uploads\/2023\/10\/doe-orgaos-ft-jcomp-pixabay-640x350-1.jpg 640w\" sizes=\"auto, (max-width: 640px) 100vw, 640px\"><figcaption class=\"wp-element-caption\">Foto: Jcomp\/Pixabay <\/figcaption><\/figure>\n<p>A principal raz\u00e3o pela qual a doa\u00e7\u00e3o de medula \u00f3ssea \u00e9 crucial \u00e9 a capacidade de salvar vidas. Pacientes com doen\u00e7as graves do sangue que n\u00e3o respondem a outros tratamentos frequentemente precisam de um transplante de medula \u00f3ssea para ter uma chance de sobreviv\u00eancia. Doadores compat\u00edveis s\u00e3o a chave para fornecer uma nova esperan\u00e7a a essas pessoas.<\/p>\n<p>Para registrar a import\u00e2ncia da doa\u00e7\u00e3o de \u00f3rg\u00e3os, o Acorda Cidade conversou com biom\u00e9dica, Marilene Souza, que esclareceu mais detalhes sobre o assunto.<\/p>\n<p>\u201cA medula \u00f3ssea \u00e9 o \u00f3rg\u00e3o respons\u00e1vel pela produ\u00e7\u00e3o das c\u00e9lulas sangu\u00edneas. Ela fica em osso extremo no osso da bacia mais precisamente no osso externo e n\u00e3o fica na medula \u00f3ssea espinhal que muita gente tamb\u00e9m deixa de doar porque acha que ela vai ficar na medula \u00f3ssea espinhal que \u00e9 aquela medula de sustenta\u00e7\u00e3o da nossa massas \u00f3ssea\u201d, disse.<\/p>\n<figure class=\"wp-block-image size-full is-resized\"><img loading=\"lazy\" decoding=\"async\" loading=\"lazy\" width=\"640\" height=\"379\" src=\"http:\/\/noticiasbahia360.com.br\/wp-content\/uploads\/2023\/10\/Dr-Marilene-Souza-640x350-1.jpg\" alt=\"\" class=\"wp-image-316910\" style=\"width:843px;height:500px\" srcset=\"https:\/\/imagens.acordacidade.com.br\/wp-content\/uploads\/2023\/09\/05161938\/Dr-Marilene-Souza-300x178.jpg 300w, http:\/\/noticiasbahia360.com.br\/wp-content\/uploads\/2023\/10\/Dr-Marilene-Souza-640x350-1.jpg 640w\" sizes=\"auto, (max-width: 640px) 100vw, 640px\"><figcaption class=\"wp-element-caption\">Foto: Paulo Jos\u00e9\/Acorda Cidade<\/figcaption><\/figure>\n<p>A doutora explica que h\u00e1 muitas doen\u00e7as que podem ser erradicadas atrav\u00e9s do transplante da medula.\u00a0<\/p>\n<p>\u201cTodas as doen\u00e7as hematol\u00f3gicas de base, leucemia, mieloma, a pr\u00f3pria anemia falciforme que \u00e9 uma doen\u00e7a gen\u00e9tica onde o paciente ele s\u00f3 tem a cura da doen\u00e7a quando ele faz a substitui\u00e7\u00e3o da medula, ent\u00e3o basicamente s\u00e3o essas doen\u00e7as que requer um transplante de medula \u00f3ssea. A aplasia de medula tamb\u00e9m\u201d, explicou.\u00a0<\/p>\n<p>A sele\u00e7\u00e3o de doadores compat\u00edveis \u00e9 realizada atrav\u00e9s da candidatura do doador. Marilene pontua que devem ser pessoas entre 18 a 30 anos que estejam em um bom estado de sa\u00fade e que n\u00e3o tenham nenhuma doen\u00e7a hematol\u00f3gica.\u00a0\u00a0\u00a0<\/p>\n<p>\u201cEle vai fazer um cadastro, vai ser feito o perfil hematol\u00f3gico desse candidato \u00e0 ado\u00e7\u00e3o. Nesse perfil hematol\u00f3gico, um dos exames que s\u00e3o realizados \u00e9 a pesquisa de anticorpos contra as leuc\u00f3citos. Fez o perfil imuno-hematol\u00f3gico a gente vai fazer um confronto com Redome (Registro Brasileiro de Doadores de Medula \u00d3ssea) que s\u00e3o essas pessoas que aguardam o transplante verificando o n\u00edvel de compatibilidade, essa pessoa vai passar por outras fases. Ent\u00e3o basicamente voc\u00ea vem, faz um cadastro, vai coletar cinco MLs de sangue, a gente vai tra\u00e7ar esse perfil imuno-hematol\u00f3gico com quem precisa. Se tiver compatibilidade, a gente vai passar por outra etapa desse processo\u201d, explicou.\u00a0<\/p>\n<figure class=\"wp-block-image size-full is-resized\"><img loading=\"lazy\" decoding=\"async\" loading=\"lazy\" width=\"626\" height=\"327\" src=\"http:\/\/noticiasbahia360.com.br\/wp-content\/uploads\/2023\/10\/medula-ossea-freepik.jpg\" alt=\"\" class=\"wp-image-316907\" style=\"width:841px;height:439px\" srcset=\"https:\/\/imagens.acordacidade.com.br\/wp-content\/uploads\/2023\/09\/05161930\/medula-ossea-freepik-300x157.jpg 300w, http:\/\/noticiasbahia360.com.br\/wp-content\/uploads\/2023\/10\/medula-ossea-freepik.jpg 626w\" sizes=\"auto, (max-width: 626px) 100vw, 626px\"><figcaption class=\"wp-element-caption\">Foto: Freepik <\/figcaption><\/figure>\n<p>Segundo a biom\u00e9dica, o processo de transplante de medula \u00f3ssea \u00e9 demorado porque a cada cem mil pessoas que precisam, h\u00e1 apenas um doador. Ela explica o porqu\u00ea da estat\u00edstica.\u00a0<\/p>\n<p>\u201cNossa popula\u00e7\u00e3o n\u00e3o \u00e9 uma popula\u00e7\u00e3o pura. Ent\u00e3o por conta da miscigena\u00e7\u00e3o n\u00f3s somos todos misturados preto, branco, pardo, amarelo, \u00edndio e com isso dificulta muito essa quest\u00e3o da compatibilidade. Por isso que \u00e9 t\u00e3o dif\u00edcil. S\u00f3 que a gente consegue inverter essa dificuldade quando a gente aumenta o banco de dados, aumentando a probabilidade de ter uma pessoa compat\u00edvel\u201d, disse a especialista ao Acorda Cidade.\u00a0<\/p>\n<p>\u00c9 comprovado pelos m\u00e9dicos que doar parte da medula n\u00e3o traz comprometimento \u00e0 sa\u00fade do doador. Marilene explica que no geral o procedimento n\u00e3o d\u00f3i, pois o paciente doador est\u00e1 sob efeito de anestesia. Ela esclarece como acontece os pr\u00f3ximos passos ap\u00f3s a comprova\u00e7\u00e3o de compatibilidade, para enfim haver o transplante.\u00a0<\/p>\n<p>\u201cVoc\u00ea vai fazer uma anestesia tipo hacker e isso depende muito da decis\u00e3o cl\u00ednica, ou seja, do m\u00e9dico que est\u00e1 acompanhando o paciente que vai receber essa medula. E se ele for fazer do m\u00e9todo convencional, vai puncionar por dez a quinze vezes o osso da bacia. Vamos retirar cerca de dez a quinze MLs de medula \u00f3ssea e \u00e9 isso que vai ser transplantado. D\u00f3i, mas \u00e9 tudo anestesiado, com vinte e quatro horas, voc\u00ea \u00e9 liberado do hospital e com sete a dez dias sua medula est\u00e1 intacta, e se voc\u00ea conseguir outra pessoa para doar, voc\u00ea pode doar novamente\u201d, declarou.<\/p>\n<p>Ainda segundo a biom\u00e9dica, os efeitos colaterais e os riscos que podem ocorrer durante o processo seria uma rea\u00e7\u00e3o al\u00e9rgica contra a anestesia.\u00a0<\/p>\n<p>\u201cVoc\u00ea vai ter essa rea\u00e7\u00e3o s\u00f3 porque voc\u00ea vai doar a medula? N\u00e3o, porque se voc\u00ea for fazer qualquer tipo de cirurgia vai se submeter a uma rea\u00e7\u00e3o p\u00f3s-anestesia. Ent\u00e3o o \u00fanico risco \u00e9 a rea\u00e7\u00e3o p\u00f3s-anestesia. Mas, do processo nenhum\u201d, explicou.<\/p>\n<p>Marilene refor\u00e7a que ser um doador de medula nunca ser\u00e1 motivo para desenvolver uma doen\u00e7a hematol\u00f3gica. As c\u00e9lulas s\u00e3o auto-renov\u00e1veis e levam de sete a dez dias para estarem intactas ao que era antes.\u00a0<\/p>\n<figure class=\"wp-block-image size-full is-resized\"><img loading=\"lazy\" decoding=\"async\" loading=\"lazy\" width=\"640\" height=\"331\" src=\"http:\/\/noticiasbahia360.com.br\/wp-content\/uploads\/2023\/10\/Dr-Marilene-Souza1.jpg\" alt=\"\" class=\"wp-image-316909\" style=\"width:841px;height:435px\" srcset=\"https:\/\/imagens.acordacidade.com.br\/wp-content\/uploads\/2023\/09\/05161935\/Dr-Marilene-Souza1-300x155.jpg 300w, http:\/\/noticiasbahia360.com.br\/wp-content\/uploads\/2023\/10\/Dr-Marilene-Souza1.jpg 640w\" sizes=\"auto, (max-width: 640px) 100vw, 640px\"><figcaption class=\"wp-element-caption\">Foto: Paulo Jos\u00e9\/Acorda Cidade<\/figcaption><\/figure>\n<p>Para quem deseja doar e para quem j\u00e1 se cadastrou como doador de medula \u00f3ssea \u00e9 importante lembrar que, a atualiza\u00e7\u00e3o dos dados do Redome, que registra os poss\u00edveis doadores volunt\u00e1rios no Brasil, \u00e9 imprescind\u00edvel, pois atrav\u00e9s dele que o acompanhamento entre o doador e o receptor da doa\u00e7\u00e3o acontece. Marilene ainda acrescenta que os dados podem ser transmitidos para bancos de outros pa\u00edses.\u00a0<\/p>\n<p>\u201cFez esse processo \u00e9 tudo muito simples s\u00f3 \u00e9 acompanhar no site do INCA (Instituto Nacional de C\u00e2ncer), voc\u00ea for convocado, o SUS ele arca com todas as despesas ou seja se voc\u00ea aqui do Brasil for compat\u00edvel com algu\u00e9m de outro pa\u00eds o SOS ele tem uma reserva de renda para arcar com todo esse processo. Porque a princ\u00edpio os seus dados v\u00e3o ser disponibilizados para o Banco Nacional, mas se voc\u00ea n\u00e3o for compat\u00edvel com ningu\u00e9m aqui no pa\u00eds, eles disponibilizam esses dados para outros pa\u00edses. De repente voc\u00ea n\u00e3o \u00e9 compat\u00edvel com algu\u00e9m do seu pa\u00eds e \u00e9 compat\u00edvel com algu\u00e9m de outros pa\u00edses voc\u00ea n\u00e3o tem custo nenhum com isso, voc\u00ea s\u00f3 vai salvar vida porque a sua medula ela est\u00e1 se autorrenovando e quem precisa, necessita de uma substitui\u00e7\u00e3o\u201d, finalizou.\u00a0<\/p>\n<p><em>Com informa\u00e7\u00f5es do rep\u00f3rter Paulo Jos\u00e9 do Acorda Cidade <\/em><\/p>\n<p><em>Siga o Acorda Cidade no<a href=\"https:\/\/news.google.com\/search?q=acorda%20cidade&amp;hl=pt-BR&amp;gl=BR&amp;ceid=BR%3Apt-419\" target=\"_blank\" rel=\"noreferrer noopener\">\u00a0Google Not\u00edcias<\/a>\u00a0e receba os principais destaques do dia.\u00a0Participe tamb\u00e9m dos nossos grupos no\u00a0<a href=\"https:\/\/chat.whatsapp.com\/Fj2agnR6CdwLEb9Uqew8QI\" target=\"_blank\" rel=\"noreferrer noopener\">WhatsApp<\/a>\u00a0e\u00a0<a href=\"https:\/\/t.me\/+sSz0khrgARA0ZmRh\" target=\"_blank\" rel=\"noreferrer noopener\">Telegram<\/a><\/em><\/p>\n<p>The post <a rel=\"nofollow\" href=\"https:\/\/www.acordacidade.com.br\/noticias\/saude\/medica-alerta-para-importancia-da-doacao-de-medula-ossea\/\">M\u00e9dica alerta para import\u00e2ncia da doa\u00e7\u00e3o de medula \u00f3ssea<\/a> appeared first on <a rel=\"nofollow\" href=\"https:\/\/www.acordacidade.com.br\/\">Acorda Cidade &#8211; Portal de not\u00edcias de Feira de Santana<\/a>.<\/p>\n<\/div>\n","protected":false},"excerpt":{"rendered":"<div>\n<p>Segundo a biom\u00e9dica, o processo de transplante de medula \u00f3ssea \u00e9 demorado porque a cada cem mil pessoas que precisam, h\u00e1 apenas um doador.<\/p>\n<p>The post <a rel=\"nofollow\" href=\"https:\/\/www.acordacidade.com.br\/noticias\/saude\/medica-alerta-para-importancia-da-doacao-de-medula-ossea\/\">M\u00e9dica alerta para import\u00e2ncia da doa\u00e7\u00e3o de medula \u00f3ssea<\/a> appeared first on <a rel=\"nofollow\" href=\"https:\/\/www.acordacidade.com.br\/\">Acorda Cidade &#8211; Portal de not\u00edcias de Feira de Santana<\/a>.<\/p>\n<\/div>\n","protected":false},"author":1,"featured_media":1532,"comment_status":"closed","ping_status":"closed","sticky":false,"template":"","format":"standard","meta":{"footnotes":""},"categories":[8,9,6,57,56,10],"tags":[],"class_list":["post-1531","post","type-post","status-publish","format-standard","has-post-thumbnail","hentry","category-bahia","category-brasil","category-feira-de-santana","category-mundo","category-policia","category-politica"],"featured_image_urls":{"full":["https:\/\/noticiasbahia360.com.br\/wp-content\/uploads\/2023\/10\/doe-orgaos-ft-jcomp-pixabay-640x350-1.jpg",640,350,false],"thumbnail":["https:\/\/noticiasbahia360.com.br\/wp-content\/uploads\/2023\/10\/doe-orgaos-ft-jcomp-pixabay-640x350-1-150x150.jpg",150,150,true],"medium":["https:\/\/noticiasbahia360.com.br\/wp-content\/uploads\/2023\/10\/doe-orgaos-ft-jcomp-pixabay-640x350-1-300x164.jpg",300,164,true],"medium_large":["https:\/\/noticiasbahia360.com.br\/wp-content\/uploads\/2023\/10\/doe-orgaos-ft-jcomp-pixabay-640x350-1.jpg",640,350,false],"large":["https:\/\/noticiasbahia360.com.br\/wp-content\/uploads\/2023\/10\/doe-orgaos-ft-jcomp-pixabay-640x350-1.jpg",640,350,false],"1536x1536":["https:\/\/noticiasbahia360.com.br\/wp-content\/uploads\/2023\/10\/doe-orgaos-ft-jcomp-pixabay-640x350-1.jpg",640,350,false],"2048x2048":["https:\/\/noticiasbahia360.com.br\/wp-content\/uploads\/2023\/10\/doe-orgaos-ft-jcomp-pixabay-640x350-1.jpg",640,350,false],"chromenews-featured":["https:\/\/noticiasbahia360.com.br\/wp-content\/uploads\/2023\/10\/doe-orgaos-ft-jcomp-pixabay-640x350-1.jpg",640,350,false],"chromenews-large":["https:\/\/noticiasbahia360.com.br\/wp-content\/uploads\/2023\/10\/doe-orgaos-ft-jcomp-pixabay-640x350-1.jpg",640,350,false],"chromenews-medium":["https:\/\/noticiasbahia360.com.br\/wp-content\/uploads\/2023\/10\/doe-orgaos-ft-jcomp-pixabay-640x350-1.jpg",590,323,false]},"author_info":{"display_name":"noticiasbahia360.com.br","author_link":"https:\/\/noticiasbahia360.com.br\/?author=1"},"category_info":"<a href=\"https:\/\/noticiasbahia360.com.br\/?cat=8\" rel=\"category\">Bahia<\/a> <a href=\"https:\/\/noticiasbahia360.com.br\/?cat=9\" rel=\"category\">Brasil<\/a> <a href=\"https:\/\/noticiasbahia360.com.br\/?cat=6\" rel=\"category\">Feira de Santana<\/a> <a href=\"https:\/\/noticiasbahia360.com.br\/?cat=57\" rel=\"category\">Mundo<\/a> <a href=\"https:\/\/noticiasbahia360.com.br\/?cat=56\" rel=\"category\">Pol\u00edcia<\/a> <a href=\"https:\/\/noticiasbahia360.com.br\/?cat=10\" rel=\"category\">Pol\u00edtica<\/a>","tag_info":"Pol\u00edtica","comment_count":"0","_links":{"self":[{"href":"https:\/\/noticiasbahia360.com.br\/index.php?rest_route=\/wp\/v2\/posts\/1531","targetHints":{"allow":["GET"]}}],"collection":[{"href":"https:\/\/noticiasbahia360.com.br\/index.php?rest_route=\/wp\/v2\/posts"}],"about":[{"href":"https:\/\/noticiasbahia360.com.br\/index.php?rest_route=\/wp\/v2\/types\/post"}],"author":[{"embeddable":true,"href":"https:\/\/noticiasbahia360.com.br\/index.php?rest_route=\/wp\/v2\/users\/1"}],"replies":[{"embeddable":true,"href":"https:\/\/noticiasbahia360.com.br\/index.php?rest_route=%2Fwp%2Fv2%2Fcomments&post=1531"}],"version-history":[{"count":0,"href":"https:\/\/noticiasbahia360.com.br\/index.php?rest_route=\/wp\/v2\/posts\/1531\/revisions"}],"wp:featuredmedia":[{"embeddable":true,"href":"https:\/\/noticiasbahia360.com.br\/index.php?rest_route=\/wp\/v2\/media\/1532"}],"wp:attachment":[{"href":"https:\/\/noticiasbahia360.com.br\/index.php?rest_route=%2Fwp%2Fv2%2Fmedia&parent=1531"}],"wp:term":[{"taxonomy":"category","embeddable":true,"href":"https:\/\/noticiasbahia360.com.br\/index.php?rest_route=%2Fwp%2Fv2%2Fcategories&post=1531"},{"taxonomy":"post_tag","embeddable":true,"href":"https:\/\/noticiasbahia360.com.br\/index.php?rest_route=%2Fwp%2Fv2%2Ftags&post=1531"}],"curies":[{"name":"wp","href":"https:\/\/api.w.org\/{rel}","templated":true}]}} 