{"id":1536,"date":"2023-10-17T21:54:56","date_gmt":"2023-10-18T00:54:56","guid":{"rendered":"https:\/\/noticiasbahia360.com.br\/?p=1536"},"modified":"2023-10-17T21:54:56","modified_gmt":"2023-10-18T00:54:56","slug":"confira-as-vagas-de-estagio-e-empregos-para-feira-de-santana","status":"publish","type":"post","link":"https:\/\/noticiasbahia360.com.br\/?p=1536","title":{"rendered":"Confira as vagas de est\u00e1gio e empregos para Feira de Santana"},"content":{"rendered":"<div>\n<p><strong>Veja as vagas do <a href=\"https:\/\/www.acordacidade.com.br\/empregos\/\">TemVagas aqui<\/a><\/strong><\/p>\n<p><strong>VENDEDOR PRACISTA<\/strong><br \/>Ensino M\u00e9dio Completo e experi\u00eancia 06 meses na CTPS \u2013 07 VAGAS. A sele\u00e7\u00e3o est\u00e1 sendo feita pelo SineBahia.  Os interessados devem fazer o agendamento pelo SAC Digital ou pelo telefone 08000715353 ou 71 4020-5353 comparecer munido de: CTPS (f\u00edsica ou digital), RG, CPF e comprovante de resid\u00eancia e escolaridade. Vaga exclusiva para a unidade de Feira de Santana II (18\/10\/2023).<\/p>\n<p><strong>SUPERVISOR DE VENDAS DE SERVI\u00c7OS<\/strong><br \/>Ensino M\u00e9dio Completo e  CNH (A\/B)<br \/>Experi\u00eancia 06 meses na CTPS \u2013 01 VAGA. A sele\u00e7\u00e3o est\u00e1 sendo feita pelo SineBahia.  Os interessados devem fazer o agendamento pelo SAC Digital ou pelo telefone 08000715353 ou 71 4020-5353 comparecer munido de: CTPS (f\u00edsica ou digital), RG, CPF e comprovante de resid\u00eancia e escolaridade. Vaga exclusiva para a unidade de Feira de Santana II (18\/10\/2023).<\/p>\n<p><strong>AUXILIAR DE COZINHA<\/strong><br \/>Ensino M\u00e9dio Incompleto, sem experi\u00eancia. Disponibilidade para mudan\u00e7a de cidade<br \/>50 VAGAS.  A sele\u00e7\u00e3o est\u00e1 sendo feita pelo SineBahia.  Os interessados devem fazer o agendamento pelo SAC Digital ou pelo telefone 08000715353 ou 71 4020-5353 comparecer munido de: CTPS (f\u00edsica ou digital), RG, CPF e comprovante de resid\u00eancia e escolaridade. Vaga exclusiva para a unidade de Feira de Santana II (18\/10\/2023).<\/p>\n<p><strong>Recepcionista de autom\u00f3veis<\/strong><br \/>Sexo masculino, CNH B idade e acima de 25 anos. Ligar para 3623.2155.<\/p>\n<p><strong>VENDEDOR VAREJISTA<br \/><\/strong>Ambos os sexos, inform\u00e1tica b\u00e1sica, experi\u00eancia comprovada, ensino m\u00e9dico completo. Enviar curr\u00edculo para vagas@matiztintas.com.br ou via WhatsApp: 71 99100-2275<\/p>\n<p><strong>T\u00e9cnico em eletromec\u00e2nica<\/strong><br \/>Precisa ter o curso em eletromec\u00e2nica e ter experi\u00eancia comprovada. Enviar curr\u00edculo para o e-mail: industriafeiracontrata@gmail.com<\/p>\n<p><strong>Assistente administrativo<\/strong><br \/>Enviar curr\u00edculo para o e-mail: industriafeiracontrata@gmail.com<br \/>01 vaga para Operador de P\u00e1 Carregadeira \u2013 Precisa ter o curso em dias e ter experi\u00eancia comprovada. Enviar curr\u00edculo para o e-mail: industriafeiracontrata@gmail.com<\/p>\n<p><strong>Operador de P\u00e1 Carregadeira<\/strong><br \/>Precisa ter o curso em dias e ter experi\u00eancia comprovada. Enviar curr\u00edculo para o e-mail: industriafeiracontrata@gmail.com<\/p>\n<p><strong>AJUDANTE DE MOTORISTA<\/strong><br \/>Ensino M\u00e9dio Completo e experi\u00eancia 06 meses na CTPS \/ 01 VAGA. <\/p>\n<p><strong>BACHARELADO EM ED. F\u00cdSICA<\/strong><br \/>Cursando do 2\u00ba ao 6\u00ba semestre \u2013 Carga hor\u00e1ria: 18h semanais. Disponibilidade para estagiar 18h semanais. Seg a qui. Das 06:00h \u00e0s 09:00h. Sexta: das 06h \u00e0s 12h.Bolsa aux\u00edlio: R$ 7,00 Hora aula + R$ 70,00 Aux\u00edlio Transporte. Atividades: Apoio e suporte nas atividades de muscula\u00e7\u00e3o e condicionamento f\u00edsico, dentre outras atividades relacionadas \u00e0 \u00e1rea, sob supervis\u00e3o.1 vaga \u2013 Interessados dever\u00e3o se inscrever no site do IEL<a href=\"https:\/\/www.ielbahia.com.br\/vagas-e-cadastro\" target=\"_blank\" rel=\"noreferrer noopener\"> www.ielbahia.com.br<\/a> se candidatar a vaga n\u00ba 244712 e enviar o comprovante de matr\u00edcula via WhatsApp (75) 3602-9732 at\u00e9 o dia 13\/10.<\/p>\n<p><strong>COMUNICA\u00c7\u00c3O SOCIAL<\/strong><br \/>Cursando do 2\u00ba ao 6\u00ba semestre \u2013 Carga hor\u00e1ria: 5h di\u00e1rias e 30h semanais. Seg a sab. Disponibilidade para estagiar turno a combinar. Das 08h \u00e0s 13h ou das 13h \u00e0s 18h. Bolsa aux\u00edlio: R$ 700,00 + R$ 100,00 Aux\u00edlio Transporte. Atividades: Apoio e participa\u00e7\u00e3o de reuni\u00f5es em grupo da empresa, com intuito de colaborar para a produ\u00e7\u00e3o de v\u00eddeos, estrat\u00e9gias de marketing, edi\u00e7\u00e3o de v\u00eddeos e imagens, dentre outras atividades relacionadas \u00e0 \u00e1rea, sob supervis\u00e3o. 1 vaga \u2013 Interessados dever\u00e3o se inscrever no site do IEL <a href=\"https:\/\/www.ielbahia.com.br\/vagas-e-cadastro\" target=\"_blank\" rel=\"noreferrer noopener\">www.ielbahia.com.br<\/a> se candidatar a vaga n\u00ba 245129 e enviar o comprovante de matr\u00edcula via WhatsApp (75) 3602-9732 at\u00e9 o dia 13\/10.<\/p>\n<p><strong>T\u00c9CNICO EM ELETROMECNICA<\/strong><br \/>Cursando do 2\u00ba ao 3\u00ba m\u00f3dulo \u2013 Carga hor\u00e1ria: 6h di\u00e1rias e 30h semanais. SEG a SEX. Disponibilidade para estagiar turno integral. Das 08h \u00e0s 14h. Bolsa aux\u00edlio: R$ 450,00 + R$ 200,00 Aux\u00edlio Transporte. Atividades: Apoio em fun\u00e7\u00e3o de aux\u00edlio \u00e0 recupera\u00e7\u00e3o de motores, dentre outras atividades relacionadas a \u00e1rea, sob supervis\u00e3o. 1 vaga \u2013 Interessados dever\u00e3o se inscrever no site do IEL<a href=\"https:\/\/www.ielbahia.com.br\/vagas-e-cadastro\" target=\"_blank\" rel=\"noreferrer noopener\"> www.ielbahia.com.br <\/a>se candidatar a vaga n\u00ba 244972 e enviar o comprovante de matr\u00edcula via WhatsApp (75) 3602-9732 at\u00e9 o dia 13\/10.<\/p>\n<p><strong>ADMINISTRA\u00c7\u00c3O<\/strong><br \/>Cursando do 4\u00ba ao 6\u00ba semestre \u2013 Carga hor\u00e1ria: 6h di\u00e1rias e 30h semanais. SEG a SEX. Disponibilidade para estagiar turno integral. Das 07h \u00e0s 14h (1h de intervalo). Bolsa aux\u00edlio: R$ 750,00 + Aux\u00edlio Transporte (Duas passagens por dia estagiado). Atividades: Apoio nas demandas do setor, atuando com interfaces internas e externas com fornecedores diversos; apoio na separa\u00e7\u00e3o de material; baixa e cadastro de estoque em sistema, sob supervis\u00e3o. 1 vaga \u2013 Interessados dever\u00e3o se inscrever no site do IEL <a href=\"https:\/\/www.ielbahia.com.br\/vagas-e-cadastro\" target=\"_blank\" rel=\"noreferrer noopener\">www.ielbahia.com.br<\/a> se candidatar a vaga n\u00ba 244952 e enviar o comprovante de matr\u00edcula via WhatsApp (75) 3602-9732 at\u00e9 o dia 13\/10.<\/p>\n<p><strong>ADMINISTRA\u00c7\u00c3O<\/strong><br \/>Cursando do 1\u00ba ao 5\u00ba semestre \u2013 Carga hor\u00e1ria: 6h di\u00e1rias e 30h semanais. SEG a SEX. Disponibilidade para estagiar turno integral. Das 08h \u00e0s 15h. Bolsa aux\u00edlio: R$ 905,00 + Aux\u00edlio Transporte + Almo\u00e7o Fornecido No Refeit\u00f3rio Da Empresa. Atividades: Apoiar na elabora\u00e7\u00e3o de planilhas e documentos para libera\u00e7\u00e3o de produ\u00e7\u00e3o, apoiar na verifica\u00e7\u00e3o dos processos, apoiar na realiza\u00e7\u00e3o de inspe\u00e7\u00f5es e controles do Plano x Executados, reportar os n\u00fameros dentro do sistema, dentre outras atividades relacionadas \u00e0 \u00e1rea, sob supervis\u00e3o. 1 vaga \u2013 Interessados dever\u00e3o se inscrever no site do IEL<a href=\"https:\/\/www.ielbahia.com.br\/vagas-e-cadastro\" target=\"_blank\" rel=\"noreferrer noopener\"> www.ielbahia.com.br<\/a> se candidatar a vaga n\u00ba 244232 e enviar o comprovante de matr\u00edcula via WhatsApp (75) 3602-9732 at\u00e9 o dia 13\/10.<\/p>\n<p><strong>ENSINO M\u00c9DIO<\/strong><br \/>Cursando do 1\u00ba ao 2\u00ba ano -Carga hor\u00e1ria: 5h di\u00e1rias e 30h semanais. SEG a SAB. Disponibilidade para estagiar turno a combinar. Podendo ser das 06h \u00e0s 11h ou das 12h \u00e0s 17h. Bolsa aux\u00edlio: R$ 500,00 + R$ 100,00 Aux\u00edlio Transporte. Atividades: Apoio no atendimento ao cliente via telefone e pessoalmente, controle administrativo, e demais atividades relacionadas a \u00e1rea, sob supervis\u00e3o. 1 vaga \u2013 Interessados dever\u00e3o se inscrever no site do IEL<a href=\"https:\/\/www.ielbahia.com.br\/vagas-e-cadastro\" target=\"_blank\" rel=\"noreferrer noopener\"> www.ielbahia.com.br <\/a>se candidatar a vaga n\u00ba 244765 e enviar o comprovante de matr\u00edcula via WhatsApp (75) 3602-9732 at\u00e9 o dia 13\/10.<\/p>\n<p><strong>ADMINISTRA\u00c7\u00c3O<\/strong><br \/>Cursando do 2\u00ba ao 6\u00ba semestre \u2013 Carga hor\u00e1ria: 6h di\u00e1rias e 30h semanais. SEG a SEX. Disponibilidade para estagiar turno a combinar.  Bolsa aux\u00edlio: R$ 650,00 + 168,00 Aux\u00edlio Transporte. Atividades: Apoio no atendimento ao cliente, planejamento de vendas especializadas, concretiza\u00e7\u00e3o de vendas, sugest\u00e3o nas pol\u00edticas de vendas, acompanhamento do cliente no p\u00f3s-vendas. Dentre outras atividades relacionadas, sob supervis\u00e3o. 1 vaga \u2013 Interessados dever\u00e3o se inscrever no site do IEL <a href=\"https:\/\/www.ielbahia.com.br\/vagas-e-cadastro\" target=\"_blank\" rel=\"noreferrer noopener\">www.ielbahia.com.br <\/a>se candidatar a vaga n\u00ba 245090 e enviar o comprovante de matr\u00edcula via WhatsApp (75) 3602-9732 at\u00e9 o dia 13\/10.<\/p>\n<p><strong>PEDAGOGIA<\/strong><br \/>Cursando do 2\u00ba ao 4\u00ba semestre -Carga hor\u00e1ria: 6h di\u00e1rias e 30h semanais. SEG a SEX.Disponibilidade para estagiar turno a combinar. Bolsa aux\u00edlio: R$ 600,00 + 168,00 Aux\u00edlio Transporte. Atividades: Apoio nas atividades propostas em sala de aula pela professora regente; Apoio no desenvolvimento de recursos l\u00fadicos e pedag\u00f3gicos; supervisionar as crian\u00e7as durante as a\u00e7\u00f5es e pr\u00e1ticas de sala; propor e desenvolver projetos; Organizar atividades e pesquisas; interagir com as fam\u00edlias dos alunos e com a comunidade; realizar tarefas administrativas relacionadas com a pr\u00e1tica pedag\u00f3gica; colaborar e participar dos eventos e atividades sociais e culturais. Sob supervis\u00e3o. 4 vagas \u2013 Interessados dever\u00e3o se inscrever no site do IEL <a href=\"https:\/\/www.ielbahia.com.br\/vagas-e-cadastro\" target=\"_blank\" rel=\"noreferrer noopener\">www.ielbahia.com.br<\/a> se candidatar a vaga n\u00ba 244941 e enviar o comprovante de matr\u00edcula via WhatsApp (75) 3602-9732 at\u00e9 o dia 13\/10.<\/p>\n<p><strong>SOLDADOR<\/strong><br \/>Ter certificado do curso e ter experi\u00eancia em MIG e Eletrodo. Enviar curr\u00edculo para industriafeiracontrata@gmail.com<\/p>\n<p><strong>Veja as vagas do <a href=\"https:\/\/www.acordacidade.com.br\/empregos\/\">TemVagas aqui<\/a><\/strong><\/p>\n<p><em>Siga o Acorda Cidade no<a href=\"https:\/\/news.google.com\/search?q=acorda%20cidade&amp;hl=pt-BR&amp;gl=BR&amp;ceid=BR%3Apt-419\" target=\"_blank\" rel=\"noreferrer noopener\">\u00a0Google Not\u00edcias<\/a>\u00a0e receba os principais destaques do dia.\u00a0Participe tamb\u00e9m dos nossos grupos no\u00a0<a href=\"https:\/\/chat.whatsapp.com\/Fj2agnR6CdwLEb9Uqew8QI\" target=\"_blank\" rel=\"noreferrer noopener\">WhatsApp<\/a>\u00a0e\u00a0<a href=\"https:\/\/t.me\/+sSz0khrgARA0ZmRh\" target=\"_blank\" rel=\"noreferrer noopener\">Telegram<\/a><\/em><\/p>\n<p>The post <a rel=\"nofollow\" href=\"https:\/\/www.acordacidade.com.br\/noticias\/confira-as-vagas-de-estagio-e-empregos-para-feira-de-santana\/\">Confira as vagas de est\u00e1gio e empregos para Feira de Santana<\/a> appeared first on <a rel=\"nofollow\" href=\"https:\/\/www.acordacidade.com.br\/\">Acorda Cidade &#8211; Portal de not\u00edcias de Feira de Santana<\/a>.<\/p>\n<\/div>\n","protected":false},"excerpt":{"rendered":"<div>\n<p>Veja como se inscrever e concorrer as vagas.<\/p>\n<p>The post <a rel=\"nofollow\" href=\"https:\/\/www.acordacidade.com.br\/noticias\/confira-as-vagas-de-estagio-e-empregos-para-feira-de-santana\/\">Confira as vagas de est\u00e1gio e empregos para Feira de Santana<\/a> appeared first on <a rel=\"nofollow\" href=\"https:\/\/www.acordacidade.com.br\/\">Acorda Cidade &#8211; Portal de not\u00edcias de Feira de Santana<\/a>.<\/p>\n<\/div>\n","protected":false},"author":1,"featured_media":0,"comment_status":"closed","ping_status":"closed","sticky":false,"template":"","format":"standard","meta":{"footnotes":""},"categories":[8,9,6,57,56,10],"tags":[],"class_list":["post-1536","post","type-post","status-publish","format-standard","hentry","category-bahia","category-brasil","category-feira-de-santana","category-mundo","category-policia","category-politica"],"featured_image_urls":{"full":"","thumbnail":"","medium":"","medium_large":"","large":"","1536x1536":"","2048x2048":"","chromenews-featured":"","chromenews-large":"","chromenews-medium":""},"author_info":{"display_name":"noticiasbahia360.com.br","author_link":"https:\/\/noticiasbahia360.com.br\/?author=1"},"category_info":"<a href=\"https:\/\/noticiasbahia360.com.br\/?cat=8\" rel=\"category\">Bahia<\/a> <a href=\"https:\/\/noticiasbahia360.com.br\/?cat=9\" rel=\"category\">Brasil<\/a> <a href=\"https:\/\/noticiasbahia360.com.br\/?cat=6\" rel=\"category\">Feira de Santana<\/a> <a href=\"https:\/\/noticiasbahia360.com.br\/?cat=57\" rel=\"category\">Mundo<\/a> <a href=\"https:\/\/noticiasbahia360.com.br\/?cat=56\" rel=\"category\">Pol\u00edcia<\/a> <a href=\"https:\/\/noticiasbahia360.com.br\/?cat=10\" rel=\"category\">Pol\u00edtica<\/a>","tag_info":"Pol\u00edtica","comment_count":"0","_links":{"self":[{"href":"https:\/\/noticiasbahia360.com.br\/index.php?rest_route=\/wp\/v2\/posts\/1536","targetHints":{"allow":["GET"]}}],"collection":[{"href":"https:\/\/noticiasbahia360.com.br\/index.php?rest_route=\/wp\/v2\/posts"}],"about":[{"href":"https:\/\/noticiasbahia360.com.br\/index.php?rest_route=\/wp\/v2\/types\/post"}],"author":[{"embeddable":true,"href":"https:\/\/noticiasbahia360.com.br\/index.php?rest_route=\/wp\/v2\/users\/1"}],"replies":[{"embeddable":true,"href":"https:\/\/noticiasbahia360.com.br\/index.php?rest_route=%2Fwp%2Fv2%2Fcomments&post=1536"}],"version-history":[{"count":0,"href":"https:\/\/noticiasbahia360.com.br\/index.php?rest_route=\/wp\/v2\/posts\/1536\/revisions"}],"wp:attachment":[{"href":"https:\/\/noticiasbahia360.com.br\/index.php?rest_route=%2Fwp%2Fv2%2Fmedia&parent=1536"}],"wp:term":[{"taxonomy":"category","embeddable":true,"href":"https:\/\/noticiasbahia360.com.br\/index.php?rest_route=%2Fwp%2Fv2%2Fcategories&post=1536"},{"taxonomy":"post_tag","embeddable":true,"href":"https:\/\/noticiasbahia360.com.br\/index.php?rest_route=%2Fwp%2Fv2%2Ftags&post=1536"}],"curies":[{"name":"wp","href":"https:\/\/api.w.org\/{rel}","templated":true}]}} 