{"id":1537,"date":"2023-10-17T21:54:58","date_gmt":"2023-10-18T00:54:58","guid":{"rendered":"https:\/\/noticiasbahia360.com.br\/?p=1537"},"modified":"2023-10-17T21:54:58","modified_gmt":"2023-10-18T00:54:58","slug":"mais-de-220-bombeiros-com-apoio-de-50-viaturas-e-brigadistas-voluntarios-atuam-no-combate-a-incendios-florestais-na-bahia","status":"publish","type":"post","link":"https:\/\/noticiasbahia360.com.br\/?p=1537","title":{"rendered":"Mais de 220 bombeiros com apoio de 50 viaturas e brigadistas volunt\u00e1rios atuam no combate a inc\u00eandios florestais na Bahia"},"content":{"rendered":"<div>\n<figure class=\"wp-block-image size-full is-resized\"><img fetchpriority=\"high\" decoding=\"async\" width=\"640\" height=\"541\" src=\"http:\/\/noticiasbahia360.com.br\/wp-content\/uploads\/2023\/10\/incendios-bahia-640x350-1.jpg\" alt=\"inc\u00eandios florestais que atingem o interior da Bahia, nas regi\u00f5es Oeste, Norte e Chapada Diamantina.\" class=\"wp-image-328939\" style=\"aspect-ratio:1.1829944547134936;width:830px;height:auto\" srcset=\"https:\/\/imagens.acordacidade.com.br\/wp-content\/uploads\/2023\/10\/17211146\/incendios-bahia-300x254.jpg 300w, http:\/\/noticiasbahia360.com.br\/wp-content\/uploads\/2023\/10\/incendios-bahia-640x350-1.jpg 640w\" sizes=\"(max-width: 640px) 100vw, 640px\"><figcaption class=\"wp-element-caption\">Foto: Ascom\/CBMBA<\/figcaption><\/figure>\n<p>Duzentos e vinte e dois bombeiros militares e 50 viaturas, com o apoio da brigada do ICMbio e de outros brigadistas volunt\u00e1rios est\u00e3o atuando no combate aos inc\u00eandios florestais que atingem o interior da Bahia, nas regi\u00f5es Oeste, Norte e Chapada Diamantina. <\/p>\n<p><strong>As cidades de atua\u00e7\u00e3o nesta ter\u00e7a-feira (17) s\u00e3o Angical, Formosa do Rio Preto, Barreiras, Buritirama, Santa Rita de C\u00e1ssia, S\u00e3o Desid\u00e9rio, Barra, Vanderley, Riach\u00e3o das Neves, Campo Formoso, Senhor do Bonfim, Campo Alegre de Lourdes, Rio do Pires, Palmeiras e \u00c9rico Dourado.<\/strong><\/p>\n<p>\u201cA depender da necessidade, estamos alocando mais recursos, como no caso dos avi\u00f5es. Nossos militares tamb\u00e9m atuam por um determinado per\u00edodo e depois v\u00eam outros bombeiros para substituir, pois esse \u00e9 um trabalho que acarreta bastante desgaste f\u00edsico. A maioria dos inc\u00eandios florestais acontece em \u00e1reas muito \u00edngremes, onde os militares precisam caminhar horas a p\u00e9 carregando os materiais, como p\u00e1s, foices e enxadas, al\u00e9m das mochilas costais\u201d, explicou o comandante-geral do CBMBA, coronel BM Adson Marchesini.<\/p>\n<figure class=\"wp-block-image size-full is-resized\"><img decoding=\"async\" width=\"640\" height=\"544\" src=\"http:\/\/noticiasbahia360.com.br\/wp-content\/uploads\/2023\/10\/incendio-vegetacao-bahia-640x350-1.jpg\" alt=\"inc\u00eandios florestais que atingem o interior da Bahia, nas regi\u00f5es Oeste, Norte e Chapada Diamantina.\" class=\"wp-image-328938\" style=\"aspect-ratio:1.1764705882352942;width:832px;height:auto\" srcset=\"https:\/\/imagens.acordacidade.com.br\/wp-content\/uploads\/2023\/10\/17211143\/incendio-vegetacao-bahia-300x255.jpg 300w, http:\/\/noticiasbahia360.com.br\/wp-content\/uploads\/2023\/10\/incendio-vegetacao-bahia-640x350-1.jpg 640w\" sizes=\"(max-width: 640px) 100vw, 640px\"><figcaption class=\"wp-element-caption\">Foto: Ascom\/CBMBA<\/figcaption><\/figure>\n<p>Drones e nove aeronaves modelo Air Tractor, fornecidos atrav\u00e9s do Programa Bahia Sem Fogo, da Secretaria do Meio Ambiente do Estado (Sema), tamb\u00e9m d\u00e3o apoio \u00e0 Opera\u00e7\u00e3o Florestal 2023. De julho at\u00e9 o \u00faltimo domingo (15), o Corpo de Bombeiros Militar j\u00e1 atuou em 218 inc\u00eandios florestais. <\/p>\n<p>Em m\u00e9dia, a institui\u00e7\u00e3o emprega, al\u00e9m das guarni\u00e7\u00f5es do servi\u00e7o ordin\u00e1rio das unidades operacionais, cerca de 200 bombeiros militares, por dia, para fazer frente \u00e0s a\u00e7\u00f5es de resposta ao desastre inc\u00eandio florestal. Foram dadas respostas aos inc\u00eandios florestais em 50 munic\u00edpios diferentes, sendo que em alguns deles, a exemplo de Barreiras e Barra, houve mais de um evento distinto.<\/p>\n<p><strong>Orienta\u00e7\u00f5es<\/strong><\/p>\n<p>Os inc\u00eandios florestais podem causar diversos impactos ambientais, sociais e econ\u00f4micos. Algumas atitudes podem evitar as queimadas, como por exemplo, n\u00e3o atear fogo em pastos ou planta\u00e7\u00f5es, pois o fogo pode sair do controle rapidamente. <\/p>\n<p>Outra dica \u00e9 verificar se as fogueiras foram bem apagadas, assim como n\u00e3o jogar bitucas de cigarro em \u00e1reas de mata. Os aceiros tamb\u00e9m devem estar bem limpos, e \u00e9 importante manter a vegeta\u00e7\u00e3o rasteira aparada. Em caso de princ\u00edpio de inc\u00eandio, o Corpo de Bombeiros deve ser acionado o quanto antes, atrav\u00e9s da Central 193.<\/p>\n<p><em>Siga o Acorda Cidade no<a href=\"https:\/\/news.google.com\/search?q=acorda%20cidade&amp;hl=pt-BR&amp;gl=BR&amp;ceid=BR%3Apt-419\" target=\"_blank\" rel=\"noreferrer noopener\">\u00a0Google Not\u00edcias<\/a>\u00a0e receba os principais destaques do dia.\u00a0Participe tamb\u00e9m dos nossos grupos no\u00a0<a href=\"https:\/\/chat.whatsapp.com\/DfZ444xJRPxBxk6kXW5zIZ\" target=\"_blank\" rel=\"noreferrer noopener\">WhatsApp<\/a>\u00a0e\u00a0<a href=\"https:\/\/t.me\/+sSz0khrgARA0ZmRh\" target=\"_blank\" rel=\"noreferrer noopener\">Telegram<\/a><\/em><\/p>\n<p>The post <a rel=\"nofollow\" href=\"https:\/\/www.acordacidade.com.br\/noticias\/bahia\/mais-de-220-bombeiros-com-apoio-de-50-viaturas-e-brigadistas-voluntarios-atuam-no-combate-a-incendios-florestais-na-bahia\/\">Mais de 220 bombeiros com apoio de 50 viaturas e brigadistas volunt\u00e1rios atuam no combate a inc\u00eandios florestais na Bahia<\/a> appeared first on <a rel=\"nofollow\" href=\"https:\/\/www.acordacidade.com.br\/\">Acorda Cidade &#8211; Portal de not\u00edcias de Feira de Santana<\/a>.<\/p>\n<\/div>\n","protected":false},"excerpt":{"rendered":"<div>\n<p>Drones e nove aeronaves modelo Air Tractor, fornecidos atrav\u00e9s do Programa Bahia Sem Fogo, tamb\u00e9m d\u00e3o apoio \u00e0 opera\u00e7\u00e3o.<\/p>\n<p>The post <a rel=\"nofollow\" href=\"https:\/\/www.acordacidade.com.br\/noticias\/bahia\/mais-de-220-bombeiros-com-apoio-de-50-viaturas-e-brigadistas-voluntarios-atuam-no-combate-a-incendios-florestais-na-bahia\/\">Mais de 220 bombeiros com apoio de 50 viaturas e brigadistas volunt\u00e1rios atuam no combate a inc\u00eandios florestais na Bahia<\/a> appeared first on <a rel=\"nofollow\" href=\"https:\/\/www.acordacidade.com.br\/\">Acorda Cidade &#8211; Portal de not\u00edcias de Feira de Santana<\/a>.<\/p>\n<\/div>\n","protected":false},"author":1,"featured_media":1538,"comment_status":"closed","ping_status":"closed","sticky":false,"template":"","format":"standard","meta":{"footnotes":""},"categories":[8,9,6,57,56,10],"tags":[],"class_list":["post-1537","post","type-post","status-publish","format-standard","has-post-thumbnail","hentry","category-bahia","category-brasil","category-feira-de-santana","category-mundo","category-policia","category-politica"],"featured_image_urls":{"full":["https:\/\/noticiasbahia360.com.br\/wp-content\/uploads\/2023\/10\/incendios-bahia-640x350-1.jpg",640,350,false],"thumbnail":["https:\/\/noticiasbahia360.com.br\/wp-content\/uploads\/2023\/10\/incendios-bahia-640x350-1-150x150.jpg",150,150,true],"medium":["https:\/\/noticiasbahia360.com.br\/wp-content\/uploads\/2023\/10\/incendios-bahia-640x350-1-300x164.jpg",300,164,true],"medium_large":["https:\/\/noticiasbahia360.com.br\/wp-content\/uploads\/2023\/10\/incendios-bahia-640x350-1.jpg",640,350,false],"large":["https:\/\/noticiasbahia360.com.br\/wp-content\/uploads\/2023\/10\/incendios-bahia-640x350-1.jpg",640,350,false],"1536x1536":["https:\/\/noticiasbahia360.com.br\/wp-content\/uploads\/2023\/10\/incendios-bahia-640x350-1.jpg",640,350,false],"2048x2048":["https:\/\/noticiasbahia360.com.br\/wp-content\/uploads\/2023\/10\/incendios-bahia-640x350-1.jpg",640,350,false],"chromenews-featured":["https:\/\/noticiasbahia360.com.br\/wp-content\/uploads\/2023\/10\/incendios-bahia-640x350-1.jpg",640,350,false],"chromenews-large":["https:\/\/noticiasbahia360.com.br\/wp-content\/uploads\/2023\/10\/incendios-bahia-640x350-1.jpg",640,350,false],"chromenews-medium":["https:\/\/noticiasbahia360.com.br\/wp-content\/uploads\/2023\/10\/incendios-bahia-640x350-1.jpg",590,323,false]},"author_info":{"display_name":"noticiasbahia360.com.br","author_link":"https:\/\/noticiasbahia360.com.br\/?author=1"},"category_info":"<a href=\"https:\/\/noticiasbahia360.com.br\/?cat=8\" rel=\"category\">Bahia<\/a> <a href=\"https:\/\/noticiasbahia360.com.br\/?cat=9\" rel=\"category\">Brasil<\/a> <a href=\"https:\/\/noticiasbahia360.com.br\/?cat=6\" rel=\"category\">Feira de Santana<\/a> <a href=\"https:\/\/noticiasbahia360.com.br\/?cat=57\" rel=\"category\">Mundo<\/a> <a href=\"https:\/\/noticiasbahia360.com.br\/?cat=56\" rel=\"category\">Pol\u00edcia<\/a> <a href=\"https:\/\/noticiasbahia360.com.br\/?cat=10\" rel=\"category\">Pol\u00edtica<\/a>","tag_info":"Pol\u00edtica","comment_count":"0","_links":{"self":[{"href":"https:\/\/noticiasbahia360.com.br\/index.php?rest_route=\/wp\/v2\/posts\/1537","targetHints":{"allow":["GET"]}}],"collection":[{"href":"https:\/\/noticiasbahia360.com.br\/index.php?rest_route=\/wp\/v2\/posts"}],"about":[{"href":"https:\/\/noticiasbahia360.com.br\/index.php?rest_route=\/wp\/v2\/types\/post"}],"author":[{"embeddable":true,"href":"https:\/\/noticiasbahia360.com.br\/index.php?rest_route=\/wp\/v2\/users\/1"}],"replies":[{"embeddable":true,"href":"https:\/\/noticiasbahia360.com.br\/index.php?rest_route=%2Fwp%2Fv2%2Fcomments&post=1537"}],"version-history":[{"count":0,"href":"https:\/\/noticiasbahia360.com.br\/index.php?rest_route=\/wp\/v2\/posts\/1537\/revisions"}],"wp:featuredmedia":[{"embeddable":true,"href":"https:\/\/noticiasbahia360.com.br\/index.php?rest_route=\/wp\/v2\/media\/1538"}],"wp:attachment":[{"href":"https:\/\/noticiasbahia360.com.br\/index.php?rest_route=%2Fwp%2Fv2%2Fmedia&parent=1537"}],"wp:term":[{"taxonomy":"category","embeddable":true,"href":"https:\/\/noticiasbahia360.com.br\/index.php?rest_route=%2Fwp%2Fv2%2Fcategories&post=1537"},{"taxonomy":"post_tag","embeddable":true,"href":"https:\/\/noticiasbahia360.com.br\/index.php?rest_route=%2Fwp%2Fv2%2Ftags&post=1537"}],"curies":[{"name":"wp","href":"https:\/\/api.w.org\/{rel}","templated":true}]}}