{"id":1545,"date":"2023-10-18T08:23:54","date_gmt":"2023-10-18T11:23:54","guid":{"rendered":"https:\/\/noticiasbahia360.com.br\/?p=1545"},"modified":"2023-10-18T08:23:54","modified_gmt":"2023-10-18T11:23:54","slug":"jovem-e-assassinado-a-tiros-em-oficina-mecanica-no-bairro-conceicao","status":"publish","type":"post","link":"https:\/\/noticiasbahia360.com.br\/?p=1545","title":{"rendered":"Jovem \u00e9 assassinado a tiros em oficina mec\u00e2nica no bairro Concei\u00e7\u00e3o"},"content":{"rendered":"<div>\n<figure class=\"wp-block-image size-full is-resized\"><img loading=\"lazy\" decoding=\"async\" loading=\"lazy\" width=\"640\" height=\"360\" src=\"http:\/\/noticiasbahia360.com.br\/wp-content\/uploads\/2023\/10\/Homicidio-no-bairro-conceicao-640x350-1.jpg\" alt=\"Homic\u00eddio em oficina mec\u00e2nica no bairro Concei\u00e7\u00e3o\" class=\"wp-image-328968\" style=\"aspect-ratio:1.7777777777777777;width:832px;height:auto\" srcset=\"https:\/\/imagens.acordacidade.com.br\/wp-content\/uploads\/2023\/10\/18064326\/Homicidio-no-bairro-conceicao-300x169.jpg 300w, http:\/\/noticiasbahia360.com.br\/wp-content\/uploads\/2023\/10\/Homicidio-no-bairro-conceicao-640x350-1.jpg 640w\" sizes=\"auto, (max-width: 640px) 100vw, 640px\"><figcaption class=\"wp-element-caption\">Foto: Redes Sociais<\/figcaption><\/figure>\n<p>Luiz Fernando Concei\u00e7\u00e3o dos Santos, de 26 anos, foi assassinado a tiros, por volta das 19h de ter\u00e7a-feira (17), em Feira de Santana.<\/p>\n<p>A v\u00edtima estava em uma oficina mec\u00e2nica, na Rua Leonardo Brand\u00e3o, em Feira de Santana, quando foi surpreendida por dois homens que efetuaram os disparos. Segundo a pol\u00edcia, ele era cliente da oficina e j\u00e1 havia sofrido uma tentativa de homic\u00eddio h\u00e1 cerca de um ano.<\/p>\n<figure class=\"wp-block-image size-full is-resized\"><img loading=\"lazy\" decoding=\"async\" loading=\"lazy\" width=\"640\" height=\"407\" src=\"http:\/\/noticiasbahia360.com.br\/wp-content\/uploads\/2023\/10\/Luis-Fernando-Conceicao-dos-Santos-640x350-1.jpg\" alt=\"Luis Fernando Concei\u00e7\u00e3o dos Santos\" class=\"wp-image-328969\" style=\"aspect-ratio:1.5724815724815724;width:838px;height:auto\" srcset=\"https:\/\/imagens.acordacidade.com.br\/wp-content\/uploads\/2023\/10\/18064928\/Luis-Fernando-Conceicao-dos-Santos-300x191.jpg 300w, http:\/\/noticiasbahia360.com.br\/wp-content\/uploads\/2023\/10\/Luis-Fernando-Conceicao-dos-Santos-640x350-1.jpg 640w\" sizes=\"auto, (max-width: 640px) 100vw, 640px\"><\/figure>\n<p>At\u00e9 o momento n\u00e3o h\u00e1 outras informa\u00e7\u00f5es sobre o homic\u00eddio. A autoria e o motivo s\u00e3o desconhecidos.<\/p>\n<figure class=\"wp-block-image size-full is-resized\"><img loading=\"lazy\" decoding=\"async\" loading=\"lazy\" width=\"640\" height=\"360\" src=\"http:\/\/noticiasbahia360.com.br\/wp-content\/uploads\/2023\/10\/Homicidio-no-bairro-conceicao-oficina-640x350-1.jpg\" alt=\"Homic\u00eddio em oficina mec\u00e2nica no bairro Concei\u00e7\u00e3o\" class=\"wp-image-328967\" style=\"aspect-ratio:1.7777777777777777;width:841px;height:auto\" srcset=\"https:\/\/imagens.acordacidade.com.br\/wp-content\/uploads\/2023\/10\/18064323\/Homicidio-no-bairro-conceicao-oficina-300x169.jpg 300w, http:\/\/noticiasbahia360.com.br\/wp-content\/uploads\/2023\/10\/Homicidio-no-bairro-conceicao-oficina-640x350-1.jpg 640w\" sizes=\"auto, (max-width: 640px) 100vw, 640px\"><figcaption class=\"wp-element-caption\">Foto: Redes Sociais<\/figcaption><\/figure>\n<p><em>Siga o Acorda Cidade no<a href=\"https:\/\/news.google.com\/search?q=acorda%20cidade&amp;hl=pt-BR&amp;gl=BR&amp;ceid=BR%3Apt-419\" target=\"_blank\" rel=\"noreferrer noopener\">\u00a0Google Not\u00edcias<\/a>\u00a0e receba os principais destaques do dia.\u00a0Participe tamb\u00e9m dos nossos grupos no\u00a0<a href=\"https:\/\/chat.whatsapp.com\/DfZ444xJRPxBxk6kXW5zIZ\" target=\"_blank\" rel=\"noreferrer noopener\">WhatsApp<\/a>\u00a0e\u00a0<a href=\"https:\/\/t.me\/+sSz0khrgARA0ZmRh\" target=\"_blank\" rel=\"noreferrer noopener\">Telegram<\/a><\/em><\/p>\n<p>The post <a rel=\"nofollow\" href=\"https:\/\/www.acordacidade.com.br\/noticias\/policia\/jovem-e-assassinado-a-tiros-em-oficina-mecanica-no-bairro-conceicao\/\">Jovem \u00e9 assassinado a tiros em oficina mec\u00e2nica no bairro Concei\u00e7\u00e3o<\/a> appeared first on <a rel=\"nofollow\" href=\"https:\/\/www.acordacidade.com.br\/\">Acorda Cidade &#8211; Portal de not\u00edcias de Feira de Santana<\/a>.<\/p>\n<\/div>\n","protected":false},"excerpt":{"rendered":"<div>\n<p> Segundo a pol\u00edcia, ele era cliente da oficina e j\u00e1 havia sofrido uma tentativa de homic\u00eddio h\u00e1 cerca de um ano.<\/p>\n<p>The post <a rel=\"nofollow\" href=\"https:\/\/www.acordacidade.com.br\/noticias\/policia\/jovem-e-assassinado-a-tiros-em-oficina-mecanica-no-bairro-conceicao\/\">Jovem \u00e9 assassinado a tiros em oficina mec\u00e2nica no bairro Concei\u00e7\u00e3o<\/a> appeared first on <a rel=\"nofollow\" href=\"https:\/\/www.acordacidade.com.br\/\">Acorda Cidade &#8211; Portal de not\u00edcias de Feira de Santana<\/a>.<\/p>\n<\/div>\n","protected":false},"author":1,"featured_media":1546,"comment_status":"closed","ping_status":"closed","sticky":false,"template":"","format":"standard","meta":{"footnotes":""},"categories":[8,9,6,57,56,10],"tags":[],"class_list":["post-1545","post","type-post","status-publish","format-standard","has-post-thumbnail","hentry","category-bahia","category-brasil","category-feira-de-santana","category-mundo","category-policia","category-politica"],"featured_image_urls":{"full":["https:\/\/noticiasbahia360.com.br\/wp-content\/uploads\/2023\/10\/Homicidio-no-bairro-conceicao-640x350-1.jpg",640,350,false],"thumbnail":["https:\/\/noticiasbahia360.com.br\/wp-content\/uploads\/2023\/10\/Homicidio-no-bairro-conceicao-640x350-1-150x150.jpg",150,150,true],"medium":["https:\/\/noticiasbahia360.com.br\/wp-content\/uploads\/2023\/10\/Homicidio-no-bairro-conceicao-640x350-1-300x164.jpg",300,164,true],"medium_large":["https:\/\/noticiasbahia360.com.br\/wp-content\/uploads\/2023\/10\/Homicidio-no-bairro-conceicao-640x350-1.jpg",640,350,false],"large":["https:\/\/noticiasbahia360.com.br\/wp-content\/uploads\/2023\/10\/Homicidio-no-bairro-conceicao-640x350-1.jpg",640,350,false],"1536x1536":["https:\/\/noticiasbahia360.com.br\/wp-content\/uploads\/2023\/10\/Homicidio-no-bairro-conceicao-640x350-1.jpg",640,350,false],"2048x2048":["https:\/\/noticiasbahia360.com.br\/wp-content\/uploads\/2023\/10\/Homicidio-no-bairro-conceicao-640x350-1.jpg",640,350,false],"chromenews-featured":["https:\/\/noticiasbahia360.com.br\/wp-content\/uploads\/2023\/10\/Homicidio-no-bairro-conceicao-640x350-1.jpg",640,350,false],"chromenews-large":["https:\/\/noticiasbahia360.com.br\/wp-content\/uploads\/2023\/10\/Homicidio-no-bairro-conceicao-640x350-1.jpg",640,350,false],"chromenews-medium":["https:\/\/noticiasbahia360.com.br\/wp-content\/uploads\/2023\/10\/Homicidio-no-bairro-conceicao-640x350-1.jpg",590,323,false]},"author_info":{"display_name":"noticiasbahia360.com.br","author_link":"https:\/\/noticiasbahia360.com.br\/?author=1"},"category_info":"<a href=\"https:\/\/noticiasbahia360.com.br\/?cat=8\" rel=\"category\">Bahia<\/a> <a href=\"https:\/\/noticiasbahia360.com.br\/?cat=9\" rel=\"category\">Brasil<\/a> <a href=\"https:\/\/noticiasbahia360.com.br\/?cat=6\" rel=\"category\">Feira de Santana<\/a> <a href=\"https:\/\/noticiasbahia360.com.br\/?cat=57\" rel=\"category\">Mundo<\/a> <a href=\"https:\/\/noticiasbahia360.com.br\/?cat=56\" rel=\"category\">Pol\u00edcia<\/a> <a href=\"https:\/\/noticiasbahia360.com.br\/?cat=10\" rel=\"category\">Pol\u00edtica<\/a>","tag_info":"Pol\u00edtica","comment_count":"0","_links":{"self":[{"href":"https:\/\/noticiasbahia360.com.br\/index.php?rest_route=\/wp\/v2\/posts\/1545","targetHints":{"allow":["GET"]}}],"collection":[{"href":"https:\/\/noticiasbahia360.com.br\/index.php?rest_route=\/wp\/v2\/posts"}],"about":[{"href":"https:\/\/noticiasbahia360.com.br\/index.php?rest_route=\/wp\/v2\/types\/post"}],"author":[{"embeddable":true,"href":"https:\/\/noticiasbahia360.com.br\/index.php?rest_route=\/wp\/v2\/users\/1"}],"replies":[{"embeddable":true,"href":"https:\/\/noticiasbahia360.com.br\/index.php?rest_route=%2Fwp%2Fv2%2Fcomments&post=1545"}],"version-history":[{"count":0,"href":"https:\/\/noticiasbahia360.com.br\/index.php?rest_route=\/wp\/v2\/posts\/1545\/revisions"}],"wp:featuredmedia":[{"embeddable":true,"href":"https:\/\/noticiasbahia360.com.br\/index.php?rest_route=\/wp\/v2\/media\/1546"}],"wp:attachment":[{"href":"https:\/\/noticiasbahia360.com.br\/index.php?rest_route=%2Fwp%2Fv2%2Fmedia&parent=1545"}],"wp:term":[{"taxonomy":"category","embeddable":true,"href":"https:\/\/noticiasbahia360.com.br\/index.php?rest_route=%2Fwp%2Fv2%2Fcategories&post=1545"},{"taxonomy":"post_tag","embeddable":true,"href":"https:\/\/noticiasbahia360.com.br\/index.php?rest_route=%2Fwp%2Fv2%2Ftags&post=1545"}],"curies":[{"name":"wp","href":"https:\/\/api.w.org\/{rel}","templated":true}]}}