{"id":1549,"date":"2023-10-18T08:23:56","date_gmt":"2023-10-18T11:23:56","guid":{"rendered":"https:\/\/noticiasbahia360.com.br\/?p=1549"},"modified":"2023-10-18T08:23:56","modified_gmt":"2023-10-18T11:23:56","slug":"suspeito-de-estuprar-filmar-e-extorquir-vitimas-e-preso-pela-dercca","status":"publish","type":"post","link":"https:\/\/noticiasbahia360.com.br\/?p=1549","title":{"rendered":"Suspeito de estuprar, filmar e extorquir v\u00edtimas \u00e9 preso pela Dercca"},"content":{"rendered":"<div>\n<figure class=\"wp-block-image size-full is-resized\"><img fetchpriority=\"high\" decoding=\"async\" width=\"605\" height=\"402\" src=\"http:\/\/noticiasbahia360.com.br\/wp-content\/uploads\/2023\/10\/prisao-operacao-querubim-605x350-1.jpeg\" alt=\"Suspeito de estuprar, filmar e extorquir v\u00edtimas \u00e9 preso pela Dercca\n\" class=\"wp-image-328980\" style=\"aspect-ratio:1.5049751243781095;width:832px;height:auto\" srcset=\"https:\/\/imagens.acordacidade.com.br\/wp-content\/uploads\/2023\/10\/18073910\/prisao-operacao-querubim-300x199.jpeg 300w, http:\/\/noticiasbahia360.com.br\/wp-content\/uploads\/2023\/10\/prisao-operacao-querubim-605x350-1.jpeg 605w\" sizes=\"(max-width: 605px) 100vw, 605px\"><figcaption class=\"wp-element-caption\">Foto:  Pol\u00edcia Civil<\/figcaption><\/figure>\n<p>Dezoito meses de investiga\u00e7\u00f5es da Delegacia Especializada de Repress\u00e3o aos Crimes contra a Crian\u00e7a e o Adolescente (Dercca) resultaram na captura, nesta quarta-feira (18), de um suspeito de violentar, filmar e extorquir as suas v\u00edtimas. O mandado de pris\u00e3o por estupro, no \u00e2mbito da Opera\u00e7\u00e3o Querubim, foi cumprido no bairro de Itinga, em Lauro de Freitas.<\/p>\n<p>A apura\u00e7\u00e3o do caso come\u00e7ou h\u00e1 cerca de um ano e meio, com o primeiro registro de ocorr\u00eancia contra o homem. Posteriormente, houve uma segunda den\u00fancia. Durante o cumprimento da determina\u00e7\u00e3o judicial de busca e apreens\u00e3o contra o suspeito, foi constatado que pode haver outras v\u00edtimas.<\/p>\n<p>A titular da Dercca, delegada Simone Moutinho, explica como o suspeito agia. \u201cEle atra\u00eda a confian\u00e7a das v\u00edtimas na internet, \u00e0s vezes se passando por mulheres ou pessoas da mesma idade. Em seguida, dizia que ia realizar um sorteio de um celular, afirmando em seguida que a menina ganhou o pr\u00eamio. Ele, ent\u00e3o, pagava o transporte por aplicativo para que ela fosse at\u00e9 o local retirar o celular. L\u00e1, por\u00e9m, estuprava a v\u00edtima, al\u00e9m de fotografar e filmar a viol\u00eancia. Depois, conforme as investiga\u00e7\u00f5es, o suspeito ainda fazia extors\u00e3o, obrigando essas v\u00edtimas a retornar ao local, para novamente serem estupradas\u201d, informou.<\/p>\n<p>Al\u00e9m de ter o mandado cumprido contra si por estupro, o homem ainda ser\u00e1 autuado em flagrante pelo crime de produzir, reproduzir, dirigir, fotografar, filmar ou registrar, por qualquer meio, cena de sexo expl\u00edcito ou pornogr\u00e1fica, envolvendo crian\u00e7a ou adolescente. A Dercca tamb\u00e9m investiga a poss\u00edvel ocorr\u00eancia do crime de estupro por meio virtual.<\/p>\n<p><em>Siga o Acorda Cidade no<a href=\"https:\/\/news.google.com\/search?q=acorda%20cidade&amp;hl=pt-BR&amp;gl=BR&amp;ceid=BR%3Apt-419\" target=\"_blank\" rel=\"noreferrer noopener\">\u00a0Google Not\u00edcias<\/a>\u00a0e receba os principais destaques do dia.\u00a0Participe tamb\u00e9m dos nossos grupos no\u00a0<a href=\"https:\/\/chat.whatsapp.com\/DfZ444xJRPxBxk6kXW5zIZ\" target=\"_blank\" rel=\"noreferrer noopener\">WhatsApp<\/a>\u00a0e\u00a0<a href=\"https:\/\/t.me\/+sSz0khrgARA0ZmRh\" target=\"_blank\" rel=\"noreferrer noopener\">Telegram<\/a><\/em><\/p>\n<p>The post <a rel=\"nofollow\" href=\"https:\/\/www.acordacidade.com.br\/noticias\/policia\/suspeito-de-estuprar-filmar-e-extorquir-vitimas-e-preso-pela-dercca\/\">Suspeito de estuprar, filmar e extorquir v\u00edtimas \u00e9 preso pela Dercca<\/a> appeared first on <a rel=\"nofollow\" href=\"https:\/\/www.acordacidade.com.br\/\">Acorda Cidade &#8211; Portal de not\u00edcias de Feira de Santana<\/a>.<\/p>\n<\/div>\n","protected":false},"excerpt":{"rendered":"<div>\n<p>Mandados de pris\u00e3o e de busca e apreens\u00e3o foram cumpridos nesta quarta-feira (18), em Lauro de Freitas, na Opera\u00e7\u00e3o Querubim.<\/p>\n<p>The post <a rel=\"nofollow\" href=\"https:\/\/www.acordacidade.com.br\/noticias\/policia\/suspeito-de-estuprar-filmar-e-extorquir-vitimas-e-preso-pela-dercca\/\">Suspeito de estuprar, filmar e extorquir v\u00edtimas \u00e9 preso pela Dercca<\/a> appeared first on <a rel=\"nofollow\" href=\"https:\/\/www.acordacidade.com.br\/\">Acorda Cidade &#8211; Portal de not\u00edcias de Feira de Santana<\/a>.<\/p>\n<\/div>\n","protected":false},"author":1,"featured_media":1550,"comment_status":"closed","ping_status":"closed","sticky":false,"template":"","format":"standard","meta":{"footnotes":""},"categories":[8,9,6,57,56,10],"tags":[],"class_list":["post-1549","post","type-post","status-publish","format-standard","has-post-thumbnail","hentry","category-bahia","category-brasil","category-feira-de-santana","category-mundo","category-policia","category-politica"],"featured_image_urls":{"full":["https:\/\/noticiasbahia360.com.br\/wp-content\/uploads\/2023\/10\/prisao-operacao-querubim-605x350-1.jpeg",605,350,false],"thumbnail":["https:\/\/noticiasbahia360.com.br\/wp-content\/uploads\/2023\/10\/prisao-operacao-querubim-605x350-1-150x150.jpeg",150,150,true],"medium":["https:\/\/noticiasbahia360.com.br\/wp-content\/uploads\/2023\/10\/prisao-operacao-querubim-605x350-1-300x174.jpeg",300,174,true],"medium_large":["https:\/\/noticiasbahia360.com.br\/wp-content\/uploads\/2023\/10\/prisao-operacao-querubim-605x350-1.jpeg",605,350,false],"large":["https:\/\/noticiasbahia360.com.br\/wp-content\/uploads\/2023\/10\/prisao-operacao-querubim-605x350-1.jpeg",605,350,false],"1536x1536":["https:\/\/noticiasbahia360.com.br\/wp-content\/uploads\/2023\/10\/prisao-operacao-querubim-605x350-1.jpeg",605,350,false],"2048x2048":["https:\/\/noticiasbahia360.com.br\/wp-content\/uploads\/2023\/10\/prisao-operacao-querubim-605x350-1.jpeg",605,350,false],"chromenews-featured":["https:\/\/noticiasbahia360.com.br\/wp-content\/uploads\/2023\/10\/prisao-operacao-querubim-605x350-1.jpeg",605,350,false],"chromenews-large":["https:\/\/noticiasbahia360.com.br\/wp-content\/uploads\/2023\/10\/prisao-operacao-querubim-605x350-1.jpeg",605,350,false],"chromenews-medium":["https:\/\/noticiasbahia360.com.br\/wp-content\/uploads\/2023\/10\/prisao-operacao-querubim-605x350-1.jpeg",590,341,false]},"author_info":{"display_name":"noticiasbahia360.com.br","author_link":"https:\/\/noticiasbahia360.com.br\/?author=1"},"category_info":"<a href=\"https:\/\/noticiasbahia360.com.br\/?cat=8\" rel=\"category\">Bahia<\/a> <a href=\"https:\/\/noticiasbahia360.com.br\/?cat=9\" rel=\"category\">Brasil<\/a> <a href=\"https:\/\/noticiasbahia360.com.br\/?cat=6\" rel=\"category\">Feira de Santana<\/a> <a href=\"https:\/\/noticiasbahia360.com.br\/?cat=57\" rel=\"category\">Mundo<\/a> <a href=\"https:\/\/noticiasbahia360.com.br\/?cat=56\" rel=\"category\">Pol\u00edcia<\/a> <a href=\"https:\/\/noticiasbahia360.com.br\/?cat=10\" rel=\"category\">Pol\u00edtica<\/a>","tag_info":"Pol\u00edtica","comment_count":"0","_links":{"self":[{"href":"https:\/\/noticiasbahia360.com.br\/index.php?rest_route=\/wp\/v2\/posts\/1549","targetHints":{"allow":["GET"]}}],"collection":[{"href":"https:\/\/noticiasbahia360.com.br\/index.php?rest_route=\/wp\/v2\/posts"}],"about":[{"href":"https:\/\/noticiasbahia360.com.br\/index.php?rest_route=\/wp\/v2\/types\/post"}],"author":[{"embeddable":true,"href":"https:\/\/noticiasbahia360.com.br\/index.php?rest_route=\/wp\/v2\/users\/1"}],"replies":[{"embeddable":true,"href":"https:\/\/noticiasbahia360.com.br\/index.php?rest_route=%2Fwp%2Fv2%2Fcomments&post=1549"}],"version-history":[{"count":0,"href":"https:\/\/noticiasbahia360.com.br\/index.php?rest_route=\/wp\/v2\/posts\/1549\/revisions"}],"wp:featuredmedia":[{"embeddable":true,"href":"https:\/\/noticiasbahia360.com.br\/index.php?rest_route=\/wp\/v2\/media\/1550"}],"wp:attachment":[{"href":"https:\/\/noticiasbahia360.com.br\/index.php?rest_route=%2Fwp%2Fv2%2Fmedia&parent=1549"}],"wp:term":[{"taxonomy":"category","embeddable":true,"href":"https:\/\/noticiasbahia360.com.br\/index.php?rest_route=%2Fwp%2Fv2%2Fcategories&post=1549"},{"taxonomy":"post_tag","embeddable":true,"href":"https:\/\/noticiasbahia360.com.br\/index.php?rest_route=%2Fwp%2Fv2%2Ftags&post=1549"}],"curies":[{"name":"wp","href":"https:\/\/api.w.org\/{rel}","templated":true}]}}