{"id":15760,"date":"2024-03-05T07:03:42","date_gmt":"2024-03-05T10:03:42","guid":{"rendered":"https:\/\/noticiasbahia360.com.br\/?p=15760"},"modified":"2024-03-05T07:03:42","modified_gmt":"2024-03-05T10:03:42","slug":"governo-do-estado-formaliza-autorizacao-para-instalacao-das-fabricas-da-byd-em-camacari","status":"publish","type":"post","link":"https:\/\/noticiasbahia360.com.br\/?p=15760","title":{"rendered":"Governo do Estado formaliza autoriza\u00e7\u00e3o para instala\u00e7\u00e3o das f\u00e1bricas da BYD em Cama\u00e7ari"},"content":{"rendered":"<div>\n<div><img decoding=\"async\" src=\"http:\/\/noticiasbahia360.com.br\/wp-content\/uploads\/2024\/03\/byd_neysilva_acordacidade-4-300x169-1.jpeg\"><\/div>\n<figure class=\"wp-block-image size-full is-resized\"><img fetchpriority=\"high\" fetchpriority=\"high\" decoding=\"async\" width=\"640\" height=\"360\" src=\"http:\/\/noticiasbahia360.com.br\/wp-content\/uploads\/2024\/03\/byd_neysilva_acordacidade-4-640x350-1.jpeg\" alt=\"Lan\u00e7amento da BYD\" class=\"wp-image-326677\" style=\"width:841px;height:auto\" srcset=\"http:\/\/noticiasbahia360.com.br\/wp-content\/uploads\/2024\/03\/byd_neysilva_acordacidade-4-300x169-1.jpeg 300w, http:\/\/noticiasbahia360.com.br\/wp-content\/uploads\/2024\/03\/byd_neysilva_acordacidade-4-640x350-1.jpeg 640w\" sizes=\"(max-width: 640px) 100vw, 640px\"><figcaption class=\"wp-element-caption\">Foto: Ney Silva\/Acorda Cidade<\/figcaption><\/figure>\n<p>O Governo do Estado autorizou oficialmente, na segunda-feira (4), a aliena\u00e7\u00e3o da \u00e1rea localizada no polo petroqu\u00edmico de Cama\u00e7ari, e pertencente ao Estado da Bahia, \u00e0 empresa BYD. Com a formaliza\u00e7\u00e3o, a gigante chinesa fica legalmente autorizada a proceder com a instala\u00e7\u00e3o do complexo fabril que ir\u00e1 produzir ve\u00edculos el\u00e9tricos e h\u00edbridos em solo baiano.<\/p>\n<p>O ato foi oficializado ap\u00f3s BYD apresentar o projeto de empreendimento industrial para a \u00e1rea, com demonstra\u00e7\u00e3o de efeitos socioecon\u00f4micos, como prev\u00ea a legisla\u00e7\u00e3o estadual para essa finalidade. Ainda de acordo com a Procuradoria Geral do Estado (PGE), houve a publicidade do interesse da BYD e nenhuma outra empresa apresentou projeto efetivo econ\u00f4mico que pudesse demonstrar competitividade e necessidade de sele\u00e7\u00e3o, caracterizando inexigibilidade licitat\u00f3ria.<\/p>\n<p>Em outubro de 2023, a empresa foi autorizada a ingressar na \u00e1rea para complementa\u00e7\u00e3o de estudos ambientais e de viabilidade. O complexo fabril vai produzir ve\u00edculos de passeio e caminh\u00f5es el\u00e9tricos, na Bahia. A gigante asi\u00e1tica tamb\u00e9m vai fabricar carros h\u00edbridos, chassis de \u00f4nibus e processar l\u00edtio e ferro fosfato, que s\u00e3o utilizados nas baterias dos ve\u00edculos.<\/p>\n<p><em>Siga o Acorda Cidade no<\/em><a href=\"https:\/\/news.google.com\/search?q=acorda%20cidade&amp;hl=pt-BR&amp;gl=BR&amp;ceid=BR%3Apt-419\"><strong><em> Google Not\u00edcias<\/em><\/strong><\/a><em> e receba os principais destaques do dia. Participe tamb\u00e9m dos nossos grupos no <\/em><a href=\"https:\/\/chat.whatsapp.com\/GmuB0n1C0zz4wBRYfRDft2\"><strong><em>WhatsApp<\/em><\/strong><\/a><em> e <\/em><a href=\"https:\/\/t.me\/+sSz0khrgARA0ZmRh\"><strong><em>Telegram<\/em><\/strong><\/a><\/p>\n<p>The post <a href=\"https:\/\/www.acordacidade.com.br\/noticias\/bahia\/governo-do-estado-formaliza-autorizacao-para-instalacao-das-fabricas-da-byd-em-camacari\/\">Governo do Estado formaliza autoriza\u00e7\u00e3o para instala\u00e7\u00e3o das f\u00e1bricas da BYD em Cama\u00e7ari<\/a> appeared first on <a href=\"https:\/\/www.acordacidade.com.br\/\">Acorda Cidade &#8211; Portal de not\u00edcias de Feira de Santana<\/a>.<\/p>\n<\/div>\n","protected":false},"excerpt":{"rendered":"<div>\n<div><img decoding=\"async\" src=\"https:\/\/imagens.acordacidade.com.br\/wp-content\/uploads\/2023\/10\/09121304\/byd_neysilva_acordacidade-4-300x169.jpeg\"><\/div>\n<p>O complexo fabril vai produzir ve\u00edculos de passeio e caminh\u00f5es el\u00e9tricos, na Bahia. A gigante asi\u00e1tica tamb\u00e9m vai fabricar carros h\u00edbridos.<\/p>\n<p>The post <a href=\"https:\/\/www.acordacidade.com.br\/noticias\/bahia\/governo-do-estado-formaliza-autorizacao-para-instalacao-das-fabricas-da-byd-em-camacari\/\">Governo do Estado formaliza autoriza\u00e7\u00e3o para instala\u00e7\u00e3o das f\u00e1bricas da BYD em Cama\u00e7ari<\/a> appeared first on <a href=\"https:\/\/www.acordacidade.com.br\/\">Acorda Cidade &#8211; Portal de not\u00edcias de Feira de Santana<\/a>.<\/p>\n<\/div>\n","protected":false},"author":1,"featured_media":15761,"comment_status":"closed","ping_status":"closed","sticky":false,"template":"","format":"standard","meta":{"footnotes":""},"categories":[8,9,6,57,56,10],"tags":[],"class_list":["post-15760","post","type-post","status-publish","format-standard","has-post-thumbnail","hentry","category-bahia","category-brasil","category-feira-de-santana","category-mundo","category-policia","category-politica"],"featured_image_urls":{"full":["https:\/\/noticiasbahia360.com.br\/wp-content\/uploads\/2024\/03\/byd_neysilva_acordacidade-4-300x169-1.jpeg",300,169,false],"thumbnail":["https:\/\/noticiasbahia360.com.br\/wp-content\/uploads\/2024\/03\/byd_neysilva_acordacidade-4-300x169-1-150x150.jpeg",150,150,true],"medium":["https:\/\/noticiasbahia360.com.br\/wp-content\/uploads\/2024\/03\/byd_neysilva_acordacidade-4-300x169-1.jpeg",300,169,false],"medium_large":["https:\/\/noticiasbahia360.com.br\/wp-content\/uploads\/2024\/03\/byd_neysilva_acordacidade-4-300x169-1.jpeg",300,169,false],"large":["https:\/\/noticiasbahia360.com.br\/wp-content\/uploads\/2024\/03\/byd_neysilva_acordacidade-4-300x169-1.jpeg",300,169,false],"1536x1536":["https:\/\/noticiasbahia360.com.br\/wp-content\/uploads\/2024\/03\/byd_neysilva_acordacidade-4-300x169-1.jpeg",300,169,false],"2048x2048":["https:\/\/noticiasbahia360.com.br\/wp-content\/uploads\/2024\/03\/byd_neysilva_acordacidade-4-300x169-1.jpeg",300,169,false],"chromenews-featured":["https:\/\/noticiasbahia360.com.br\/wp-content\/uploads\/2024\/03\/byd_neysilva_acordacidade-4-300x169-1.jpeg",300,169,false],"chromenews-large":["https:\/\/noticiasbahia360.com.br\/wp-content\/uploads\/2024\/03\/byd_neysilva_acordacidade-4-300x169-1.jpeg",300,169,false],"chromenews-medium":["https:\/\/noticiasbahia360.com.br\/wp-content\/uploads\/2024\/03\/byd_neysilva_acordacidade-4-300x169-1.jpeg",300,169,false]},"author_info":{"display_name":"noticiasbahia360.com.br","author_link":"https:\/\/noticiasbahia360.com.br\/?author=1"},"category_info":"<a href=\"https:\/\/noticiasbahia360.com.br\/?cat=8\" rel=\"category\">Bahia<\/a> <a href=\"https:\/\/noticiasbahia360.com.br\/?cat=9\" rel=\"category\">Brasil<\/a> <a href=\"https:\/\/noticiasbahia360.com.br\/?cat=6\" rel=\"category\">Feira de Santana<\/a> <a href=\"https:\/\/noticiasbahia360.com.br\/?cat=57\" rel=\"category\">Mundo<\/a> <a href=\"https:\/\/noticiasbahia360.com.br\/?cat=56\" rel=\"category\">Pol\u00edcia<\/a> <a href=\"https:\/\/noticiasbahia360.com.br\/?cat=10\" rel=\"category\">Pol\u00edtica<\/a>","tag_info":"Pol\u00edtica","comment_count":"0","_links":{"self":[{"href":"https:\/\/noticiasbahia360.com.br\/index.php?rest_route=\/wp\/v2\/posts\/15760","targetHints":{"allow":["GET"]}}],"collection":[{"href":"https:\/\/noticiasbahia360.com.br\/index.php?rest_route=\/wp\/v2\/posts"}],"about":[{"href":"https:\/\/noticiasbahia360.com.br\/index.php?rest_route=\/wp\/v2\/types\/post"}],"author":[{"embeddable":true,"href":"https:\/\/noticiasbahia360.com.br\/index.php?rest_route=\/wp\/v2\/users\/1"}],"replies":[{"embeddable":true,"href":"https:\/\/noticiasbahia360.com.br\/index.php?rest_route=%2Fwp%2Fv2%2Fcomments&post=15760"}],"version-history":[{"count":0,"href":"https:\/\/noticiasbahia360.com.br\/index.php?rest_route=\/wp\/v2\/posts\/15760\/revisions"}],"wp:featuredmedia":[{"embeddable":true,"href":"https:\/\/noticiasbahia360.com.br\/index.php?rest_route=\/wp\/v2\/media\/15761"}],"wp:attachment":[{"href":"https:\/\/noticiasbahia360.com.br\/index.php?rest_route=%2Fwp%2Fv2%2Fmedia&parent=15760"}],"wp:term":[{"taxonomy":"category","embeddable":true,"href":"https:\/\/noticiasbahia360.com.br\/index.php?rest_route=%2Fwp%2Fv2%2Fcategories&post=15760"},{"taxonomy":"post_tag","embeddable":true,"href":"https:\/\/noticiasbahia360.com.br\/index.php?rest_route=%2Fwp%2Fv2%2Ftags&post=15760"}],"curies":[{"name":"wp","href":"https:\/\/api.w.org\/{rel}","templated":true}]}}