{"id":16086,"date":"2024-03-07T09:16:01","date_gmt":"2024-03-07T12:16:01","guid":{"rendered":"https:\/\/noticiasbahia360.com.br\/?p=16086"},"modified":"2024-03-07T09:16:01","modified_gmt":"2024-03-07T12:16:01","slug":"mudancas-sao-oportunidades","status":"publish","type":"post","link":"https:\/\/noticiasbahia360.com.br\/?p=16086","title":{"rendered":"Mudan\u00e7as s\u00e3o oportunidades!"},"content":{"rendered":"<div>\n<div><img decoding=\"async\" src=\"http:\/\/noticiasbahia360.com.br\/wp-content\/uploads\/2024\/03\/mensagem-do-dia-1-300x300-1.jpg\"><\/div>\n<figure class=\"wp-block-image size-full is-resized\"><img fetchpriority=\"high\" decoding=\"async\" width=\"480\" height=\"480\" src=\"http:\/\/noticiasbahia360.com.br\/wp-content\/uploads\/2024\/03\/mensagem-do-dia-1.jpg\" alt=\"\" class=\"wp-image-204825\" style=\"width:829px;height:auto\" srcset=\"http:\/\/noticiasbahia360.com.br\/wp-content\/uploads\/2024\/03\/mensagem-do-dia-1-300x300-1.jpg 300w, https:\/\/imagens.acordacidade.com.br\/wp-content\/uploads\/2022\/06\/21223347\/mensagem-do-dia-1-150x150.jpg 150w, http:\/\/noticiasbahia360.com.br\/wp-content\/uploads\/2024\/03\/mensagem-do-dia-1.jpg 480w\" sizes=\"(max-width: 480px) 100vw, 480px\"><figcaption class=\"wp-element-caption\">Mensagem do dia<\/figcaption><\/figure>\n<p><strong>Mensagem: quinta-feira, 07 de mar\u00e7o de 2024 \u2013<\/strong> N\u00e3o tenha medo de alterar de rumo ou de trocar de dire\u00e7\u00e3o. As mudan\u00e7as que fazemos \u00e0s vezes s\u00e3o tudo que precisamos para que novas portas se abram no nosso horizonte.<\/p>\n<p>\u00c9 verdade que \u00e9 dif\u00edcil largar h\u00e1bitos e rotinas que fizeram parte da nossa vida durante muito tempo, mas acredite que fazer esse esfor\u00e7o valer\u00e1 muito a pena.<\/p>\n<p>Devemos ver a mudan\u00e7a como uma oportunidade de recome\u00e7o, como uma renova\u00e7\u00e3o. As mudan\u00e7as sempre provocam em n\u00f3s necessidade de adapta\u00e7\u00e3o, e este pode ser um aspecto muito positivo de crescimento e aprendizado.<\/p>\n<p>Tamb\u00e9m n\u00e3o podemos ter medo das mudan\u00e7as. Muitas vezes, para que algo que n\u00e3o est\u00e1 bom em nossa vida mude, precisamos tomar uma atitude, por mais duro que seja.<\/p>\n<p>\u00c0s vezes os nossos obst\u00e1culos est\u00e3o apenas disfar\u00e7ados e nos causam medo. A vida sempre nos d\u00e1 alternativas. E o que geralmente fazemos? Escolhemos a op\u00e7\u00e3o que nos faz permanecer na nossa zona de conforto ou a que \u201cparece clara\u201d Tudo por falta de coragem!<\/p>\n<p>Existe em cada um de n\u00f3s a capacidade de realizar e dar vida nova a tudo que nos cerca.<\/p>\n<p>Fonte: https:\/\/www.mundodasmensagens<\/p>\n<p>\u2014<\/p>\n<p>The post <a href=\"https:\/\/www.acordacidade.com.br\/noticias\/mensagem-do-dia\/mudancas-sao-oportunidades-4\/\">Mudan\u00e7as s\u00e3o oportunidades!<\/a> appeared first on <a href=\"https:\/\/www.acordacidade.com.br\/\">Acorda Cidade &#8211; Portal de not\u00edcias de Feira de Santana<\/a>.<\/p>\n<\/div>\n","protected":false},"excerpt":{"rendered":"<div>\n<div><img decoding=\"async\" src=\"https:\/\/imagens.acordacidade.com.br\/wp-content\/uploads\/2022\/06\/21223347\/mensagem-do-dia-1-300x300.jpg\"><\/div>\n<p>Existe em cada um de n\u00f3s a capacidade de realizar e dar vida nova a tudo que nos cerca.<\/p>\n<p>The post <a href=\"https:\/\/www.acordacidade.com.br\/noticias\/mensagem-do-dia\/mudancas-sao-oportunidades-4\/\">Mudan\u00e7as s\u00e3o oportunidades!<\/a> appeared first on <a href=\"https:\/\/www.acordacidade.com.br\/\">Acorda Cidade &#8211; Portal de not\u00edcias de Feira de Santana<\/a>.<\/p>\n<\/div>\n","protected":false},"author":1,"featured_media":16087,"comment_status":"closed","ping_status":"closed","sticky":false,"template":"","format":"standard","meta":{"footnotes":""},"categories":[8,9,6,57,56,10],"tags":[],"class_list":["post-16086","post","type-post","status-publish","format-standard","has-post-thumbnail","hentry","category-bahia","category-brasil","category-feira-de-santana","category-mundo","category-policia","category-politica"],"featured_image_urls":{"full":["https:\/\/noticiasbahia360.com.br\/wp-content\/uploads\/2024\/03\/mensagem-do-dia-1-300x300-1.jpg",300,300,false],"thumbnail":["https:\/\/noticiasbahia360.com.br\/wp-content\/uploads\/2024\/03\/mensagem-do-dia-1-300x300-1-150x150.jpg",150,150,true],"medium":["https:\/\/noticiasbahia360.com.br\/wp-content\/uploads\/2024\/03\/mensagem-do-dia-1-300x300-1.jpg",300,300,false],"medium_large":["https:\/\/noticiasbahia360.com.br\/wp-content\/uploads\/2024\/03\/mensagem-do-dia-1-300x300-1.jpg",300,300,false],"large":["https:\/\/noticiasbahia360.com.br\/wp-content\/uploads\/2024\/03\/mensagem-do-dia-1-300x300-1.jpg",300,300,false],"1536x1536":["https:\/\/noticiasbahia360.com.br\/wp-content\/uploads\/2024\/03\/mensagem-do-dia-1-300x300-1.jpg",300,300,false],"2048x2048":["https:\/\/noticiasbahia360.com.br\/wp-content\/uploads\/2024\/03\/mensagem-do-dia-1-300x300-1.jpg",300,300,false],"chromenews-featured":["https:\/\/noticiasbahia360.com.br\/wp-content\/uploads\/2024\/03\/mensagem-do-dia-1-300x300-1.jpg",300,300,false],"chromenews-large":["https:\/\/noticiasbahia360.com.br\/wp-content\/uploads\/2024\/03\/mensagem-do-dia-1-300x300-1.jpg",300,300,false],"chromenews-medium":["https:\/\/noticiasbahia360.com.br\/wp-content\/uploads\/2024\/03\/mensagem-do-dia-1-300x300-1.jpg",300,300,false]},"author_info":{"display_name":"noticiasbahia360.com.br","author_link":"https:\/\/noticiasbahia360.com.br\/?author=1"},"category_info":"<a href=\"https:\/\/noticiasbahia360.com.br\/?cat=8\" rel=\"category\">Bahia<\/a> <a href=\"https:\/\/noticiasbahia360.com.br\/?cat=9\" rel=\"category\">Brasil<\/a> <a href=\"https:\/\/noticiasbahia360.com.br\/?cat=6\" rel=\"category\">Feira de Santana<\/a> <a href=\"https:\/\/noticiasbahia360.com.br\/?cat=57\" rel=\"category\">Mundo<\/a> <a href=\"https:\/\/noticiasbahia360.com.br\/?cat=56\" rel=\"category\">Pol\u00edcia<\/a> <a href=\"https:\/\/noticiasbahia360.com.br\/?cat=10\" rel=\"category\">Pol\u00edtica<\/a>","tag_info":"Pol\u00edtica","comment_count":"0","_links":{"self":[{"href":"https:\/\/noticiasbahia360.com.br\/index.php?rest_route=\/wp\/v2\/posts\/16086","targetHints":{"allow":["GET"]}}],"collection":[{"href":"https:\/\/noticiasbahia360.com.br\/index.php?rest_route=\/wp\/v2\/posts"}],"about":[{"href":"https:\/\/noticiasbahia360.com.br\/index.php?rest_route=\/wp\/v2\/types\/post"}],"author":[{"embeddable":true,"href":"https:\/\/noticiasbahia360.com.br\/index.php?rest_route=\/wp\/v2\/users\/1"}],"replies":[{"embeddable":true,"href":"https:\/\/noticiasbahia360.com.br\/index.php?rest_route=%2Fwp%2Fv2%2Fcomments&post=16086"}],"version-history":[{"count":0,"href":"https:\/\/noticiasbahia360.com.br\/index.php?rest_route=\/wp\/v2\/posts\/16086\/revisions"}],"wp:featuredmedia":[{"embeddable":true,"href":"https:\/\/noticiasbahia360.com.br\/index.php?rest_route=\/wp\/v2\/media\/16087"}],"wp:attachment":[{"href":"https:\/\/noticiasbahia360.com.br\/index.php?rest_route=%2Fwp%2Fv2%2Fmedia&parent=16086"}],"wp:term":[{"taxonomy":"category","embeddable":true,"href":"https:\/\/noticiasbahia360.com.br\/index.php?rest_route=%2Fwp%2Fv2%2Fcategories&post=16086"},{"taxonomy":"post_tag","embeddable":true,"href":"https:\/\/noticiasbahia360.com.br\/index.php?rest_route=%2Fwp%2Fv2%2Ftags&post=16086"}],"curies":[{"name":"wp","href":"https:\/\/api.w.org\/{rel}","templated":true}]}}