{"id":1683,"date":"2023-10-19T23:27:02","date_gmt":"2023-10-20T02:27:02","guid":{"rendered":"https:\/\/noticiasbahia360.com.br\/?p=1683"},"modified":"2023-10-19T23:27:02","modified_gmt":"2023-10-20T02:27:02","slug":"comerciantes-de-barracas-demolidas-nao-aceitam-valor-proposto-em-indenizacao","status":"publish","type":"post","link":"https:\/\/noticiasbahia360.com.br\/?p=1683","title":{"rendered":"Comerciantes de barracas demolidas n\u00e3o aceitam valor proposto em indeniza\u00e7\u00e3o"},"content":{"rendered":"<div>\n<figure class=\"wp-block-image size-full is-resized\"><img fetchpriority=\"high\" decoding=\"async\" width=\"640\" height=\"288\" src=\"http:\/\/noticiasbahia360.com.br\/wp-content\/uploads\/2023\/10\/Reuniao-com-comerciantes-de-barracas-demolidas-Foto-Paulo-Jose-Acorda-Cidade.jpg\" alt=\"\" class=\"wp-image-329672\" style=\"aspect-ratio:2.2222222222222223;width:840px;height:auto\" srcset=\"https:\/\/imagens.acordacidade.com.br\/wp-content\/uploads\/2023\/10\/19214123\/Reuniao-com-comerciantes-de-barracas-demolidas-Foto-Paulo-Jose-Acorda-Cidade-300x135.jpg 300w, http:\/\/noticiasbahia360.com.br\/wp-content\/uploads\/2023\/10\/Reuniao-com-comerciantes-de-barracas-demolidas-Foto-Paulo-Jose-Acorda-Cidade.jpg 640w\" sizes=\"(max-width: 640px) 100vw, 640px\"><figcaption class=\"wp-element-caption\">Foto: Paulo Jos\u00e9\/Acorda Cidade<\/figcaption><\/figure>\n<p><a href=\"https:\/\/www.acordacidade.com.br\/noticias\/feira-de-santana\/prefeitura-de-feira-de-santana-inicia-processo-de-demolicao-das-barracas-proximas-ao-feiraguay\/\">Os comerciantes das proximidades do Feiraguay que tiveram as suas barracas demolidas no dia 16 de outubro<\/a> e ser\u00e3o relocados para um shopping que tamb\u00e9m fica localizado pr\u00f3ximo ao entreposto comercial, se reuniram na tarde de hoje (19), com o secret\u00e1rio municipal de trabalho, turismo e desenvolvimento econ\u00f4mico, Wilson Falc\u00e3o e advogado para chegarem a um acordo sobre dificuldades enfrentadas at\u00e9 a reloca\u00e7\u00e3o e o valor de indeniza\u00e7\u00e3o que ser\u00e1 pago a eles pelo per\u00edodo que ficarem com as atividades suspensas.<\/p>\n<p>A previs\u00e3o \u00e9 que eles se estabele\u00e7am no novo local em at\u00e9 120 dias, mas o secret\u00e1rio j\u00e1 informou que depois de di\u00e1logo com o shopping, esse prazo foi reduzido e a estimativa \u00e9 que seja de 90 dias, de forma a minimizar impactos econ\u00f4micos a categoria.<\/p>\n<p>De acordo com o advogado Albino Brand\u00e3o, que representa os comerciantes, o advogado do shopping n\u00e3o compareceu a reuni\u00e3o. Ele frisou que o encontro de hoje n\u00e3o chegou a nenhuma defini\u00e7\u00e3o, justamente pela falta de representa\u00e7\u00e3o da empresa.<\/p>\n<p>Ele frisou o valor de um sal\u00e1rio m\u00ednimo proposto para ser pago mensalmente aos comerciantes at\u00e9 a reloca\u00e7\u00e3o n\u00e3o foi aceito pelos seus clientes, pois a quantia \u00e9 \u00ednfima e n\u00e3o cobre todas as despesas dos trabalhadores.<\/p>\n<p>\u201cPossivelmente teremos outra reuni\u00e3o com o advogado representante do shopping para definir o valor que ser\u00e1 pago aos comerciantes\u201d, comentou.<\/p>\n<p>Ele informou tamb\u00e9m que a reuni\u00e3o de hoje fez a identifica\u00e7\u00e3o e o cadastro de todos os 11 comerciantes que trabalham no local.<\/p>\n<p>O secret\u00e1rio Wilson Falc\u00e3o confirmou que possivelmente na segunda-feira ou ter\u00e7a-feira que vem (24) haver\u00e1 uma nova reuni\u00e3o e que uma audi\u00eancia foi solicitada pela Justi\u00e7a para ocorrer no dia 16 de novembro.<\/p>\n<p>\u201cFoi feito um TAC, mas o advogado reivindicou um valor maior e dever\u00e1 ocorrer uma nova rodada de negocia\u00e7\u00f5es com o requerimento dos advogados e os representantes do shopping\u201d, declarou.<\/p>\n<p><em>Com informa\u00e7\u00f5es do rep\u00f3rter Paulo Jos\u00e9 do Acorda Cidade.<\/em><\/p>\n<p><strong>Leia tamb\u00e9m:<\/strong><\/p>\n<p><a href=\"https:\/\/www.acordacidade.com.br\/noticias\/feira-de-santana\/prefeitura-de-feira-de-santana-inicia-processo-de-demolicao-das-barracas-proximas-ao-feiraguay\/\">Prefeitura de Feira de Santana inicia processo de demoli\u00e7\u00e3o das barracas pr\u00f3ximas ao Feiraguay<\/a><\/p>\n<p>The post <a rel=\"nofollow\" href=\"https:\/\/www.acordacidade.com.br\/noticias\/feira-de-santana\/comerciantes-de-barracas-demolidas-nao-aceitam-valor-proposto-em-indenizacao\/\">Comerciantes de barracas demolidas n\u00e3o aceitam valor proposto em indeniza\u00e7\u00e3o<\/a> appeared first on <a rel=\"nofollow\" href=\"https:\/\/www.acordacidade.com.br\/\">Acorda Cidade &#8211; Portal de not\u00edcias de Feira de Santana<\/a>.<\/p>\n<\/div>\n","protected":false},"excerpt":{"rendered":"<div>\n<p>Comerciantes de barracas demolidas n\u00e3o aceitam valor proposto em indeniza\u00e7\u00e3o<\/p>\n<p>The post <a rel=\"nofollow\" href=\"https:\/\/www.acordacidade.com.br\/noticias\/feira-de-santana\/comerciantes-de-barracas-demolidas-nao-aceitam-valor-proposto-em-indenizacao\/\">Comerciantes de barracas demolidas n\u00e3o aceitam valor proposto em indeniza\u00e7\u00e3o<\/a> appeared first on <a rel=\"nofollow\" href=\"https:\/\/www.acordacidade.com.br\/\">Acorda Cidade &#8211; Portal de not\u00edcias de Feira de Santana<\/a>.<\/p>\n<\/div>\n","protected":false},"author":1,"featured_media":1684,"comment_status":"closed","ping_status":"closed","sticky":false,"template":"","format":"standard","meta":{"footnotes":""},"categories":[8,9,6,57,56,10],"tags":[],"class_list":["post-1683","post","type-post","status-publish","format-standard","has-post-thumbnail","hentry","category-bahia","category-brasil","category-feira-de-santana","category-mundo","category-policia","category-politica"],"featured_image_urls":{"full":["https:\/\/noticiasbahia360.com.br\/wp-content\/uploads\/2023\/10\/Reuniao-com-comerciantes-de-barracas-demolidas-Foto-Paulo-Jose-Acorda-Cidade.jpg",640,288,false],"thumbnail":["https:\/\/noticiasbahia360.com.br\/wp-content\/uploads\/2023\/10\/Reuniao-com-comerciantes-de-barracas-demolidas-Foto-Paulo-Jose-Acorda-Cidade-150x150.jpg",150,150,true],"medium":["https:\/\/noticiasbahia360.com.br\/wp-content\/uploads\/2023\/10\/Reuniao-com-comerciantes-de-barracas-demolidas-Foto-Paulo-Jose-Acorda-Cidade-300x135.jpg",300,135,true],"medium_large":["https:\/\/noticiasbahia360.com.br\/wp-content\/uploads\/2023\/10\/Reuniao-com-comerciantes-de-barracas-demolidas-Foto-Paulo-Jose-Acorda-Cidade.jpg",640,288,false],"large":["https:\/\/noticiasbahia360.com.br\/wp-content\/uploads\/2023\/10\/Reuniao-com-comerciantes-de-barracas-demolidas-Foto-Paulo-Jose-Acorda-Cidade.jpg",640,288,false],"1536x1536":["https:\/\/noticiasbahia360.com.br\/wp-content\/uploads\/2023\/10\/Reuniao-com-comerciantes-de-barracas-demolidas-Foto-Paulo-Jose-Acorda-Cidade.jpg",640,288,false],"2048x2048":["https:\/\/noticiasbahia360.com.br\/wp-content\/uploads\/2023\/10\/Reuniao-com-comerciantes-de-barracas-demolidas-Foto-Paulo-Jose-Acorda-Cidade.jpg",640,288,false],"chromenews-featured":["https:\/\/noticiasbahia360.com.br\/wp-content\/uploads\/2023\/10\/Reuniao-com-comerciantes-de-barracas-demolidas-Foto-Paulo-Jose-Acorda-Cidade.jpg",640,288,false],"chromenews-large":["https:\/\/noticiasbahia360.com.br\/wp-content\/uploads\/2023\/10\/Reuniao-com-comerciantes-de-barracas-demolidas-Foto-Paulo-Jose-Acorda-Cidade.jpg",640,288,false],"chromenews-medium":["https:\/\/noticiasbahia360.com.br\/wp-content\/uploads\/2023\/10\/Reuniao-com-comerciantes-de-barracas-demolidas-Foto-Paulo-Jose-Acorda-Cidade.jpg",590,266,false]},"author_info":{"display_name":"noticiasbahia360.com.br","author_link":"https:\/\/noticiasbahia360.com.br\/?author=1"},"category_info":"<a href=\"https:\/\/noticiasbahia360.com.br\/?cat=8\" rel=\"category\">Bahia<\/a> <a href=\"https:\/\/noticiasbahia360.com.br\/?cat=9\" rel=\"category\">Brasil<\/a> <a href=\"https:\/\/noticiasbahia360.com.br\/?cat=6\" rel=\"category\">Feira de Santana<\/a> <a href=\"https:\/\/noticiasbahia360.com.br\/?cat=57\" rel=\"category\">Mundo<\/a> <a href=\"https:\/\/noticiasbahia360.com.br\/?cat=56\" rel=\"category\">Pol\u00edcia<\/a> <a href=\"https:\/\/noticiasbahia360.com.br\/?cat=10\" rel=\"category\">Pol\u00edtica<\/a>","tag_info":"Pol\u00edtica","comment_count":"0","_links":{"self":[{"href":"https:\/\/noticiasbahia360.com.br\/index.php?rest_route=\/wp\/v2\/posts\/1683","targetHints":{"allow":["GET"]}}],"collection":[{"href":"https:\/\/noticiasbahia360.com.br\/index.php?rest_route=\/wp\/v2\/posts"}],"about":[{"href":"https:\/\/noticiasbahia360.com.br\/index.php?rest_route=\/wp\/v2\/types\/post"}],"author":[{"embeddable":true,"href":"https:\/\/noticiasbahia360.com.br\/index.php?rest_route=\/wp\/v2\/users\/1"}],"replies":[{"embeddable":true,"href":"https:\/\/noticiasbahia360.com.br\/index.php?rest_route=%2Fwp%2Fv2%2Fcomments&post=1683"}],"version-history":[{"count":0,"href":"https:\/\/noticiasbahia360.com.br\/index.php?rest_route=\/wp\/v2\/posts\/1683\/revisions"}],"wp:featuredmedia":[{"embeddable":true,"href":"https:\/\/noticiasbahia360.com.br\/index.php?rest_route=\/wp\/v2\/media\/1684"}],"wp:attachment":[{"href":"https:\/\/noticiasbahia360.com.br\/index.php?rest_route=%2Fwp%2Fv2%2Fmedia&parent=1683"}],"wp:term":[{"taxonomy":"category","embeddable":true,"href":"https:\/\/noticiasbahia360.com.br\/index.php?rest_route=%2Fwp%2Fv2%2Fcategories&post=1683"},{"taxonomy":"post_tag","embeddable":true,"href":"https:\/\/noticiasbahia360.com.br\/index.php?rest_route=%2Fwp%2Fv2%2Ftags&post=1683"}],"curies":[{"name":"wp","href":"https:\/\/api.w.org\/{rel}","templated":true}]}}