{"id":1687,"date":"2023-10-20T06:31:38","date_gmt":"2023-10-20T09:31:38","guid":{"rendered":"https:\/\/noticiasbahia360.com.br\/?p=1687"},"modified":"2023-10-20T06:31:38","modified_gmt":"2023-10-20T09:31:38","slug":"deputado-esclarece-a-falta-de-agua-recorrente-em-diversos-bairros-de-feira-de-santana","status":"publish","type":"post","link":"https:\/\/noticiasbahia360.com.br\/?p=1687","title":{"rendered":"Deputado esclarece a falta de \u00e1gua recorrente em diversos bairros de Feira de Santana"},"content":{"rendered":"<div>\n<figure class=\"wp-block-image size-full is-resized\"><img fetchpriority=\"high\" decoding=\"async\" fetchpriority=\"high\" width=\"640\" height=\"480\" src=\"http:\/\/noticiasbahia360.com.br\/wp-content\/uploads\/2023\/10\/Ascom-Embasa-640x350-1.jpg\" alt=\"Adutora constru\u00edda pela embasa\" class=\"wp-image-329034\" style=\"aspect-ratio:1.3333333333333333;width:840px;height:auto\" srcset=\"https:\/\/imagens.acordacidade.com.br\/wp-content\/uploads\/2023\/10\/18110204\/Ascom-Embasa-300x225.jpg 300w, http:\/\/noticiasbahia360.com.br\/wp-content\/uploads\/2023\/10\/Ascom-Embasa-640x350-1.jpg 640w\" sizes=\"(max-width: 640px) 100vw, 640px\"><figcaption class=\"wp-element-caption\">Foto: Ascom\/Embasa<\/figcaption><\/figure>\n<p>Moradores de diversos bairros de Feira de Santana t\u00eam relatado a falta de \u00e1gua na cidade. Localidades como Campo Limpo, Bras\u00edlia, Irm\u00e3 Dulce, Capuchinhos, Papagaio entre outras vem sofrendo com a interrup\u00e7\u00e3o do abastecimento. Como representante do governo do estado, o deputado federal Z\u00e9 Neto (PT), falou com o Acorda Cidade, diretamente de Bras\u00edlia, que um dos motivos para essa problem\u00e1tica \u00e9 o surgimento de novas casas na \u00e1rea norte de Feira que est\u00e3o sobrecarregando a rede de \u00e1gua da regi\u00e3o.\u00a0<\/p>\n<p>\u201cL\u00e1 atr\u00e1s a gente trouxe mais de 52 mil casas, boa parte dessas casas est\u00e3o na regi\u00e3o norte, ent\u00e3o essas pessoas sofrem mais porque a \u00e1gua passa ali e n\u00e3o consegue mais press\u00e3o para chegar na regi\u00e3o. J\u00e1 fizemos seis interven\u00e7\u00f5es importantes\u201d, disse.<\/p>\n<figure class=\"wp-block-image size-full is-resized\"><img decoding=\"async\" width=\"640\" height=\"426\" src=\"http:\/\/noticiasbahia360.com.br\/wp-content\/uploads\/2023\/10\/ze-neto-foto-pablo-valadares-camara-dos-deputados.jpg\" alt=\"\" class=\"wp-image-197503\" style=\"aspect-ratio:1.5023474178403755;width:839px;height:auto\" srcset=\"https:\/\/imagens.acordacidade.com.br\/wp-content\/uploads\/2022\/05\/21195522\/ze-neto-foto-pablo-valadares-camara-dos-deputados-300x200.jpg 300w, http:\/\/noticiasbahia360.com.br\/wp-content\/uploads\/2023\/10\/ze-neto-foto-pablo-valadares-camara-dos-deputados.jpg 640w\" sizes=\"(max-width: 640px) 100vw, 640px\"><figcaption class=\"wp-element-caption\">Z\u00e9 Neto | Foto: Pablo Valadares\/C\u00e2mara dos Deputados<\/figcaption><\/figure>\n<p>Segundo ele, quatro reservat\u00f3rios foram constru\u00eddos, mas ainda \u00e9 necess\u00e1rio dobrar o fornecimento de \u00e1gua para Feira.\u00a0<\/p>\n<p>\u201cA gente j\u00e1 inaugurou mais reservat\u00f3rios do lado do Tomba, aquele da paisagem n\u00e3o funciona, mas ali em baixo tem tr\u00eas novos reservat\u00f3rios. Inauguramos aquela parte e j\u00e1 estamos inaugurando a parte da adutora que vem de Pedra do Cavalo que vai dobrar o fornecimento de \u00e1gua para Feira. A cidade tem 1.500 litros de \u00e1gua por segundo, vai para quase tr\u00eas mil, podendo ser mais\u201d, pontuou.\u00a0<\/p>\n<p><a href=\"https:\/\/www.acordacidade.com.br\/noticias\/feira-de-santana\/nova-adutora-para-abastecer-regiao-de-feira-de-santana-esta-em-fase-final-de-implantacao\/\" target=\"_blank\" rel=\"noreferrer noopener\">O deputado tamb\u00e9m explicou durante a entrevista ao Acorda Cidade, o motivo da demora na entrega da nova adutora, de 27 quil\u00f4metros de extens\u00e3o que vai abastecer os munic\u00edpios de Feira de Santana, Concei\u00e7\u00e3o da Feira, S\u00e3o Gon\u00e7alo dos Campos, Santan\u00f3polis, Santa B\u00e1rbara e Tanquinho.\u00a0<\/a><\/p>\n<p>\u201cEst\u00e1 demorando um pouco mais, porque temos que fazer uma nova esta\u00e7\u00e3o de capta\u00e7\u00e3o e tratamento. J\u00e1 est\u00e3o sendo feitas, a gente acredita que entrega no ano que vem, mas s\u00e3o muitas obras, s\u00e3o quase 380 milh\u00f5es em obras j\u00e1\u201d, afirmou.\u00a0<\/p>\n<p>Sobre a falta de \u00e1gua no distrito de Matinha, ele tamb\u00e9m trouxe explica\u00e7\u00f5es para escassez. <a href=\"https:\/\/www.acordacidade.com.br\/noticias\/feira-de-santana\/ao-som-de-samba-de-roda-moradores-da-matinha-protestam-contra-falta-de-agua-dona-embasa-para-de-desculpinha\/\" target=\"_blank\" rel=\"noreferrer noopener\">No \u00faltimo dia 9 de outubro, os moradores da localidade protestaram sobre o abastecimento da regi\u00e3o. <\/a><\/p>\n<p>\u201cEst\u00e1 sendo feita uma interven\u00e7\u00e3o por tr\u00e1s, para n\u00e3o passar dentro da regi\u00e3o do Papagaio, para ver se conseguimos levar mais \u00e1gua, porque \u00e9 f\u00edsica mesmo. Ou voc\u00ea dobra mais a press\u00e3o ou a \u00e1gua n\u00e3o chega, porque tem muitas casas ali. Estamos falando de 52 mil casas, multiplicando por quatro, d\u00e1 mais de 208 mil pessoas que receberam casas em Feira, ent\u00e3o isso \u00e9 uma nova cidade. \u00c9 outro consumo com lavagem de pratos, de roupas, uma pessoa que morava com pai e com a m\u00e3e e agora tem a sua casa. A reclama\u00e7\u00e3o \u00e9 leg\u00edtima, e eu quero dizer que o governador Jer\u00f4nimo n\u00e3o tem medido esfor\u00e7os e estamos trabalhando\u201d, disse ao Acorda Cidade.\u00a0<\/p>\n<p>Z\u00e9 Neto ainda falou que as pessoas podem ver \u00e0s margens da rodovia pr\u00f3ximo a S\u00e3o Gon\u00e7alo dos Campos que as obras da adutora que vai duplicar o abastecimento que chega de Pedra do Cavalo para Feira. Al\u00e9m disso, ele informou  estar\u00e1 em reuni\u00e3o com o presidente da Embasa para pedir que a obra acelere.<\/p>\n<p><strong>Leia tamb\u00e9m:<\/strong><\/p>\n<p><a href=\"https:\/\/www.acordacidade.com.br\/noticias\/feira-de-santana\/ao-som-de-samba-de-roda-moradores-da-matinha-protestam-contra-falta-de-agua-dona-embasa-para-de-desculpinha\/\" target=\"_blank\" rel=\"noreferrer noopener\">Ao som de samba de roda, moradores da Matinha protestam contra falta de \u00e1gua: \u201cDona Embasa para de desculpinha\u201d<\/a><\/p>\n<p><a href=\"https:\/\/www.acordacidade.com.br\/noticias\/feira-de-santana\/nova-adutora-para-abastecer-regiao-de-feira-de-santana-esta-em-fase-final-de-implantacao\/\" target=\"_blank\" rel=\"noreferrer noopener\">Nova adutora para abastecer regi\u00e3o de Feira de Santana est\u00e1 em fase final de implanta\u00e7\u00e3o<\/a><\/p>\n<p><a href=\"https:\/\/www.acordacidade.com.br\/noticias\/feira-de-santana\/servicos-da-embasa-deixam-moradores-sem-agua-ha-varios-dias\/\" target=\"_blank\" rel=\"noreferrer noopener\">Servi\u00e7os da Embasa deixam moradores sem \u00e1gua h\u00e1 v\u00e1rios dias<\/a><\/p>\n<p><em>Siga o Acorda Cidade no<a href=\"https:\/\/news.google.com\/search?q=acorda%20cidade&amp;hl=pt-BR&amp;gl=BR&amp;ceid=BR%3Apt-419\" target=\"_blank\" rel=\"noreferrer noopener\">\u00a0Google Not\u00edcias<\/a>\u00a0e receba os principais destaques do dia.\u00a0Participe tamb\u00e9m dos nossos grupos no\u00a0<a href=\"https:\/\/chat.whatsapp.com\/Fj2agnR6CdwLEb9Uqew8QI\" target=\"_blank\" rel=\"noreferrer noopener\">WhatsApp<\/a>\u00a0e\u00a0<a href=\"https:\/\/t.me\/+sSz0khrgARA0ZmRh\" target=\"_blank\" rel=\"noreferrer noopener\">Telegram<\/a><\/em><\/p>\n<p>The post <a rel=\"nofollow\" href=\"https:\/\/www.acordacidade.com.br\/noticias\/feira-de-santana\/deputado-esclarece-a-falta-de-agua-recorrente-em-diversos-bairros-de-feira-de-santana\/\">Deputado esclarece a falta de \u00e1gua recorrente em diversos bairros de Feira de Santana<\/a> appeared first on <a rel=\"nofollow\" href=\"https:\/\/www.acordacidade.com.br\/\">Acorda Cidade &#8211; Portal de not\u00edcias de Feira de Santana<\/a>.<\/p>\n<\/div>\n","protected":false},"excerpt":{"rendered":"<div>\n<p>Uma adutora de 27 quil\u00f4metros est\u00e1 sendo constru\u00edda para dobrar o abastecimento da cidade e de munic\u00edpios do estado.<\/p>\n<p>The post <a rel=\"nofollow\" href=\"https:\/\/www.acordacidade.com.br\/noticias\/feira-de-santana\/deputado-esclarece-a-falta-de-agua-recorrente-em-diversos-bairros-de-feira-de-santana\/\">Deputado esclarece a falta de \u00e1gua recorrente em diversos bairros de Feira de Santana<\/a> appeared first on <a rel=\"nofollow\" href=\"https:\/\/www.acordacidade.com.br\/\">Acorda Cidade &#8211; Portal de not\u00edcias de Feira de Santana<\/a>.<\/p>\n<\/div>\n","protected":false},"author":1,"featured_media":1688,"comment_status":"closed","ping_status":"closed","sticky":false,"template":"","format":"standard","meta":{"footnotes":""},"categories":[8,9,6,57,56,10],"tags":[],"class_list":["post-1687","post","type-post","status-publish","format-standard","has-post-thumbnail","hentry","category-bahia","category-brasil","category-feira-de-santana","category-mundo","category-policia","category-politica"],"featured_image_urls":{"full":["https:\/\/noticiasbahia360.com.br\/wp-content\/uploads\/2023\/10\/Ascom-Embasa-640x350-1.jpg",640,350,false],"thumbnail":["https:\/\/noticiasbahia360.com.br\/wp-content\/uploads\/2023\/10\/Ascom-Embasa-640x350-1-150x150.jpg",150,150,true],"medium":["https:\/\/noticiasbahia360.com.br\/wp-content\/uploads\/2023\/10\/Ascom-Embasa-640x350-1-300x164.jpg",300,164,true],"medium_large":["https:\/\/noticiasbahia360.com.br\/wp-content\/uploads\/2023\/10\/Ascom-Embasa-640x350-1.jpg",640,350,false],"large":["https:\/\/noticiasbahia360.com.br\/wp-content\/uploads\/2023\/10\/Ascom-Embasa-640x350-1.jpg",640,350,false],"1536x1536":["https:\/\/noticiasbahia360.com.br\/wp-content\/uploads\/2023\/10\/Ascom-Embasa-640x350-1.jpg",640,350,false],"2048x2048":["https:\/\/noticiasbahia360.com.br\/wp-content\/uploads\/2023\/10\/Ascom-Embasa-640x350-1.jpg",640,350,false],"chromenews-featured":["https:\/\/noticiasbahia360.com.br\/wp-content\/uploads\/2023\/10\/Ascom-Embasa-640x350-1.jpg",640,350,false],"chromenews-large":["https:\/\/noticiasbahia360.com.br\/wp-content\/uploads\/2023\/10\/Ascom-Embasa-640x350-1.jpg",640,350,false],"chromenews-medium":["https:\/\/noticiasbahia360.com.br\/wp-content\/uploads\/2023\/10\/Ascom-Embasa-640x350-1.jpg",590,323,false]},"author_info":{"display_name":"noticiasbahia360.com.br","author_link":"https:\/\/noticiasbahia360.com.br\/?author=1"},"category_info":"<a href=\"https:\/\/noticiasbahia360.com.br\/?cat=8\" rel=\"category\">Bahia<\/a> <a href=\"https:\/\/noticiasbahia360.com.br\/?cat=9\" rel=\"category\">Brasil<\/a> <a href=\"https:\/\/noticiasbahia360.com.br\/?cat=6\" rel=\"category\">Feira de Santana<\/a> <a href=\"https:\/\/noticiasbahia360.com.br\/?cat=57\" rel=\"category\">Mundo<\/a> <a href=\"https:\/\/noticiasbahia360.com.br\/?cat=56\" rel=\"category\">Pol\u00edcia<\/a> <a href=\"https:\/\/noticiasbahia360.com.br\/?cat=10\" rel=\"category\">Pol\u00edtica<\/a>","tag_info":"Pol\u00edtica","comment_count":"0","_links":{"self":[{"href":"https:\/\/noticiasbahia360.com.br\/index.php?rest_route=\/wp\/v2\/posts\/1687","targetHints":{"allow":["GET"]}}],"collection":[{"href":"https:\/\/noticiasbahia360.com.br\/index.php?rest_route=\/wp\/v2\/posts"}],"about":[{"href":"https:\/\/noticiasbahia360.com.br\/index.php?rest_route=\/wp\/v2\/types\/post"}],"author":[{"embeddable":true,"href":"https:\/\/noticiasbahia360.com.br\/index.php?rest_route=\/wp\/v2\/users\/1"}],"replies":[{"embeddable":true,"href":"https:\/\/noticiasbahia360.com.br\/index.php?rest_route=%2Fwp%2Fv2%2Fcomments&post=1687"}],"version-history":[{"count":0,"href":"https:\/\/noticiasbahia360.com.br\/index.php?rest_route=\/wp\/v2\/posts\/1687\/revisions"}],"wp:featuredmedia":[{"embeddable":true,"href":"https:\/\/noticiasbahia360.com.br\/index.php?rest_route=\/wp\/v2\/media\/1688"}],"wp:attachment":[{"href":"https:\/\/noticiasbahia360.com.br\/index.php?rest_route=%2Fwp%2Fv2%2Fmedia&parent=1687"}],"wp:term":[{"taxonomy":"category","embeddable":true,"href":"https:\/\/noticiasbahia360.com.br\/index.php?rest_route=%2Fwp%2Fv2%2Fcategories&post=1687"},{"taxonomy":"post_tag","embeddable":true,"href":"https:\/\/noticiasbahia360.com.br\/index.php?rest_route=%2Fwp%2Fv2%2Ftags&post=1687"}],"curies":[{"name":"wp","href":"https:\/\/api.w.org\/{rel}","templated":true}]}}