{"id":1690,"date":"2023-10-20T07:24:44","date_gmt":"2023-10-20T10:24:44","guid":{"rendered":"https:\/\/noticiasbahia360.com.br\/?p=1690"},"modified":"2023-10-20T07:24:44","modified_gmt":"2023-10-20T10:24:44","slug":"colegio-assis-chateubriand-em-feira-de-santana-e-premiado-em-edital-da-fapesb","status":"publish","type":"post","link":"https:\/\/noticiasbahia360.com.br\/?p=1690","title":{"rendered":"Col\u00e9gio Assis Chateubriand, em Feira de Santana, \u00e9 premiado em edital da Fapesb"},"content":{"rendered":"<div>\n<figure class=\"wp-block-image size-full is-resized\"><img fetchpriority=\"high\" decoding=\"async\" fetchpriority=\"high\" width=\"640\" height=\"426\" src=\"http:\/\/noticiasbahia360.com.br\/wp-content\/uploads\/2023\/10\/Ciencia-jovem-cientista-640x350-1.jpg\" alt=\"Ci\u00eancia\" class=\"wp-image-329691\" style=\"aspect-ratio:1.5023474178403755;width:837px;height:auto\" srcset=\"https:\/\/imagens.acordacidade.com.br\/wp-content\/uploads\/2023\/10\/20065414\/Ciencia-jovem-cientista--300x200.jpg 300w, http:\/\/noticiasbahia360.com.br\/wp-content\/uploads\/2023\/10\/Ciencia-jovem-cientista-640x350-1.jpg 640w\" sizes=\"(max-width: 640px) 100vw, 640px\"><figcaption class=\"wp-element-caption\">Foto: Ilustrativa\/ Pedro Moraes<\/figcaption><\/figure>\n<p>Sete col\u00e9gios da rede estadual de ensino foram premiados pelo edital de Apoio \u00e0 Pr\u00e1tica de Pesquisa e do Empreendedorismo em Escolas de Educa\u00e7\u00e3o B\u00e1sica da Bahia, promovido pela Funda\u00e7\u00e3o de Amparo \u00e0 Pesquisa do Estado da Bahia (Fapesb), \u00f3rg\u00e3o vinculado \u00e0 Secretaria de Ci\u00eancia, Tecnologia e Inova\u00e7\u00e3o (Secti). <\/p>\n<p>O edital foi realizado em parceria com a Secretaria da Educa\u00e7\u00e3o do Estado (SEC) e visa fomentar a pr\u00e1tica de pesquisa de car\u00e1ter interdisciplinar e de empreendedorismo.<\/p>\n<figure class=\"wp-block-image size-full is-resized\"><img decoding=\"async\" width=\"640\" height=\"427\" src=\"http:\/\/noticiasbahia360.com.br\/wp-content\/uploads\/2023\/10\/Colegio-Assis-Chateaubriand_-Foto-Ed-Santos-640x350-1.jpg\" alt=\"Col\u00e9gio Assis Chateaubriand\" class=\"wp-image-230142\" style=\"aspect-ratio:1.4988290398126465;width:830px;height:auto\" srcset=\"https:\/\/imagens.acordacidade.com.br\/wp-content\/uploads\/2022\/09\/30161037\/Colegio-Assis-Chateaubriand_-Foto-Ed-Santos-300x200.jpg 300w, http:\/\/noticiasbahia360.com.br\/wp-content\/uploads\/2023\/10\/Colegio-Assis-Chateaubriand_-Foto-Ed-Santos-640x350-1.jpg 640w\" sizes=\"(max-width: 640px) 100vw, 640px\"><figcaption class=\"wp-element-caption\">Foto: Ed Santos\/Acorda Cidade<\/figcaption><\/figure>\n<p>No campo das Ci\u00eancias da Natureza e suas Tecnologias, o Centro Integrado de Educa\u00e7\u00e3o Assis Chateubriand, em Feira de Santana,  foi premiado pelo projeto  \u201cDo despertar das emo\u00e7\u00f5es aos polinizadores (melipin\u00edneos): a constru\u00e7\u00e3o de um jardim sensorial para pr\u00e1ticas etnobot\u00e2nicas, socioambientais e emocionais em uma escola p\u00fablica em Feira de Santana\u201d.<\/p>\n<p>J\u00e1 o Col\u00e9gio Estadual do Campo de Campo Formoso foi premiado pelo projeto \u201cArdu\u00edno: uma tecnologia no ensino de ci\u00eancias no Col\u00e9gio Estadual do Campo de Campo Formoso\u201d, e o Col\u00e9gio Estadual da Bahia (Central), em Salvador, pelo projeto \u201cSteam Club Bahia: rede colaborativa de clubes de ci\u00eancias\u201d.<\/p>\n<p>Para este edital, foram aceitas propostas em duas linhas de pesquisa: a Difus\u00e3o de Pr\u00e1ticas de Pesquisa, na qual os projetos devem estimular estudantes na difus\u00e3o da ci\u00eancia de car\u00e1ter cient\u00edfico ou tecnol\u00f3gico, a partir do seu n\u00edvel de forma\u00e7\u00e3o; e a Difus\u00e3o de Pr\u00e1ticas Empreendedoras, que motiva o estudante \u00e0 pr\u00e1tica do empreendedorismo, de maneira l\u00fadica, tamb\u00e9m a partir do seu n\u00edvel de forma\u00e7\u00e3o. Cada proposta selecionada receber\u00e1 at\u00e9 R$ 19.800 mil para viabilizar a execu\u00e7\u00e3o do projeto.<\/p>\n<p>Tamb\u00e9m no campo das Ci\u00eancias da Natureza e suas Tecnologias, o Col\u00e9gio Estadual Helena Magalh\u00e3es, em Salvador, foi premiado pelo projeto \u201cPr\u00e1ticas sustent\u00e1veis na escola: capta\u00e7\u00e3o e aproveitamento de \u00e1gua pluvial e gerenciamento de res\u00edduos s\u00f3lidos\u201d; e o Col\u00e9gio Estadual Paulo C\u00e9sar da Nova Almeida, em Ibirapitanga, pelo projeto \u201cHorta agroecol\u00f3gica: um incentivo \u00e0 promo\u00e7\u00e3o de pr\u00e1ticas sustent\u00e1veis em uma escola estadual no munic\u00edpio de Ibirapitanga\u201d.<\/p>\n<p>J\u00e1 no campo das Ci\u00eancias Humanas e Sociais Aplicadas foram premiados o Col\u00e9gio Estadual S\u00e3o Jos\u00e9, no munic\u00edpio de Santa B\u00e1rbara, pelo projeto \u201cAplicativo da Hist\u00f3ria, do Turismo e da Economia Solidaria do munic\u00edpio de Santa B\u00e1rbara-Bahia\u201d; e o Col\u00e9gio Democr\u00e1tico Estadual Professora Florentina Alves dos Santos, em Juazeiro, pelo projeto \u201cIdentidade, pertencimento e ancestralidade: a ci\u00eancia como impulsionadora do empoderamento escolar\u201d.<\/p>\n<p>A coordenadora do projeto no Col\u00e9gio Estadual Paulo C\u00e9sar da Nova Almeida, Dayane Ferreira Santos, falou sobre a import\u00e2ncia da iniciativa para a sua forma\u00e7\u00e3o e aprendizagem dos estudantes. \u201cFoi uma experi\u00eancia riqu\u00edssima e \u00fanica, tanto para mim quanto para meus alunos que participaram ativamente de todas as trilhas e at\u00e9 mesmo na produ\u00e7\u00e3o do pitch. Eles, realmente, foram protagonistas durante todo o processo. V\u00ea-los envolvidos e empolgados com cada etapa do edital n\u00e3o tem pre\u00e7o. Inclusive, ser\u00e1 de suma import\u00e2ncia que a Fapesb publique mais editais como este para que n\u00f3s, professores da Educa\u00e7\u00e3o B\u00e1sica, possamos fazer pesquisas no ch\u00e3o da escola\u201d, afirmou.<\/p>\n<p><em>Siga o Acorda Cidade no<a href=\"https:\/\/news.google.com\/search?q=acorda%20cidade&amp;hl=pt-BR&amp;gl=BR&amp;ceid=BR%3Apt-419\" target=\"_blank\" rel=\"noreferrer noopener\">\u00a0Google Not\u00edcias<\/a>\u00a0e receba os principais destaques do dia.\u00a0Participe tamb\u00e9m dos nossos grupos no\u00a0<a href=\"https:\/\/chat.whatsapp.com\/DfZ444xJRPxBxk6kXW5zIZ\" target=\"_blank\" rel=\"noreferrer noopener\">WhatsApp<\/a>\u00a0e\u00a0<a href=\"https:\/\/t.me\/+sSz0khrgARA0ZmRh\" target=\"_blank\" rel=\"noreferrer noopener\">Telegram<\/a><\/em><\/p>\n<p>The post <a rel=\"nofollow\" href=\"https:\/\/www.acordacidade.com.br\/noticias\/educacao\/colegio-assis-chateubriand-em-feira-de-santana-e-premiado-em-edital-da-fapesb\/\">Col\u00e9gio Assis Chateubriand, em Feira de Santana, \u00e9 premiado em edital da Fapesb<\/a> appeared first on <a rel=\"nofollow\" href=\"https:\/\/www.acordacidade.com.br\/\">Acorda Cidade &#8211; Portal de not\u00edcias de Feira de Santana<\/a>.<\/p>\n<\/div>\n","protected":false},"excerpt":{"rendered":"<div>\n<p>O edital foi realizado em parceria com a Secretaria da Educa\u00e7\u00e3o do Estado (SEC) e visa fomentar a pr\u00e1tica de pesquisa.<\/p>\n<p>The post <a rel=\"nofollow\" href=\"https:\/\/www.acordacidade.com.br\/noticias\/educacao\/colegio-assis-chateubriand-em-feira-de-santana-e-premiado-em-edital-da-fapesb\/\">Col\u00e9gio Assis Chateubriand, em Feira de Santana, \u00e9 premiado em edital da Fapesb<\/a> appeared first on <a rel=\"nofollow\" href=\"https:\/\/www.acordacidade.com.br\/\">Acorda Cidade &#8211; Portal de not\u00edcias de Feira de Santana<\/a>.<\/p>\n<\/div>\n","protected":false},"author":1,"featured_media":1691,"comment_status":"closed","ping_status":"closed","sticky":false,"template":"","format":"standard","meta":{"footnotes":""},"categories":[8,9,6,57,56,10],"tags":[],"class_list":["post-1690","post","type-post","status-publish","format-standard","has-post-thumbnail","hentry","category-bahia","category-brasil","category-feira-de-santana","category-mundo","category-policia","category-politica"],"featured_image_urls":{"full":["https:\/\/noticiasbahia360.com.br\/wp-content\/uploads\/2023\/10\/Ciencia-jovem-cientista-640x350-1.jpg",640,350,false],"thumbnail":["https:\/\/noticiasbahia360.com.br\/wp-content\/uploads\/2023\/10\/Ciencia-jovem-cientista-640x350-1-150x150.jpg",150,150,true],"medium":["https:\/\/noticiasbahia360.com.br\/wp-content\/uploads\/2023\/10\/Ciencia-jovem-cientista-640x350-1-300x164.jpg",300,164,true],"medium_large":["https:\/\/noticiasbahia360.com.br\/wp-content\/uploads\/2023\/10\/Ciencia-jovem-cientista-640x350-1.jpg",640,350,false],"large":["https:\/\/noticiasbahia360.com.br\/wp-content\/uploads\/2023\/10\/Ciencia-jovem-cientista-640x350-1.jpg",640,350,false],"1536x1536":["https:\/\/noticiasbahia360.com.br\/wp-content\/uploads\/2023\/10\/Ciencia-jovem-cientista-640x350-1.jpg",640,350,false],"2048x2048":["https:\/\/noticiasbahia360.com.br\/wp-content\/uploads\/2023\/10\/Ciencia-jovem-cientista-640x350-1.jpg",640,350,false],"chromenews-featured":["https:\/\/noticiasbahia360.com.br\/wp-content\/uploads\/2023\/10\/Ciencia-jovem-cientista-640x350-1.jpg",640,350,false],"chromenews-large":["https:\/\/noticiasbahia360.com.br\/wp-content\/uploads\/2023\/10\/Ciencia-jovem-cientista-640x350-1.jpg",640,350,false],"chromenews-medium":["https:\/\/noticiasbahia360.com.br\/wp-content\/uploads\/2023\/10\/Ciencia-jovem-cientista-640x350-1.jpg",590,323,false]},"author_info":{"display_name":"noticiasbahia360.com.br","author_link":"https:\/\/noticiasbahia360.com.br\/?author=1"},"category_info":"<a href=\"https:\/\/noticiasbahia360.com.br\/?cat=8\" rel=\"category\">Bahia<\/a> <a href=\"https:\/\/noticiasbahia360.com.br\/?cat=9\" rel=\"category\">Brasil<\/a> <a href=\"https:\/\/noticiasbahia360.com.br\/?cat=6\" rel=\"category\">Feira de Santana<\/a> <a href=\"https:\/\/noticiasbahia360.com.br\/?cat=57\" rel=\"category\">Mundo<\/a> <a href=\"https:\/\/noticiasbahia360.com.br\/?cat=56\" rel=\"category\">Pol\u00edcia<\/a> <a href=\"https:\/\/noticiasbahia360.com.br\/?cat=10\" rel=\"category\">Pol\u00edtica<\/a>","tag_info":"Pol\u00edtica","comment_count":"0","_links":{"self":[{"href":"https:\/\/noticiasbahia360.com.br\/index.php?rest_route=\/wp\/v2\/posts\/1690","targetHints":{"allow":["GET"]}}],"collection":[{"href":"https:\/\/noticiasbahia360.com.br\/index.php?rest_route=\/wp\/v2\/posts"}],"about":[{"href":"https:\/\/noticiasbahia360.com.br\/index.php?rest_route=\/wp\/v2\/types\/post"}],"author":[{"embeddable":true,"href":"https:\/\/noticiasbahia360.com.br\/index.php?rest_route=\/wp\/v2\/users\/1"}],"replies":[{"embeddable":true,"href":"https:\/\/noticiasbahia360.com.br\/index.php?rest_route=%2Fwp%2Fv2%2Fcomments&post=1690"}],"version-history":[{"count":0,"href":"https:\/\/noticiasbahia360.com.br\/index.php?rest_route=\/wp\/v2\/posts\/1690\/revisions"}],"wp:featuredmedia":[{"embeddable":true,"href":"https:\/\/noticiasbahia360.com.br\/index.php?rest_route=\/wp\/v2\/media\/1691"}],"wp:attachment":[{"href":"https:\/\/noticiasbahia360.com.br\/index.php?rest_route=%2Fwp%2Fv2%2Fmedia&parent=1690"}],"wp:term":[{"taxonomy":"category","embeddable":true,"href":"https:\/\/noticiasbahia360.com.br\/index.php?rest_route=%2Fwp%2Fv2%2Fcategories&post=1690"},{"taxonomy":"post_tag","embeddable":true,"href":"https:\/\/noticiasbahia360.com.br\/index.php?rest_route=%2Fwp%2Fv2%2Ftags&post=1690"}],"curies":[{"name":"wp","href":"https:\/\/api.w.org\/{rel}","templated":true}]}} 