{"id":1693,"date":"2023-10-20T08:52:15","date_gmt":"2023-10-20T11:52:15","guid":{"rendered":"https:\/\/noticiasbahia360.com.br\/?p=1693"},"modified":"2023-10-20T08:52:15","modified_gmt":"2023-10-20T11:52:15","slug":"juiz-tem-carro-cercado-por-criminosos-armados-e-e-executado-em-jaboatao-dos-guararapes","status":"publish","type":"post","link":"https:\/\/noticiasbahia360.com.br\/?p=1693","title":{"rendered":"Juiz tem carro cercado por criminosos armados e \u00e9 executado em Jaboat\u00e3o dos Guararapes"},"content":{"rendered":"<div>\n<figure class=\"wp-block-image size-full is-resized\"><img fetchpriority=\"high\" decoding=\"async\" fetchpriority=\"high\" width=\"640\" height=\"359\" src=\"http:\/\/noticiasbahia360.com.br\/wp-content\/uploads\/2023\/10\/juiz_reproducao-640x350-1.jpeg\" alt=\"Juiz\" class=\"wp-image-329743\" style=\"aspect-ratio:1.7827298050139275;width:840px;height:auto\" srcset=\"https:\/\/imagens.acordacidade.com.br\/wp-content\/uploads\/2023\/10\/20084316\/juiz_reproducao-300x168.jpeg 300w, http:\/\/noticiasbahia360.com.br\/wp-content\/uploads\/2023\/10\/juiz_reproducao-640x350-1.jpeg 640w\" sizes=\"(max-width: 640px) 100vw, 640px\"><figcaption class=\"wp-element-caption\">O juiz Paulo Torres Pereira da Silva tinha 69 anos \u2014 Foto: Reprodu\u00e7\u00e3o\/TV Globo<\/figcaption><\/figure>\n<p><span style=\"font-family: inherit; font-size: inherit; font-style: inherit; font-variant-ligatures: inherit; font-variant-caps: inherit; font-weight: inherit; letter-spacing: var(--font-size-60-responsive-book-letter-spacing); color: rgb(51, 51, 51); white-space-collapse: collapse;\">Um juiz foi assassinado a tiros no bairro de Candeias, no munic\u00edpio de\u00a0<\/span>Jaboat\u00e3o dos Guararapes<span style=\"font-family: inherit; font-size: inherit; font-style: inherit; font-variant-ligatures: inherit; font-variant-caps: inherit; font-weight: inherit; letter-spacing: var(--font-size-60-responsive-book-letter-spacing); color: rgb(51, 51, 51); white-space-collapse: collapse;\">, no Grande\u00a0<\/span>Recife<span style=\"font-family: inherit; font-size: inherit; font-style: inherit; font-variant-ligatures: inherit; font-variant-caps: inherit; font-weight: inherit; letter-spacing: var(--font-size-60-responsive-book-letter-spacing); color: rgb(51, 51, 51); white-space-collapse: collapse;\">, na noite da quinta-feira (19). Paulo Torres Pereira da Silva, de 69 anos, foi executado \u00e0s 20h18 na Rua Maria Digna Gameiro.<\/span><\/p>\n<p>Segundo as investiga\u00e7\u00f5es, o juiz dirigia o pr\u00f3prio carro quando foi cercado por um ve\u00edculo vermelho onde estavam criminosos armados, que dispararam v\u00e1rias vezes contra a v\u00edtima e fugiram em seguida.\u00a0At\u00e9 a \u00faltima atualiza\u00e7\u00e3o desta reportagem, a pol\u00edcia n\u00e3o havia informado sobre a motiva\u00e7\u00e3o do crime e sobre a identifica\u00e7\u00e3o e pris\u00e3o dos assassinos.<\/p>\n<p>Uma equipe do Servi\u00e7o de Atendimento M\u00f3vel de Urg\u00eancia (Samu) foi chamada. No entanto, quando os socorristas chegaram ao local, o juiz j\u00e1 estava morto.<\/p>\n<p>Segundo o Tribunal de Justi\u00e7a de Pernambuco (TJPE), Paulo Silva atuava na 21\u00aa Vara Civil de Recife e j\u00e1 trabalhou como desembargador substituto. Ele tinha mais de 30 anos de magistratura.<\/p>\n<p>O carro do juiz foi levado para a Unidade de Transporte e Oficina (Unitof) da\u00a0Pol\u00edcia Civil, localizada no bairro de Santo Amaro, no Centro do Recife, para que seja feita uma per\u00edcia no ve\u00edculo.<\/p>\n<ul>\n<li>A\u00a0Pol\u00edcia Militar\u00a0informou que recebeu, \u00e0s 20h30, um chamado sobre um homic\u00eddio em Barra de Jangada e que as investiga\u00e7\u00f5es ficam a cargo da Pol\u00edcia Civil;<\/li>\n<li>A Pol\u00edcia Civil iniciou a investiga\u00e7\u00e3o do caso e declarou que \u201cmais informa\u00e7\u00f5es poder\u00e3o ser repassadas em breve, ap\u00f3s as dilig\u00eancias iniciais\u201d.<\/li>\n<\/ul>\n<h2 class=\"wp-block-heading\" id=\"h-stf\">STF<\/h2>\n<p>O presidente do Supremo Tribunal Federal (STF), Lu\u00eds Roberto Barroso, prestou solidariedade \u00e0 fam\u00edlia e aos amigos da v\u00edtima.<\/p>\n<p>Barroso informou que conversou com o presidente do TJPE e que est\u00e1 em contato com as autoridades para apura\u00e7\u00e3o r\u00e1pida do caso.<\/p>\n<p>Ainda segundo o presidente do STF, o Conselho Nacional de Justi\u00e7a (CNJ) acompanhar\u00e1 os desdobramentos para garantir que a justi\u00e7a seja feita.<\/p>\n<h2 class=\"wp-block-heading\" id=\"h-tjpe\">TJPE<\/h2>\n<p><em>\u201cCom profundo pesar, o Tribunal de Justi\u00e7a de Pernambuco (TJPE) informa que o juiz de direito da 21\u00aa Vara C\u00edvel, Paulo Torres Pereira da Silva, foi assassinado na noite desta quinta-feira (19-10), em Jaboat\u00e3o dos Guararapes.<\/em><\/p>\n<p><em>Conhecido como Paul\u00e3o, o magistrado era muito querido por todos que fazem o Judici\u00e1rio pernambucano. Tinha 69 anos e era juiz h\u00e1 quase 34 anos. Em v\u00e1rias oportunidades, atuou como desembargador substituto.<\/em><\/p>\n<p><em>O Tribunal est\u00e1 entrando em contato com as autoridades policiais de Pernambuco e prestar\u00e1 todo o apoio necess\u00e1rio para o r\u00e1pido esclarecimento do crime e a responsabiliza\u00e7\u00e3o dos culpados.<\/em><\/p>\n<p><em>Que Deus conforte os cora\u00e7\u00f5es de familiares, parentes e amigos.\u201d<\/em><\/p>\n<h2 class=\"wp-block-heading\">Rep\u00fadio<\/h2>\n<p>Por meio de nota, a Associa\u00e7\u00e3o dos Magistrados de Pernambuco (Amepe) declarou que:<\/p>\n<ul>\n<li>Presta solidariedade a todos os familiares e amigos de Paulo Torres Pereira da Silva;<\/li>\n<li>\u201cManifesta rep\u00fadio e indigna\u00e7\u00e3o \u00e0 viol\u00eancia que culminou na morte do magistrado\u201d;<\/li>\n<li>\u201cEst\u00e1 acompanhando o caso junto \u00e0s autoridades competentes\u201d;<\/li>\n<li>\u201cEspera uma investiga\u00e7\u00e3o c\u00e9lere sobre as circunst\u00e2ncias que ocasionaram a morte do magistrado, com a puni\u00e7\u00e3o dos respons\u00e1veis com o rigor da lei\u201d.<\/li>\n<\/ul>\n<p><em>Fonte: g1<\/em><\/p>\n<p><em>Siga o Acorda Cidade no<a href=\"https:\/\/news.google.com\/search?q=acorda%20cidade&amp;hl=pt-BR&amp;gl=BR&amp;ceid=BR%3Apt-419\" target=\"_blank\" rel=\"noreferrer noopener\">\u00a0Google Not\u00edcias<\/a>\u00a0e receba os principais destaques do dia.\u00a0Participe tamb\u00e9m dos nossos grupos no\u00a0<a href=\"https:\/\/chat.whatsapp.com\/Fj2agnR6CdwLEb9Uqew8QI\" target=\"_blank\" rel=\"noreferrer noopener\">WhatsApp<\/a>\u00a0e\u00a0<a href=\"https:\/\/t.me\/+sSz0khrgARA0ZmRh\" target=\"_blank\" rel=\"noreferrer noopener\">Telegram<\/a><\/em><\/p>\n<\/p>\n<div class=\"wall protected-content\" style='box-sizing: inherit; margin: 0px; padding: 0px; border: 0px; font-variant-numeric: inherit; font-variant-east-asian: inherit; font-variant-alternates: inherit; font-variant-position: inherit; font-stretch: inherit; font-size: medium; line-height: inherit; font-family: glbOpenSans, \"Open Sans\", Arial, Inter, -apple-system, \"system-ui\", Roboto, \"Helvetica Neue\", Helvetica, Noto, Ubuntu, \"Segoe UI\", sans-serif; font-optical-sizing: inherit; font-kerning: inherit; font-feature-settings: inherit; font-variation-settings: inherit; vertical-align: baseline; color: rgb(51, 51, 51); white-space-collapse: collapse;'>\n<div id=\"chunk-7j4te\" style=\"box-sizing: inherit; margin: 0px; padding: 0px; border: 0px; font: inherit; vertical-align: baseline;\">\n<div class=\"mc-column content-text active-extra-styles \" data-block-type=\"unstyled\" data-block-weight=\"13\" data-block-id=\"5\" style=\"box-sizing: inherit; margin: var(--glb-sp-column-mg-top,0) auto var(--glb-sp-column-mg-bottom,0) auto; padding-top: 0px; padding-right: var(--glb-sp-column-padding-side); padding-bottom: 0px; padding-left: var(--glb-sp-column-padding-side); border: 0px; font-style: inherit; font-variant: inherit; font-weight: inherit; font-stretch: inherit; font-size: var(--font-size-60-responsive-book); line-height: var(--font-line-height-spaced); font-family: var(--font-family-book),var(--font-family-book-fallback); font-optical-sizing: inherit; font-kerning: inherit; font-feature-settings: var(--font-feature-settings-book-roman); font-variation-settings: var(--font-variation-settings-book-normal-roman); vertical-align: baseline; float: none; max-width: var(--glb-sp-column-max-width,85rem); width: var(--glb-sp-column-width,100%); clear: none; overflow-wrap: break-word; letter-spacing: var(--font-size-60-responsive-book-letter-spacing);\"><\/div>\n<\/div>\n<\/div>\n<p>The post <a rel=\"nofollow\" href=\"https:\/\/www.acordacidade.com.br\/noticias\/policia\/juiz-tem-carro-cercado-por-criminosos-armados-e-e-executado-em-jaboatao-dos-guararapes\/\">Juiz tem carro cercado por criminosos armados e \u00e9 executado em Jaboat\u00e3o dos Guararapes<\/a> appeared first on <a rel=\"nofollow\" href=\"https:\/\/www.acordacidade.com.br\/\">Acorda Cidade &#8211; Portal de not\u00edcias de Feira de Santana<\/a>.<\/p>\n<\/div>\n","protected":false},"excerpt":{"rendered":"<div>\n<p>Paulo Torres Pereira da Silva, de 69 anos, foi assassinado na noite da quinta-feira (19).<\/p>\n<p>The post <a rel=\"nofollow\" href=\"https:\/\/www.acordacidade.com.br\/noticias\/policia\/juiz-tem-carro-cercado-por-criminosos-armados-e-e-executado-em-jaboatao-dos-guararapes\/\">Juiz tem carro cercado por criminosos armados e \u00e9 executado em Jaboat\u00e3o dos Guararapes<\/a> appeared first on <a rel=\"nofollow\" href=\"https:\/\/www.acordacidade.com.br\/\">Acorda Cidade &#8211; Portal de not\u00edcias de Feira de Santana<\/a>.<\/p>\n<\/div>\n","protected":false},"author":1,"featured_media":1694,"comment_status":"closed","ping_status":"closed","sticky":false,"template":"","format":"standard","meta":{"footnotes":""},"categories":[8,9,6,57,56,10],"tags":[],"class_list":["post-1693","post","type-post","status-publish","format-standard","has-post-thumbnail","hentry","category-bahia","category-brasil","category-feira-de-santana","category-mundo","category-policia","category-politica"],"featured_image_urls":{"full":["https:\/\/noticiasbahia360.com.br\/wp-content\/uploads\/2023\/10\/juiz_reproducao-640x350-1.jpeg",640,350,false],"thumbnail":["https:\/\/noticiasbahia360.com.br\/wp-content\/uploads\/2023\/10\/juiz_reproducao-640x350-1-150x150.jpeg",150,150,true],"medium":["https:\/\/noticiasbahia360.com.br\/wp-content\/uploads\/2023\/10\/juiz_reproducao-640x350-1-300x164.jpeg",300,164,true],"medium_large":["https:\/\/noticiasbahia360.com.br\/wp-content\/uploads\/2023\/10\/juiz_reproducao-640x350-1.jpeg",640,350,false],"large":["https:\/\/noticiasbahia360.com.br\/wp-content\/uploads\/2023\/10\/juiz_reproducao-640x350-1.jpeg",640,350,false],"1536x1536":["https:\/\/noticiasbahia360.com.br\/wp-content\/uploads\/2023\/10\/juiz_reproducao-640x350-1.jpeg",640,350,false],"2048x2048":["https:\/\/noticiasbahia360.com.br\/wp-content\/uploads\/2023\/10\/juiz_reproducao-640x350-1.jpeg",640,350,false],"chromenews-featured":["https:\/\/noticiasbahia360.com.br\/wp-content\/uploads\/2023\/10\/juiz_reproducao-640x350-1.jpeg",640,350,false],"chromenews-large":["https:\/\/noticiasbahia360.com.br\/wp-content\/uploads\/2023\/10\/juiz_reproducao-640x350-1.jpeg",640,350,false],"chromenews-medium":["https:\/\/noticiasbahia360.com.br\/wp-content\/uploads\/2023\/10\/juiz_reproducao-640x350-1.jpeg",590,323,false]},"author_info":{"display_name":"noticiasbahia360.com.br","author_link":"https:\/\/noticiasbahia360.com.br\/?author=1"},"category_info":"<a href=\"https:\/\/noticiasbahia360.com.br\/?cat=8\" rel=\"category\">Bahia<\/a> <a href=\"https:\/\/noticiasbahia360.com.br\/?cat=9\" rel=\"category\">Brasil<\/a> <a href=\"https:\/\/noticiasbahia360.com.br\/?cat=6\" rel=\"category\">Feira de Santana<\/a> <a href=\"https:\/\/noticiasbahia360.com.br\/?cat=57\" rel=\"category\">Mundo<\/a> <a href=\"https:\/\/noticiasbahia360.com.br\/?cat=56\" rel=\"category\">Pol\u00edcia<\/a> <a href=\"https:\/\/noticiasbahia360.com.br\/?cat=10\" rel=\"category\">Pol\u00edtica<\/a>","tag_info":"Pol\u00edtica","comment_count":"0","_links":{"self":[{"href":"https:\/\/noticiasbahia360.com.br\/index.php?rest_route=\/wp\/v2\/posts\/1693","targetHints":{"allow":["GET"]}}],"collection":[{"href":"https:\/\/noticiasbahia360.com.br\/index.php?rest_route=\/wp\/v2\/posts"}],"about":[{"href":"https:\/\/noticiasbahia360.com.br\/index.php?rest_route=\/wp\/v2\/types\/post"}],"author":[{"embeddable":true,"href":"https:\/\/noticiasbahia360.com.br\/index.php?rest_route=\/wp\/v2\/users\/1"}],"replies":[{"embeddable":true,"href":"https:\/\/noticiasbahia360.com.br\/index.php?rest_route=%2Fwp%2Fv2%2Fcomments&post=1693"}],"version-history":[{"count":0,"href":"https:\/\/noticiasbahia360.com.br\/index.php?rest_route=\/wp\/v2\/posts\/1693\/revisions"}],"wp:featuredmedia":[{"embeddable":true,"href":"https:\/\/noticiasbahia360.com.br\/index.php?rest_route=\/wp\/v2\/media\/1694"}],"wp:attachment":[{"href":"https:\/\/noticiasbahia360.com.br\/index.php?rest_route=%2Fwp%2Fv2%2Fmedia&parent=1693"}],"wp:term":[{"taxonomy":"category","embeddable":true,"href":"https:\/\/noticiasbahia360.com.br\/index.php?rest_route=%2Fwp%2Fv2%2Fcategories&post=1693"},{"taxonomy":"post_tag","embeddable":true,"href":"https:\/\/noticiasbahia360.com.br\/index.php?rest_route=%2Fwp%2Fv2%2Ftags&post=1693"}],"curies":[{"name":"wp","href":"https:\/\/api.w.org\/{rel}","templated":true}]}} 