{"id":41431,"date":"2024-08-08T22:19:20","date_gmt":"2024-08-09T01:19:20","guid":{"rendered":"https:\/\/noticiasbahia360.com.br\/?p=41431"},"modified":"2024-08-08T22:19:20","modified_gmt":"2024-08-09T01:19:20","slug":"vacinacao-contra-a-raiva-para-caes-e-gatos-disponivel-em-10-bairros-neste-sabado-10","status":"publish","type":"post","link":"https:\/\/noticiasbahia360.com.br\/?p=41431","title":{"rendered":"Vacina\u00e7\u00e3o contra a raiva para c\u00e3es e gatos dispon\u00edvel em 10 bairros neste s\u00e1bado (10)"},"content":{"rendered":"<div>\n<div><img decoding=\"async\" src=\"https:\/\/www.acordacidade.com.br\/wp-content\/uploads\/2024\/07\/vacinacao-contra-raiva-jpg.avif\"><\/div>\n<figure class=\"wp-block-image size-full\"><img fetchpriority=\"high\" data-dominant-color=\"898475\" data-has-transparency=\"false\" style=\"--dominant-color: #898475;\" fetchpriority=\"high\" decoding=\"async\" width=\"640\" height=\"427\" src=\"https:\/\/www.acordacidade.com.br\/wp-content\/uploads\/2024\/07\/vacinacao-contra-raiva-jpg.avif\" alt=\"vacina\u00e7\u00e3o\" class=\"not-transparent wp-image-413924\"><figcaption class=\"wp-element-caption\">Foto: Thiago Paix\u00e3o<\/figcaption><\/figure>\n<p>A Prefeitura de Feira de Santana, por meio do Centro de Controle de Zoonoses (CCZ), intensifica a Campanha de Vacina\u00e7\u00e3o Antirr\u00e1bica neste s\u00e1bado (10) em diversas localidades da cidade. A imuniza\u00e7\u00e3o ocorrer\u00e1 das 9h \u00e0s 16h nos bairros Tanque da Na\u00e7\u00e3o, Barroquinha, Morada Tropical, Feira IX, Expans\u00e3o do Feira IX, Jardim Cruzeiro, Rua Nova, Mangabeira, Santo Ant\u00f4nio dos Prazeres e Kalil\u00e2ndia.<\/p>\n<h2 class=\"wp-block-heading\" id=\"h-seja-vip-siga-nosso-canal-no-whatsapp-e-receba-conteudos-exclusivos\"><img decoding=\"async\" src=\"http:\/\/noticiasbahia360.com.br\/wp-content\/uploads\/2024\/08\/1f4f2-318.png\" alt=\"\ud83d\udcf2\" class=\"wp-smiley\" style=\"height: 1em; max-height: 1em;\"> <img decoding=\"async\" src=\"http:\/\/noticiasbahia360.com.br\/wp-content\/uploads\/2024\/08\/1f60e-318.png\" alt=\"\ud83d\ude0e\" class=\"wp-smiley\" style=\"height: 1em; max-height: 1em;\">SEJA VIP:<a href=\"https:\/\/whatsapp.com\/channel\/0029Va6Rb4v3WHTNnsh8WI3N\" target=\"_blank\" rel=\"noreferrer noopener\"> Siga nosso canal no WhatsApp e receba conte\u00fados exclusivos<\/a><\/h2>\n<p>Al\u00e9m disso, os donos de animais tamb\u00e9m podem realizar a imuniza\u00e7\u00e3o na sede do CCZ, localizada na avenida Eduardo Fr\u00f3es da Mota, S\/N. O atendimento aos s\u00e1bados \u00e9 das 9h \u00e0s 16h. Para qualquer d\u00favida, a popula\u00e7\u00e3o pode entrar em contato com o CCZ pelos n\u00fameros (75) 9 99673985 ou pelo WhatsApp (75) 9 98518583.<\/p>\n<p><strong>RECOMENDA\u00c7\u00c3O<\/strong><\/p>\n<p>Algumas orienta\u00e7\u00f5es importantes est\u00e3o sendo passadas aos donos de c\u00e3es e gatos. Ser\u00e3o imunizados os animais a partir dos tr\u00eas meses de idade. \u00c9 necess\u00e1rio levar o cart\u00e3o de vacina\u00e7\u00e3o do animal. Os gatos devem ser transportados em caixas apropriadas, enquanto os c\u00e3es devem estar em coleiras ou correntes. O CCZ informa ainda que os animais doentes ou debilitados, que tomam corticoide ou antibi\u00f3tico, n\u00e3o poder\u00e3o tomar a vacina.<\/p>\n<p><strong>CONFIRA OS LOCAIS DE VACINA\u00c7\u00c3O:\u00a0<\/strong><\/p>\n<ul class=\"wp-block-list\">\n<li>Tanque da Na\u00e7\u00e3o \u2013 Posto de Sa\u00fade e Associa\u00e7\u00e3o Feira IV<\/li>\n<li>Barroquinha \u2013 Posto de Sa\u00fade<\/li>\n<li>Morada Tropical \u2013 Posto de Sa\u00fade<\/li>\n<li>Feira IX \u2013 Posto de Sa\u00fade 1 e Posto de Sa\u00fade 2<\/li>\n<li>Expans\u00e3o do Feira IX \u2013 Posto de Sa\u00fade 1 e Posto de Sa\u00fade 2<\/li>\n<li>Jardim Cruzeiro \u2013 Posto de Sa\u00fade<\/li>\n<li>Rua Nova \u2013 Pra\u00e7a da Pomba e Pra\u00e7a Amorum<\/li>\n<li>Mangabeira \u2013 Centro Paroquial da Mangabeira na Pra\u00e7a e Posto de Sa\u00fade Videiras<\/li>\n<li>Santo Ant\u00f4nio dos Prazeres \u2013 Posto de Sa\u00fade e Associa\u00e7\u00e3o dos Moradores<\/li>\n<li>Kalil\u00e2ndia \u2013 Pra\u00e7a<\/li>\n<\/ul>\n<p><em>As informa\u00e7\u00f5es s\u00e3o da Secretaria de Comunica\u00e7\u00e3o Social<\/em><\/p>\n<p><em>Siga o Acorda Cidade no<a href=\"https:\/\/news.google.com\/search?q=acorda%20cidade&amp;hl=pt-BR&amp;gl=BR&amp;ceid=BR%3Apt-419\" target=\"_blank\" rel=\"noreferrer noopener\">\u00a0Google Not\u00edcias<\/a>\u00a0e receba os principais destaques do dia.\u00a0Participe tamb\u00e9m dos nossos grupos no\u00a0<a href=\"https:\/\/chat.whatsapp.com\/Fj2agnR6CdwLEb9Uqew8QI\" target=\"_blank\" rel=\"noreferrer noopener\">WhatsApp<\/a>\u00a0e\u00a0<a href=\"https:\/\/t.me\/+sSz0khrgARA0ZmRh\" target=\"_blank\" rel=\"noreferrer noopener\">Telegram<\/a><\/em><\/p>\n<\/div>\n","protected":false},"excerpt":{"rendered":"<div>\n<div><img decoding=\"async\" src=\"https:\/\/www.acordacidade.com.br\/wp-content\/uploads\/2024\/07\/vacinacao-contra-raiva-jpg.avif\"><\/div>\n<p>A imuniza\u00e7\u00e3o ocorrer\u00e1 das 9h \u00e0s 16h.<\/p><\/div>\n","protected":false},"author":1,"featured_media":41432,"comment_status":"closed","ping_status":"closed","sticky":false,"template":"","format":"standard","meta":{"footnotes":""},"categories":[8,9,6,57,56,10],"tags":[],"class_list":["post-41431","post","type-post","status-publish","format-standard","has-post-thumbnail","hentry","category-bahia","category-brasil","category-feira-de-santana","category-mundo","category-policia","category-politica"],"featured_image_urls":{"full":["https:\/\/noticiasbahia360.com.br\/wp-content\/uploads\/2024\/08\/1f4f2-318.png",72,72,false],"thumbnail":["https:\/\/noticiasbahia360.com.br\/wp-content\/uploads\/2024\/08\/1f4f2-318.png",72,72,false],"medium":["https:\/\/noticiasbahia360.com.br\/wp-content\/uploads\/2024\/08\/1f4f2-318.png",72,72,false],"medium_large":["https:\/\/noticiasbahia360.com.br\/wp-content\/uploads\/2024\/08\/1f4f2-318.png",72,72,false],"large":["https:\/\/noticiasbahia360.com.br\/wp-content\/uploads\/2024\/08\/1f4f2-318.png",72,72,false],"1536x1536":["https:\/\/noticiasbahia360.com.br\/wp-content\/uploads\/2024\/08\/1f4f2-318.png",72,72,false],"2048x2048":["https:\/\/noticiasbahia360.com.br\/wp-content\/uploads\/2024\/08\/1f4f2-318.png",72,72,false],"chromenews-featured":["https:\/\/noticiasbahia360.com.br\/wp-content\/uploads\/2024\/08\/1f4f2-318.png",72,72,false],"chromenews-large":["https:\/\/noticiasbahia360.com.br\/wp-content\/uploads\/2024\/08\/1f4f2-318.png",72,72,false],"chromenews-medium":["https:\/\/noticiasbahia360.com.br\/wp-content\/uploads\/2024\/08\/1f4f2-318.png",72,72,false]},"author_info":{"display_name":"noticiasbahia360.com.br","author_link":"https:\/\/noticiasbahia360.com.br\/?author=1"},"category_info":"<a href=\"https:\/\/noticiasbahia360.com.br\/?cat=8\" rel=\"category\">Bahia<\/a> <a href=\"https:\/\/noticiasbahia360.com.br\/?cat=9\" rel=\"category\">Brasil<\/a> <a href=\"https:\/\/noticiasbahia360.com.br\/?cat=6\" rel=\"category\">Feira de Santana<\/a> <a href=\"https:\/\/noticiasbahia360.com.br\/?cat=57\" rel=\"category\">Mundo<\/a> <a href=\"https:\/\/noticiasbahia360.com.br\/?cat=56\" rel=\"category\">Pol\u00edcia<\/a> <a href=\"https:\/\/noticiasbahia360.com.br\/?cat=10\" rel=\"category\">Pol\u00edtica<\/a>","tag_info":"Pol\u00edtica","comment_count":"0","_links":{"self":[{"href":"https:\/\/noticiasbahia360.com.br\/index.php?rest_route=\/wp\/v2\/posts\/41431","targetHints":{"allow":["GET"]}}],"collection":[{"href":"https:\/\/noticiasbahia360.com.br\/index.php?rest_route=\/wp\/v2\/posts"}],"about":[{"href":"https:\/\/noticiasbahia360.com.br\/index.php?rest_route=\/wp\/v2\/types\/post"}],"author":[{"embeddable":true,"href":"https:\/\/noticiasbahia360.com.br\/index.php?rest_route=\/wp\/v2\/users\/1"}],"replies":[{"embeddable":true,"href":"https:\/\/noticiasbahia360.com.br\/index.php?rest_route=%2Fwp%2Fv2%2Fcomments&post=41431"}],"version-history":[{"count":0,"href":"https:\/\/noticiasbahia360.com.br\/index.php?rest_route=\/wp\/v2\/posts\/41431\/revisions"}],"wp:featuredmedia":[{"embeddable":true,"href":"https:\/\/noticiasbahia360.com.br\/index.php?rest_route=\/wp\/v2\/media\/41432"}],"wp:attachment":[{"href":"https:\/\/noticiasbahia360.com.br\/index.php?rest_route=%2Fwp%2Fv2%2Fmedia&parent=41431"}],"wp:term":[{"taxonomy":"category","embeddable":true,"href":"https:\/\/noticiasbahia360.com.br\/index.php?rest_route=%2Fwp%2Fv2%2Fcategories&post=41431"},{"taxonomy":"post_tag","embeddable":true,"href":"https:\/\/noticiasbahia360.com.br\/index.php?rest_route=%2Fwp%2Fv2%2Ftags&post=41431"}],"curies":[{"name":"wp","href":"https:\/\/api.w.org\/{rel}","templated":true}]}} 