{"id":41447,"date":"2024-08-09T08:31:17","date_gmt":"2024-08-09T11:31:17","guid":{"rendered":"https:\/\/noticiasbahia360.com.br\/?p=41447"},"modified":"2024-08-09T08:31:17","modified_gmt":"2024-08-09T11:31:17","slug":"cnu-lista-de-espera-de-cada-bloco-tera-o-dobro-das-vagas-previstas","status":"publish","type":"post","link":"https:\/\/noticiasbahia360.com.br\/?p=41447","title":{"rendered":"CNU: lista de espera de cada bloco ter\u00e1 o dobro das vagas previstas"},"content":{"rendered":"<div>\n<div><img decoding=\"async\" src=\"https:\/\/www.acordacidade.com.br\/wp-content\/uploads\/2024\/07\/foto-joel-rodrigues-agencia-brasilia-concurso-unificado-cnu-jpg.avif\"><\/div>\n<figure class=\"wp-block-image size-full\"><img fetchpriority=\"high\" data-dominant-color=\"776f68\" data-has-transparency=\"false\" style=\"--dominant-color: #776f68;\" fetchpriority=\"high\" decoding=\"async\" width=\"640\" height=\"383\" src=\"https:\/\/www.acordacidade.com.br\/wp-content\/uploads\/2024\/07\/foto-joel-rodrigues-agencia-brasilia-concurso-unificado-cnu-jpg.avif\" alt=\"- Concurso Nacional Unificado\" class=\"not-transparent wp-image-414153\"><figcaption class=\"wp-element-caption\">Foto: Joel Rodrigues\/Ag\u00eancia Bras\u00edlia<\/figcaption><\/figure>\n<p>Ag\u00eancia Brasil \u2013 S\u00e3o mais de 2,1 milh\u00f5es de candidatos concorrendo a uma das 6.640 vagas abertas pelo Concurso Nacional Unificado (CNU). Parece pouca vaga para tanto concorrente, mas o Minist\u00e9rio da Gest\u00e3o e da Inova\u00e7\u00e3o em Servi\u00e7os P\u00fablicos j\u00e1 avisou: vai formar um banco com o nome dos aprovados em lista de espera.<\/p>\n<h2 class=\"wp-block-heading\" id=\"h-seja-vip-siga-nosso-canal-no-whatsapp-e-receba-conteudos-exclusivos\"><img decoding=\"async\" src=\"http:\/\/noticiasbahia360.com.br\/wp-content\/uploads\/2024\/08\/1f4f2-322.png\" alt=\"\ud83d\udcf2\" class=\"wp-smiley\" style=\"height: 1em; max-height: 1em;\"> <img decoding=\"async\" src=\"http:\/\/noticiasbahia360.com.br\/wp-content\/uploads\/2024\/08\/1f60e-322.png\" alt=\"\ud83d\ude0e\" class=\"wp-smiley\" style=\"height: 1em; max-height: 1em;\">SEJA VIP:<a href=\"https:\/\/whatsapp.com\/channel\/0029Va6Rb4v3WHTNnsh8WI3N\" target=\"_blank\" rel=\"noreferrer noopener\"> Siga nosso canal no WhatsApp e receba conte\u00fados exclusivos<\/a><\/p>\n<\/h2>\n<p>Esse banco ter\u00e1 o dobro de vagas imediatas para cada um dos oito blocos. Por exemplo, no Bloco 7, ser\u00e3o convocados 1.748 aprovados e outros 3.496 ficam nesse banco.<\/p>\n<p>No total, ser\u00e3o mais de 13 mil classificados nessa lista de espera, aumentando as chances de convoca\u00e7\u00e3o.<\/p>\n<p>Quem n\u00e3o tiver nota suficiente para passar na primeira op\u00e7\u00e3o de cargo, mesmo que tenha nota m\u00ednima para o segundo cargo priorit\u00e1rio, vai continuar no banco de candidatos para a primeira op\u00e7\u00e3o. Pode ser chamado depois, ainda que j\u00e1 tenha assumido a segunda op\u00e7\u00e3o. As contrata\u00e7\u00f5es poder\u00e3o ser feitas a cada seis meses ou de acordo com a necessidade.<\/p>\n<p>E se o aprovado assumir uma vaga tempor\u00e1ria, fica no cadastro aguardando uma vaga efetiva, sem perder a classifica\u00e7\u00e3o.<\/p>\n<p><strong>Provas<\/strong><\/p>\n<p>As provas do CNU ser\u00e3o aplicadas no dia 18 de agosto, pela manh\u00e3 e \u00e0 tarde. As informa\u00e7\u00f5es est\u00e3o no cart\u00e3o de confirma\u00e7\u00e3o, que j\u00e1 est\u00e1 dispon\u00edvel.<\/p>\n<p>O gabarito das provas ser\u00e1 divulgado no dia 20, quando come\u00e7a tamb\u00e9m o prazo para recurso. O resultado final est\u00e1 previsto para o dia 21 de novembro.<\/p>\n<p>A convoca\u00e7\u00e3o dos aprovados, posse e curso de forma\u00e7\u00e3o ocorrer\u00e3o a partir de janeiro de 2025.<\/p>\n<p><em>Siga o Acorda Cidade no<a href=\"https:\/\/news.google.com\/search?q=acorda%20cidade&amp;hl=pt-BR&amp;gl=BR&amp;ceid=BR%3Apt-419\" target=\"_blank\" rel=\"noreferrer noopener\">\u00a0Google Not\u00edcias<\/a>\u00a0e receba os principais destaques do dia.\u00a0Participe tamb\u00e9m dos nossos grupos no\u00a0<a href=\"https:\/\/chat.whatsapp.com\/Fj2agnR6CdwLEb9Uqew8QI\" target=\"_blank\" rel=\"noreferrer noopener\">WhatsApp<\/a>\u00a0e\u00a0<a href=\"https:\/\/t.me\/+sSz0khrgARA0ZmRh\" target=\"_blank\" rel=\"noreferrer noopener\">Telegram<\/a><\/em><\/p>\n<\/div>\n","protected":false},"excerpt":{"rendered":"<div>\n<div><img decoding=\"async\" src=\"https:\/\/www.acordacidade.com.br\/wp-content\/uploads\/2024\/07\/foto-joel-rodrigues-agencia-brasilia-concurso-unificado-cnu-jpg.avif\"><\/div>\n<p>As provas do CNU ser\u00e3o aplicadas no dia 18 de agosto, pela manh\u00e3 e \u00e0 tarde. As informa\u00e7\u00f5es est\u00e3o no cart\u00e3o de confirma\u00e7\u00e3o.<\/p><\/div>\n","protected":false},"author":1,"featured_media":41448,"comment_status":"closed","ping_status":"closed","sticky":false,"template":"","format":"standard","meta":{"footnotes":""},"categories":[8,9,6,57,56,10],"tags":[],"class_list":["post-41447","post","type-post","status-publish","format-standard","has-post-thumbnail","hentry","category-bahia","category-brasil","category-feira-de-santana","category-mundo","category-policia","category-politica"],"featured_image_urls":{"full":["https:\/\/noticiasbahia360.com.br\/wp-content\/uploads\/2024\/08\/1f4f2-322.png",72,72,false],"thumbnail":["https:\/\/noticiasbahia360.com.br\/wp-content\/uploads\/2024\/08\/1f4f2-322.png",72,72,false],"medium":["https:\/\/noticiasbahia360.com.br\/wp-content\/uploads\/2024\/08\/1f4f2-322.png",72,72,false],"medium_large":["https:\/\/noticiasbahia360.com.br\/wp-content\/uploads\/2024\/08\/1f4f2-322.png",72,72,false],"large":["https:\/\/noticiasbahia360.com.br\/wp-content\/uploads\/2024\/08\/1f4f2-322.png",72,72,false],"1536x1536":["https:\/\/noticiasbahia360.com.br\/wp-content\/uploads\/2024\/08\/1f4f2-322.png",72,72,false],"2048x2048":["https:\/\/noticiasbahia360.com.br\/wp-content\/uploads\/2024\/08\/1f4f2-322.png",72,72,false],"chromenews-featured":["https:\/\/noticiasbahia360.com.br\/wp-content\/uploads\/2024\/08\/1f4f2-322.png",72,72,false],"chromenews-large":["https:\/\/noticiasbahia360.com.br\/wp-content\/uploads\/2024\/08\/1f4f2-322.png",72,72,false],"chromenews-medium":["https:\/\/noticiasbahia360.com.br\/wp-content\/uploads\/2024\/08\/1f4f2-322.png",72,72,false]},"author_info":{"display_name":"noticiasbahia360.com.br","author_link":"https:\/\/noticiasbahia360.com.br\/?author=1"},"category_info":"<a href=\"https:\/\/noticiasbahia360.com.br\/?cat=8\" rel=\"category\">Bahia<\/a> <a href=\"https:\/\/noticiasbahia360.com.br\/?cat=9\" rel=\"category\">Brasil<\/a> <a href=\"https:\/\/noticiasbahia360.com.br\/?cat=6\" rel=\"category\">Feira de Santana<\/a> <a href=\"https:\/\/noticiasbahia360.com.br\/?cat=57\" rel=\"category\">Mundo<\/a> <a href=\"https:\/\/noticiasbahia360.com.br\/?cat=56\" rel=\"category\">Pol\u00edcia<\/a> <a href=\"https:\/\/noticiasbahia360.com.br\/?cat=10\" rel=\"category\">Pol\u00edtica<\/a>","tag_info":"Pol\u00edtica","comment_count":"0","_links":{"self":[{"href":"https:\/\/noticiasbahia360.com.br\/index.php?rest_route=\/wp\/v2\/posts\/41447","targetHints":{"allow":["GET"]}}],"collection":[{"href":"https:\/\/noticiasbahia360.com.br\/index.php?rest_route=\/wp\/v2\/posts"}],"about":[{"href":"https:\/\/noticiasbahia360.com.br\/index.php?rest_route=\/wp\/v2\/types\/post"}],"author":[{"embeddable":true,"href":"https:\/\/noticiasbahia360.com.br\/index.php?rest_route=\/wp\/v2\/users\/1"}],"replies":[{"embeddable":true,"href":"https:\/\/noticiasbahia360.com.br\/index.php?rest_route=%2Fwp%2Fv2%2Fcomments&post=41447"}],"version-history":[{"count":0,"href":"https:\/\/noticiasbahia360.com.br\/index.php?rest_route=\/wp\/v2\/posts\/41447\/revisions"}],"wp:featuredmedia":[{"embeddable":true,"href":"https:\/\/noticiasbahia360.com.br\/index.php?rest_route=\/wp\/v2\/media\/41448"}],"wp:attachment":[{"href":"https:\/\/noticiasbahia360.com.br\/index.php?rest_route=%2Fwp%2Fv2%2Fmedia&parent=41447"}],"wp:term":[{"taxonomy":"category","embeddable":true,"href":"https:\/\/noticiasbahia360.com.br\/index.php?rest_route=%2Fwp%2Fv2%2Fcategories&post=41447"},{"taxonomy":"post_tag","embeddable":true,"href":"https:\/\/noticiasbahia360.com.br\/index.php?rest_route=%2Fwp%2Fv2%2Ftags&post=41447"}],"curies":[{"name":"wp","href":"https:\/\/api.w.org\/{rel}","templated":true}]}}