{"id":48754,"date":"2024-09-20T06:54:55","date_gmt":"2024-09-20T09:54:55","guid":{"rendered":"https:\/\/noticiasbahia360.com.br\/?p=48754"},"modified":"2024-09-20T06:54:55","modified_gmt":"2024-09-20T09:54:55","slug":"portaria-define-regras-para-abordagens-a-veiculos-e-interdicao-do-transito-durante-as-eleicoes-municipais","status":"publish","type":"post","link":"https:\/\/noticiasbahia360.com.br\/?p=48754","title":{"rendered":"Portaria define regras para abordagens a ve\u00edculos e interdi\u00e7\u00e3o do tr\u00e2nsito durante as elei\u00e7\u00f5es municipais"},"content":{"rendered":"<div>\n<div>\n<figure><img decoding=\"async\" src=\"http:\/\/noticiasbahia360.com.br\/wp-content\/uploads\/2024\/09\/regras-para-garantir-a-livre-circulacao-nas-rodovias-federais-sao-defininas.png\" alt=\"MJSP e TSE definem regras para abordagens a ve\u00edculos e interdi\u00e7\u00e3o do tr\u00e2nsito durante as elei\u00e7\u00f5es municipais\"><figcaption>Foto: Ascom\/PRF\/Governo Federal\/MJSP<\/figcaption><\/figure>\n<\/div>\n<p>Oministro da Justi\u00e7a e Seguran\u00e7a P\u00fablica, Ricardo Lewandowski e a presidente do Tribunal Superior Eleitoral (TSE), C\u00e1rmen L\u00facia, assinaram nesta quinta-feira (19), em Bras\u00edlia (DF), uma portaria com regras para garantir a livre circula\u00e7\u00e3o nas rodovias federais, nos dias 6 e 27 de outubro, datas do primeiro e segundo turnos das elei\u00e7\u00f5es municipais de 2024.<\/p>\n<p class=\"has-vivid-red-color has-text-color has-link-color has-medium-font-size\"><strong><em><img decoding=\"async\" src=\"http:\/\/noticiasbahia360.com.br\/wp-content\/uploads\/2024\/09\/1f4f2-352.png\" alt=\"\ud83d\udcf2\" class=\"wp-smiley\" style=\"height: 1em; max-height: 1em;\"> <img decoding=\"async\" src=\"http:\/\/noticiasbahia360.com.br\/wp-content\/uploads\/2024\/09\/1f60e-352.png\" alt=\"\ud83d\ude0e\" class=\"wp-smiley\" style=\"height: 1em; max-height: 1em;\">SEJA VIP: Siga o<a href=\"https:\/\/whatsapp.com\/channel\/0029Va6Rb4v3WHTNnsh8WI3N\"> canal do Acorda Cidade no WhatsApp<\/a> e receba as principais not\u00edcias do dia.<\/em><\/strong><\/p>\n<p>No documento, o Minist\u00e9rio da Justi\u00e7a e Seguran\u00e7a P\u00fablica (MJSP) e o TSE estabelecem que o trabalho da Pol\u00edcia Rodovi\u00e1ria Federal (PRF) foque nas abordagens de flagrantes \u2013 de desrespeito \u00e0s regras de circula\u00e7\u00e3o no tr\u00e2nsito ou da pr\u00e1tica de crimes \u2013 e na atua\u00e7\u00e3o em casos de sinistros de tr\u00e2nsito. Dessa forma, ficar\u00e3o suspensos os bloqueios para a fiscaliza\u00e7\u00e3o de rotina realizada pela pol\u00edcia.<\/p>\n<p>\u201cA edi\u00e7\u00e3o da portaria assinada hoje, junto ao Tribunal Superior Eleitoral, \u00e9 um grande acerto e tem dois objetivos principais: garantir a ida dos eleitores aos locais de vota\u00e7\u00e3o e dar seguran\u00e7a jur\u00eddica para o trabalho dos policiais no per\u00edodo das elei\u00e7\u00f5es. O documento impede que, ao deixar de realizar apreens\u00f5es de ve\u00edculos, os policiais sejam responsabilizados\u201d, afirma o diretor-geral da PRF, Ant\u00f4nio Fernando Oliveira.<\/p>\n<p>Para realizar bloqueios que n\u00e3o estejam previstos nas regras estabelecidas na portaria, a PRF ter\u00e1 de comunicar o Tribunal Regional Eleitoral com anteced\u00eancia, apresentar a justificativa para a interdi\u00e7\u00e3o do tr\u00e2nsito, o local e a especifica\u00e7\u00e3o de rotas alternativas que os eleitores poder\u00e3o fazer para terem garantido o direito ao voto. As regras estabelecidas na portaria assinada em conjunto pelo MJSP e pelo TSE tamb\u00e9m valem para as outras institui\u00e7\u00f5es de seguran\u00e7a p\u00fablica da Uni\u00e3o.<\/p>\n<p>Diversas autoridades estiveram presentes no ato de assinatura do termo, dentre elas os ministros do Supremo Tribunal Federal (STF) Andr\u00e9 Mendon\u00e7a, Cristiano Zanin e Nunes Marques, o procurador-geral da Rep\u00fablica, Paulo Gonet, e o presidente do Superior Tribunal de Justi\u00e7a, Herman Benjamin.<\/p>\n<p><em>Siga o Acorda Cidade no<\/em><a href=\"https:\/\/news.google.com\/search?q=acorda%20cidade&amp;hl=pt-BR&amp;gl=BR&amp;ceid=BR%3Apt-419\"><strong><em> Google Not\u00edcias<\/em><\/strong><\/a><em> e receba os principais destaques do dia. Participe tamb\u00e9m dos nossos grupos no <\/em><a href=\"https:\/\/chat.whatsapp.com\/GmuB0n1C0zz4wBRYfRDft2\"><strong><em>WhatsApp<\/em><\/strong><\/a><em> e <\/em><a href=\"https:\/\/t.me\/+sSz0khrgARA0ZmRh\"><strong><em>Telegram<\/em><\/strong><\/a><\/p>\n<\/div>\n","protected":false},"excerpt":{"rendered":"<div>\n<div>\n<figure><img decoding=\"async\" src=\"https:\/\/uploads.acordacidade.com.br\/2024\/09\/regras-para-garantir-a-livre-circulacao-nas-rodovias-federais-sao-defininas.png\" alt=\"MJSP e TSE definem regras para abordagens a ve\u00edculos e interdi\u00e7\u00e3o do tr\u00e2nsito durante as elei\u00e7\u00f5es municipais\"><figcaption>Foto: Ascom\/PRF\/Governo Federal\/MJSP<\/figcaption><\/figure>\n<\/div>\n<p>Oministro da Justi\u00e7a e Seguran\u00e7a P\u00fablica, Ricardo Lewandowski e a presidente do Tribunal Superior Eleitoral (TSE), C\u00e1rmen L\u00facia, assinaram nesta quinta-feira (19), em Bras\u00edlia (DF), uma portaria com regras para garantir a livre circula\u00e7\u00e3o nas rodovias federais, nos dias 6 e 27 de outubro, datas do primeiro e segundo turnos das elei\u00e7\u00f5es municipais de 2024. [\u2026]<\/p><\/div>\n","protected":false},"author":1,"featured_media":48755,"comment_status":"closed","ping_status":"closed","sticky":false,"template":"","format":"standard","meta":{"footnotes":""},"categories":[8,9,6,57,56,10],"tags":[],"class_list":["post-48754","post","type-post","status-publish","format-standard","has-post-thumbnail","hentry","category-bahia","category-brasil","category-feira-de-santana","category-mundo","category-policia","category-politica"],"featured_image_urls":{"full":["https:\/\/noticiasbahia360.com.br\/wp-content\/uploads\/2024\/09\/regras-para-garantir-a-livre-circulacao-nas-rodovias-federais-sao-defininas.png",768,432,false],"thumbnail":["https:\/\/noticiasbahia360.com.br\/wp-content\/uploads\/2024\/09\/regras-para-garantir-a-livre-circulacao-nas-rodovias-federais-sao-defininas-150x150.png",150,150,true],"medium":["https:\/\/noticiasbahia360.com.br\/wp-content\/uploads\/2024\/09\/regras-para-garantir-a-livre-circulacao-nas-rodovias-federais-sao-defininas-300x169.png",300,169,true],"medium_large":["https:\/\/noticiasbahia360.com.br\/wp-content\/uploads\/2024\/09\/regras-para-garantir-a-livre-circulacao-nas-rodovias-federais-sao-defininas.png",640,360,false],"large":["https:\/\/noticiasbahia360.com.br\/wp-content\/uploads\/2024\/09\/regras-para-garantir-a-livre-circulacao-nas-rodovias-federais-sao-defininas.png",640,360,false],"1536x1536":["https:\/\/noticiasbahia360.com.br\/wp-content\/uploads\/2024\/09\/regras-para-garantir-a-livre-circulacao-nas-rodovias-federais-sao-defininas.png",768,432,false],"2048x2048":["https:\/\/noticiasbahia360.com.br\/wp-content\/uploads\/2024\/09\/regras-para-garantir-a-livre-circulacao-nas-rodovias-federais-sao-defininas.png",768,432,false],"chromenews-featured":["https:\/\/noticiasbahia360.com.br\/wp-content\/uploads\/2024\/09\/regras-para-garantir-a-livre-circulacao-nas-rodovias-federais-sao-defininas.png",768,432,false],"chromenews-large":["https:\/\/noticiasbahia360.com.br\/wp-content\/uploads\/2024\/09\/regras-para-garantir-a-livre-circulacao-nas-rodovias-federais-sao-defininas.png",768,432,false],"chromenews-medium":["https:\/\/noticiasbahia360.com.br\/wp-content\/uploads\/2024\/09\/regras-para-garantir-a-livre-circulacao-nas-rodovias-federais-sao-defininas-590x410.png",590,410,true]},"author_info":{"display_name":"noticiasbahia360.com.br","author_link":"https:\/\/noticiasbahia360.com.br\/?author=1"},"category_info":"<a href=\"https:\/\/noticiasbahia360.com.br\/?cat=8\" rel=\"category\">Bahia<\/a> <a href=\"https:\/\/noticiasbahia360.com.br\/?cat=9\" rel=\"category\">Brasil<\/a> <a href=\"https:\/\/noticiasbahia360.com.br\/?cat=6\" rel=\"category\">Feira de Santana<\/a> <a href=\"https:\/\/noticiasbahia360.com.br\/?cat=57\" rel=\"category\">Mundo<\/a> <a href=\"https:\/\/noticiasbahia360.com.br\/?cat=56\" rel=\"category\">Pol\u00edcia<\/a> <a href=\"https:\/\/noticiasbahia360.com.br\/?cat=10\" rel=\"category\">Pol\u00edtica<\/a>","tag_info":"Pol\u00edtica","comment_count":"0","_links":{"self":[{"href":"https:\/\/noticiasbahia360.com.br\/index.php?rest_route=\/wp\/v2\/posts\/48754","targetHints":{"allow":["GET"]}}],"collection":[{"href":"https:\/\/noticiasbahia360.com.br\/index.php?rest_route=\/wp\/v2\/posts"}],"about":[{"href":"https:\/\/noticiasbahia360.com.br\/index.php?rest_route=\/wp\/v2\/types\/post"}],"author":[{"embeddable":true,"href":"https:\/\/noticiasbahia360.com.br\/index.php?rest_route=\/wp\/v2\/users\/1"}],"replies":[{"embeddable":true,"href":"https:\/\/noticiasbahia360.com.br\/index.php?rest_route=%2Fwp%2Fv2%2Fcomments&post=48754"}],"version-history":[{"count":0,"href":"https:\/\/noticiasbahia360.com.br\/index.php?rest_route=\/wp\/v2\/posts\/48754\/revisions"}],"wp:featuredmedia":[{"embeddable":true,"href":"https:\/\/noticiasbahia360.com.br\/index.php?rest_route=\/wp\/v2\/media\/48755"}],"wp:attachment":[{"href":"https:\/\/noticiasbahia360.com.br\/index.php?rest_route=%2Fwp%2Fv2%2Fmedia&parent=48754"}],"wp:term":[{"taxonomy":"category","embeddable":true,"href":"https:\/\/noticiasbahia360.com.br\/index.php?rest_route=%2Fwp%2Fv2%2Fcategories&post=48754"},{"taxonomy":"post_tag","embeddable":true,"href":"https:\/\/noticiasbahia360.com.br\/index.php?rest_route=%2Fwp%2Fv2%2Ftags&post=48754"}],"curies":[{"name":"wp","href":"https:\/\/api.w.org\/{rel}","templated":true}]}}