{"id":48768,"date":"2024-09-20T07:42:52","date_gmt":"2024-09-20T10:42:52","guid":{"rendered":"https:\/\/noticiasbahia360.com.br\/?p=48768"},"modified":"2024-09-20T07:42:52","modified_gmt":"2024-09-20T10:42:52","slug":"setembro-amarelo-familiares-sao-as-pessoas-com-quem-os-brasileiros-menos-falam-sobre-as-proprias-emocoes-mostra-estudo","status":"publish","type":"post","link":"https:\/\/noticiasbahia360.com.br\/?p=48768","title":{"rendered":"Setembro Amarelo: familiares s\u00e3o as pessoas com quem os brasileiros menos falam sobre as pr\u00f3prias emo\u00e7\u00f5es, mostra estudo"},"content":{"rendered":"<div>\n<div>\n<figure><img decoding=\"async\" src=\"http:\/\/noticiasbahia360.com.br\/wp-content\/uploads\/2024\/09\/S2KyDxl3-setembroamarelo_estudo-1.jpeg\" alt=\"Setembro Amarelo\"><figcaption>Foto: Freepik<\/figcaption><\/figure>\n<\/div>\n<p>No m\u00eas em que todo o pa\u00eds se mobiliza em torno do Setembro Amarelo \u2014 campanha nacional em prol da preven\u00e7\u00e3o ao suic\u00eddio \u2014, uma pesquisa recente traz um dado importante envolvendo a rela\u00e7\u00e3o dos brasileiros com as pr\u00f3prias emo\u00e7\u00f5es: para 43% das pessoas, a pr\u00f3pria fam\u00edlia \u00e9 o \u00faltimo grupo com quem dividiriam detalhes de suas vidas emocionais \u2014 atr\u00e1s, inclusive, de c\u00edrculos como os professores, terapeutas e at\u00e9 mesmo os colegas de trabalho.<\/p>\n<p class=\"has-vivid-red-color has-text-color has-link-color has-medium-font-size\"><strong><em><img decoding=\"async\" src=\"http:\/\/noticiasbahia360.com.br\/wp-content\/uploads\/2024\/09\/1f4f2-355.png\" alt=\"\ud83d\udcf2\" class=\"wp-smiley\" style=\"height: 1em; max-height: 1em;\"> <img decoding=\"async\" src=\"http:\/\/noticiasbahia360.com.br\/wp-content\/uploads\/2024\/09\/1f60e-355.png\" alt=\"\ud83d\ude0e\" class=\"wp-smiley\" style=\"height: 1em; max-height: 1em;\">SEJA VIP: Siga o<a href=\"https:\/\/whatsapp.com\/channel\/0029Va6Rb4v3WHTNnsh8WI3N\"> canal do Acorda Cidade no WhatsApp<\/a> e receba as principais not\u00edcias do dia.<\/em><\/strong><\/p>\n<figure class=\"wp-block-image size-full\"><img fetchpriority=\"high\" data-dominant-color=\"eab1c6\" data-has-transparency=\"false\" style=\"--dominant-color: #eab1c6;\" fetchpriority=\"high\" decoding=\"async\" width=\"640\" height=\"588\" src=\"http:\/\/noticiasbahia360.com.br\/wp-content\/uploads\/2024\/09\/QlKmw1dz-setembroamarelo_estudo-3-jpeg.webp\" alt=\"Setembro Amarelo\" class=\"not-transparent wp-image-447982\" srcset=\"https:\/\/uploads.acordacidade.com.br\/2024\/09\/QlKmw1dz-setembroamarelo_estudo-3-300x276.webp 300w, https:\/\/uploads.acordacidade.com.br\/2024\/09\/QlKmw1dz-setembroamarelo_estudo-3-150x138.webp 150w, http:\/\/noticiasbahia360.com.br\/wp-content\/uploads\/2024\/09\/QlKmw1dz-setembroamarelo_estudo-3-jpeg.webp 640w\" sizes=\"(max-width: 640px) 100vw, 640px\"><figcaption class=\"wp-element-caption\">Foto: Divulga\u00e7\u00e3o<\/figcaption><\/figure>\n<p>A conclus\u00e3o \u00e9 da Preply, plataforma que, interessada na forma com que a popula\u00e7\u00e3o comunica seus sentimentos, pediu que entrevistados de todas as regi\u00f5es revelassem como se autoavaliam psicologicamente nos \u00faltimos tempos, entre detalhes como a frequ\u00eancia com que compartilham suas ang\u00fastias e as frases mais reconfortantes quando est\u00e3o enfrentando um problema pessoal (<a href=\"https:\/\/preply.com\/pt\/blog\/linguagem-e-saude-mental\/\" target=\"_blank\" rel=\"noreferrer noopener\">confira o estudo na \u00edntegra aqui<\/a>).<\/p>\n<p>Al\u00e9m de destacarem os grupos sociais com quem mais desabafam no cotidiano, \u00e0 especialista no ensino de idiomas, os ouvidos dividiram os obst\u00e1culos que mais os impedem de se abrir com poss\u00edveis ouvintes: o receio em incomodar (38,8%), a dificuldade em encontrar as palavras certas (33%), a falta de confian\u00e7a nos demais (28,8%) e, ainda, o medo do julgamento (28,8%).<\/p>\n<figure class=\"wp-block-image size-full\"><img data-dominant-color=\"e3d795\" data-has-transparency=\"false\" style=\"--dominant-color: #e3d795;\" decoding=\"async\" width=\"640\" height=\"600\" src=\"http:\/\/noticiasbahia360.com.br\/wp-content\/uploads\/2024\/09\/RQoy8MZC-setembroamarelo_estudo-2-jpeg.webp\" alt=\"Setembro Amarelo\" class=\"not-transparent wp-image-447983\" srcset=\"https:\/\/uploads.acordacidade.com.br\/2024\/09\/RQoy8MZC-setembroamarelo_estudo-2-300x281.webp 300w, https:\/\/uploads.acordacidade.com.br\/2024\/09\/RQoy8MZC-setembroamarelo_estudo-2-150x141.webp 150w, http:\/\/noticiasbahia360.com.br\/wp-content\/uploads\/2024\/09\/RQoy8MZC-setembroamarelo_estudo-2-jpeg.webp 640w\" sizes=\"(max-width: 640px) 100vw, 640px\"><figcaption class=\"wp-element-caption\">Foto: Divulga\u00e7\u00e3o<\/figcaption><\/figure>\n<p><strong>Brasileiros ouvem mais do que falam das pr\u00f3prias emo\u00e7\u00f5es<\/strong><\/p>\n<p>Medo de parecer vulner\u00e1vel, de ser visto como algu\u00e9m fraco, receio diante dos mal-entendidos\u2026 mesmo com tantos benef\u00edcios para a sa\u00fade emocional, em um certo ponto, ningu\u00e9m parece discordar: dependendo de onde ou com quem se est\u00e1, falar sobre os pr\u00f3prios sentimentos pode se tornar uma tarefa bastante complicada \u2014 sensa\u00e7\u00e3o essa, ali\u00e1s, compartilhada pela maioria dos ouvidos durante o estudo da Preply.<\/p>\n<p>Para se ter uma ideia, ao serem indagados sobre conversas envolvendo emo\u00e7\u00f5es, somente 36% dos entrevistados admitiram se abrir com outras pessoas frequentemente, parte disso devido ao receio em incomodar (38,8%) a dificuldade em n\u00e3o utilizar as palavras adequadas (33%), a falta de confian\u00e7a nos demais (28,8%) e, ainda, o medo do julgamento (28,8%).<\/p>\n<p>Por motivos como esses, quando o papo caminha para o terreno sentimental, a postura mais confort\u00e1vel tende a ser a de mero ouvinte, comportamento comum para 66% dos brasileiros envolvidos na pesquisa.<\/p>\n<p>Tais desconfortos ao dividir os desabafos, dilemas e outras quest\u00f5es internas, cabe dizer, geralmente se intensificam de acordo com aqueles prestes a escut\u00e1-los. Na opini\u00e3o dos respondentes, por exemplo, n\u00e3o h\u00e1 grupos que os deixem mais desconfort\u00e1veis ao falarem de si como seus familiares (43,2%), com quem mais evitam esse tipo de assunto se comparados \u00e0s \u201cpessoas de fora\u201d \u2014 sejam os colegas de trabalho, professores ou profissionais de sa\u00fade.<\/p>\n<p><strong>Saiba o que dizer a algu\u00e9m em sofrimento mental<\/strong><\/p>\n<p>Se, para muitas pessoas, certas express\u00f5es importantes t\u00eam perdido seus significados originais devido ao uso excessivo, a pesquisa tamb\u00e9m deixa claro como alguns dizeres ainda permanecem fundamentais para tornar um per\u00edodo menos dif\u00edcil, seja ele uma situa\u00e7\u00e3o de grande estresse, crises de ansiedade ou demais experi\u00eancias traum\u00e1ticas.<\/p>\n<p>Entre as diversas formas de se demonstrar apoio a algu\u00e9m em sofrimento, a frase que mais reconforta os entrevistados pela Preply \u00e9, na verdade, algo simples, mas capaz de traduzir em poucas palavras a ideia de que se est\u00e1 presente para suporte emocional: \u201cestou aqui por voc\u00ea\u201d, considerada a mais acolhedora por 47,4% dos brasileiros.<\/p>\n<p>Para se sentir melhor, h\u00e1 quem ainda goste de ouvir que \u201cseu bem-estar \u00e9 uma prioridade\u201d (41,8%) e que est\u00e1 \u201ctudo bem pedir ajuda\u201d (38%), falas que indicariam o quanto \u00e9 importante dar aten\u00e7\u00e3o \u00e0 sa\u00fade mental, independentemente da hora ou lugar. Tamb\u00e9m n\u00e3o \u00e9 dif\u00edcil imaginar porque \u201cleve o tempo que precisar\u201d (39,8%) aparece entre as favoritas dos respondentes: ao reconhecer que cada pessoa tem um ritmo pr\u00f3prio, a mensagem geral, portanto, valida que o tempo para se estar bem \u00e9 algo muito particular.<\/p>\n<p><strong>Metodologia<\/strong><\/p>\n<p>Para compreender como a popula\u00e7\u00e3o expressa as pr\u00f3prias emo\u00e7\u00f5es, nas \u00faltimas semanas, foram entrevistados 500 brasileiros residentes em todas as regi\u00f5es do pa\u00eds. Ao todo, os respondentes tiveram acesso ao total de 10 quest\u00f5es, que exploraram experi\u00eancias pessoais envolvendo sa\u00fade mental, autoconhecimento e os impactos da internet nos debates envolvendo o tema. A organiza\u00e7\u00e3o das respostas possibilitou a cria\u00e7\u00e3o de diferentes rankings, nos quais voc\u00ea confere o percentual de cada alternativa apontada pelos entrevistados.<\/p>\n<p><strong>Sobre a Preply<\/strong><\/p>\n<p>A Preply \u00e9 uma plataforma online de aprendizagem de idiomas que conecta professores a centenas de milhares de alunos em 180 pa\u00edses em todo o mundo. Atualmente, mais de 40.000 tutores ensinam mais de 50 idiomas, impulsionados por um algoritmo de aprendizado de m\u00e1quina que recomenda os melhores professores para cada aluno. Fundada nos Estados Unidos, em 2012, por tr\u00eas ucranianos, Kirill Bigai, Serge Lukyanov e Dmytro Voloshyn, a Preply cresceu de uma equipe de tr\u00eas pessoas para uma empresa com mais de 600 funcion\u00e1rios de 62 nacionalidades diferentes, com escrit\u00f3rios em Barcelona, Nova York e Kiev.<\/p>\n<p><em>Siga o Acorda Cidade no<a href=\"https:\/\/news.google.com\/search?q=acorda%20cidade&amp;hl=pt-BR&amp;gl=BR&amp;ceid=BR%3Apt-419\" target=\"_blank\" rel=\"noreferrer noopener\">\u00a0Google Not\u00edcias<\/a>\u00a0e receba os principais destaques do dia.\u00a0Participe tamb\u00e9m dos nossos grupos no\u00a0<a href=\"https:\/\/chat.whatsapp.com\/Fj2agnR6CdwLEb9Uqew8QI\" target=\"_blank\" rel=\"noreferrer noopener\">WhatsApp<\/a>\u00a0e\u00a0<a href=\"https:\/\/t.me\/+sSz0khrgARA0ZmRh\" target=\"_blank\" rel=\"noreferrer noopener\">Telegram<\/a><\/em><\/p>\n<\/div>\n","protected":false},"excerpt":{"rendered":"<div>\n<div>\n<figure><img decoding=\"async\" src=\"https:\/\/uploads.acordacidade.com.br\/2024\/09\/S2KyDxl3-setembroamarelo_estudo-1.jpeg\" alt=\"Setembro Amarelo\"><figcaption>Foto: Freepik<\/figcaption><\/figure>\n<\/div>\n<p>Desconforto diante da pr\u00f3pria fam\u00edlia \u00e9 maior do que ao desabafar com outros grupos, como colegas de trabalho, terapeutas e professores.<\/p><\/div>\n","protected":false},"author":1,"featured_media":48769,"comment_status":"closed","ping_status":"closed","sticky":false,"template":"","format":"standard","meta":{"footnotes":""},"categories":[8,9,6,57,56,10],"tags":[],"class_list":["post-48768","post","type-post","status-publish","format-standard","has-post-thumbnail","hentry","category-bahia","category-brasil","category-feira-de-santana","category-mundo","category-policia","category-politica"],"featured_image_urls":{"full":["https:\/\/noticiasbahia360.com.br\/wp-content\/uploads\/2024\/09\/S2KyDxl3-setembroamarelo_estudo-1.jpeg",640,472,false],"thumbnail":["https:\/\/noticiasbahia360.com.br\/wp-content\/uploads\/2024\/09\/S2KyDxl3-setembroamarelo_estudo-1-150x150.jpeg",150,150,true],"medium":["https:\/\/noticiasbahia360.com.br\/wp-content\/uploads\/2024\/09\/S2KyDxl3-setembroamarelo_estudo-1-300x221.jpeg",300,221,true],"medium_large":["https:\/\/noticiasbahia360.com.br\/wp-content\/uploads\/2024\/09\/S2KyDxl3-setembroamarelo_estudo-1.jpeg",640,472,false],"large":["https:\/\/noticiasbahia360.com.br\/wp-content\/uploads\/2024\/09\/S2KyDxl3-setembroamarelo_estudo-1.jpeg",640,472,false],"1536x1536":["https:\/\/noticiasbahia360.com.br\/wp-content\/uploads\/2024\/09\/S2KyDxl3-setembroamarelo_estudo-1.jpeg",640,472,false],"2048x2048":["https:\/\/noticiasbahia360.com.br\/wp-content\/uploads\/2024\/09\/S2KyDxl3-setembroamarelo_estudo-1.jpeg",640,472,false],"chromenews-featured":["https:\/\/noticiasbahia360.com.br\/wp-content\/uploads\/2024\/09\/S2KyDxl3-setembroamarelo_estudo-1.jpeg",640,472,false],"chromenews-large":["https:\/\/noticiasbahia360.com.br\/wp-content\/uploads\/2024\/09\/S2KyDxl3-setembroamarelo_estudo-1.jpeg",640,472,false],"chromenews-medium":["https:\/\/noticiasbahia360.com.br\/wp-content\/uploads\/2024\/09\/S2KyDxl3-setembroamarelo_estudo-1-590x410.jpeg",590,410,true]},"author_info":{"display_name":"noticiasbahia360.com.br","author_link":"https:\/\/noticiasbahia360.com.br\/?author=1"},"category_info":"<a href=\"https:\/\/noticiasbahia360.com.br\/?cat=8\" rel=\"category\">Bahia<\/a> <a href=\"https:\/\/noticiasbahia360.com.br\/?cat=9\" rel=\"category\">Brasil<\/a> <a href=\"https:\/\/noticiasbahia360.com.br\/?cat=6\" rel=\"category\">Feira de Santana<\/a> <a href=\"https:\/\/noticiasbahia360.com.br\/?cat=57\" rel=\"category\">Mundo<\/a> <a href=\"https:\/\/noticiasbahia360.com.br\/?cat=56\" rel=\"category\">Pol\u00edcia<\/a> <a href=\"https:\/\/noticiasbahia360.com.br\/?cat=10\" rel=\"category\">Pol\u00edtica<\/a>","tag_info":"Pol\u00edtica","comment_count":"0","_links":{"self":[{"href":"https:\/\/noticiasbahia360.com.br\/index.php?rest_route=\/wp\/v2\/posts\/48768","targetHints":{"allow":["GET"]}}],"collection":[{"href":"https:\/\/noticiasbahia360.com.br\/index.php?rest_route=\/wp\/v2\/posts"}],"about":[{"href":"https:\/\/noticiasbahia360.com.br\/index.php?rest_route=\/wp\/v2\/types\/post"}],"author":[{"embeddable":true,"href":"https:\/\/noticiasbahia360.com.br\/index.php?rest_route=\/wp\/v2\/users\/1"}],"replies":[{"embeddable":true,"href":"https:\/\/noticiasbahia360.com.br\/index.php?rest_route=%2Fwp%2Fv2%2Fcomments&post=48768"}],"version-history":[{"count":0,"href":"https:\/\/noticiasbahia360.com.br\/index.php?rest_route=\/wp\/v2\/posts\/48768\/revisions"}],"wp:featuredmedia":[{"embeddable":true,"href":"https:\/\/noticiasbahia360.com.br\/index.php?rest_route=\/wp\/v2\/media\/48769"}],"wp:attachment":[{"href":"https:\/\/noticiasbahia360.com.br\/index.php?rest_route=%2Fwp%2Fv2%2Fmedia&parent=48768"}],"wp:term":[{"taxonomy":"category","embeddable":true,"href":"https:\/\/noticiasbahia360.com.br\/index.php?rest_route=%2Fwp%2Fv2%2Fcategories&post=48768"},{"taxonomy":"post_tag","embeddable":true,"href":"https:\/\/noticiasbahia360.com.br\/index.php?rest_route=%2Fwp%2Fv2%2Ftags&post=48768"}],"curies":[{"name":"wp","href":"https:\/\/api.w.org\/{rel}","templated":true}]}} 