{"id":48836,"date":"2024-09-20T10:49:03","date_gmt":"2024-09-20T13:49:03","guid":{"rendered":"https:\/\/noticiasbahia360.com.br\/?p=48836"},"modified":"2024-09-20T10:49:03","modified_gmt":"2024-09-20T13:49:03","slug":"o-povo-quer-mudanca-em-feira-afirma-jeronimo-em-caminhada-com-ze-neto-e-sandro-nazireu","status":"publish","type":"post","link":"https:\/\/noticiasbahia360.com.br\/?p=48836","title":{"rendered":"\u201cO povo quer mudan\u00e7a em Feira\u201d, afirma Jer\u00f4nimo em caminhada com Z\u00e9 Neto e Sandro Nazireu"},"content":{"rendered":"<div>\n<div>\n<figure><img decoding=\"async\" src=\"http:\/\/noticiasbahia360.com.br\/wp-content\/uploads\/2024\/09\/hbHG95nP-zeneto_pauloamaral_billlima-1.jpeg\" alt=\"Caminhada de Z\u00e9 Neto\"><figcaption>Foto: Paulo Amaral e Billi Lima<\/figcaption><\/figure>\n<\/div>\n<p>Feira de Santana foi palco da \u201cCaminhada da Vit\u00f3ria\u201d no centro da cidade, na quinta-feira (19), liderada pelos candidatos a prefeito da coliga\u00e7\u00e3o Pra Fazer o Futuro Acontecer, Z\u00e9 Neto, e a vice-prefeito Sandro Nazireu, com a presen\u00e7a do governador Jer\u00f4nimo Rodrigues, da primeira-dama do Estado, professora Tatiana Veloso, de deputados(as) federais e estaduais, entre outras autoridades.<\/p>\n<p class=\"has-vivid-red-color has-text-color has-link-color has-medium-font-size\"><strong><em><img decoding=\"async\" src=\"http:\/\/noticiasbahia360.com.br\/wp-content\/uploads\/2024\/09\/1f4f2-370.png\" alt=\"\ud83d\udcf2\" class=\"wp-smiley\" style=\"height: 1em; max-height: 1em;\"> <img decoding=\"async\" src=\"http:\/\/noticiasbahia360.com.br\/wp-content\/uploads\/2024\/09\/1f60e-370.png\" alt=\"\ud83d\ude0e\" class=\"wp-smiley\" style=\"height: 1em; max-height: 1em;\">SEJA VIP: Siga o<a href=\"https:\/\/whatsapp.com\/channel\/0029Va6Rb4v3WHTNnsh8WI3N\"> canal do Acorda Cidade no WhatsApp<\/a> e receba as principais not\u00edcias do dia.<\/em><\/strong><\/p>\n<p>O ato, que teve in\u00edcio na Pra\u00e7a da Matriz, percorreu diversas ruas e avenidas, e foi encerrado em clima de festa pr\u00f3ximo ao Comit\u00ea Central de Z\u00e9 Neto e Sandro Nazireu, na Avenida Get\u00falio Vargas, atraiu uma multid\u00e3o de pessoas que, segundo a organiza\u00e7\u00e3o da caminhada, expressaram o sentimento de mudan\u00e7a na administra\u00e7\u00e3o do munic\u00edpio.<\/p>\n<figure class=\"wp-block-image size-full\"><img fetchpriority=\"high\" data-dominant-color=\"585056\" data-has-transparency=\"false\" style=\"--dominant-color: #585056;\" fetchpriority=\"high\" decoding=\"async\" width=\"640\" height=\"426\" src=\"http:\/\/noticiasbahia360.com.br\/wp-content\/uploads\/2024\/09\/sgdfnAM7-zeneto_pauloamaral_billlima-2-jpeg.webp\" alt=\"Caminhada de Z\u00e9 Neto\" class=\"not-transparent wp-image-448119\" srcset=\"https:\/\/uploads.acordacidade.com.br\/2024\/09\/sgdfnAM7-zeneto_pauloamaral_billlima-2-300x200.webp 300w, https:\/\/uploads.acordacidade.com.br\/2024\/09\/sgdfnAM7-zeneto_pauloamaral_billlima-2-150x100.webp 150w, http:\/\/noticiasbahia360.com.br\/wp-content\/uploads\/2024\/09\/sgdfnAM7-zeneto_pauloamaral_billlima-2-jpeg.webp 640w\" sizes=\"(max-width: 640px) 100vw, 640px\"><figcaption class=\"wp-element-caption\">Foto: Paulo Amaral e Billi Lima<\/figcaption><\/figure>\n<p>\u201cFizemos uma caminhada linda, a maior da hist\u00f3ria nesta cidade. O povo quer mudan\u00e7a em Feira. Meu desejo \u00e9 que eu possa ter, a partir do dia 1\u00ba de janeiro de 2025, um prefeito amigo, parceiro, que ame e cuide da nossa Princesa do Sert\u00e3o como ela merece\u201c, declarou o governador.<\/p>\n<p>Para Z\u00e9 Neto, o sentimento de mudan\u00e7a \u00e9 muito forte na cidade.<\/p>\n<p>\u201cO que n\u00f3s estamos presenciando aqui hoje \u00e9 esse sentimento de mudan\u00e7a muito forte na cidade, porque quem n\u00e3o fez em 24 anos, n\u00e3o vai fazer mais. A vontade \u00e9 uma s\u00f3: no pr\u00f3ximo dia 6 de outubro, o \u2018Z\u00e9 da mudan\u00e7a\u2019 vai vencer o \u2018Z\u00e9 do atraso\u2019 e nossa Princesa do Sert\u00e3o vai voltar a ser feliz de novo\u201c, afirmou.<\/p>\n<p><em>Siga o Acorda Cidade no<a href=\"https:\/\/news.google.com\/search?q=acorda%20cidade&amp;hl=pt-BR&amp;gl=BR&amp;ceid=BR%3Apt-419\" target=\"_blank\" rel=\"noreferrer noopener\">\u00a0Google Not\u00edcias<\/a>\u00a0e receba os principais destaques do dia.\u00a0Participe tamb\u00e9m dos nossos grupos no\u00a0<a href=\"https:\/\/chat.whatsapp.com\/Fj2agnR6CdwLEb9Uqew8QI\" target=\"_blank\" rel=\"noreferrer noopener\">WhatsApp<\/a>\u00a0e\u00a0<a href=\"https:\/\/t.me\/+sSz0khrgARA0ZmRh\" target=\"_blank\" rel=\"noreferrer noopener\">Telegram<\/a><\/em><\/p>\n<\/div>\n","protected":false},"excerpt":{"rendered":"<div>\n<div>\n<figure><img decoding=\"async\" src=\"https:\/\/uploads.acordacidade.com.br\/2024\/09\/hbHG95nP-zeneto_pauloamaral_billlima-1.jpeg\" alt=\"Caminhada de Z\u00e9 Neto\"><figcaption>Foto: Paulo Amaral e Billi Lima<\/figcaption><\/figure>\n<\/div>\n<p>Para Z\u00e9 Neto, o sentimento de mudan\u00e7a \u00e9 muito forte na cidade.<\/p><\/div>\n","protected":false},"author":1,"featured_media":48837,"comment_status":"closed","ping_status":"closed","sticky":false,"template":"","format":"standard","meta":{"footnotes":""},"categories":[8,9,6,57,56,10],"tags":[],"class_list":["post-48836","post","type-post","status-publish","format-standard","has-post-thumbnail","hentry","category-bahia","category-brasil","category-feira-de-santana","category-mundo","category-policia","category-politica"],"featured_image_urls":{"full":["https:\/\/noticiasbahia360.com.br\/wp-content\/uploads\/2024\/09\/hbHG95nP-zeneto_pauloamaral_billlima-1.jpeg",640,427,false],"thumbnail":["https:\/\/noticiasbahia360.com.br\/wp-content\/uploads\/2024\/09\/hbHG95nP-zeneto_pauloamaral_billlima-1-150x150.jpeg",150,150,true],"medium":["https:\/\/noticiasbahia360.com.br\/wp-content\/uploads\/2024\/09\/hbHG95nP-zeneto_pauloamaral_billlima-1-300x200.jpeg",300,200,true],"medium_large":["https:\/\/noticiasbahia360.com.br\/wp-content\/uploads\/2024\/09\/hbHG95nP-zeneto_pauloamaral_billlima-1.jpeg",640,427,false],"large":["https:\/\/noticiasbahia360.com.br\/wp-content\/uploads\/2024\/09\/hbHG95nP-zeneto_pauloamaral_billlima-1.jpeg",640,427,false],"1536x1536":["https:\/\/noticiasbahia360.com.br\/wp-content\/uploads\/2024\/09\/hbHG95nP-zeneto_pauloamaral_billlima-1.jpeg",640,427,false],"2048x2048":["https:\/\/noticiasbahia360.com.br\/wp-content\/uploads\/2024\/09\/hbHG95nP-zeneto_pauloamaral_billlima-1.jpeg",640,427,false],"chromenews-featured":["https:\/\/noticiasbahia360.com.br\/wp-content\/uploads\/2024\/09\/hbHG95nP-zeneto_pauloamaral_billlima-1.jpeg",640,427,false],"chromenews-large":["https:\/\/noticiasbahia360.com.br\/wp-content\/uploads\/2024\/09\/hbHG95nP-zeneto_pauloamaral_billlima-1.jpeg",640,427,false],"chromenews-medium":["https:\/\/noticiasbahia360.com.br\/wp-content\/uploads\/2024\/09\/hbHG95nP-zeneto_pauloamaral_billlima-1-590x410.jpeg",590,410,true]},"author_info":{"display_name":"noticiasbahia360.com.br","author_link":"https:\/\/noticiasbahia360.com.br\/?author=1"},"category_info":"<a href=\"https:\/\/noticiasbahia360.com.br\/?cat=8\" rel=\"category\">Bahia<\/a> <a href=\"https:\/\/noticiasbahia360.com.br\/?cat=9\" rel=\"category\">Brasil<\/a> <a href=\"https:\/\/noticiasbahia360.com.br\/?cat=6\" rel=\"category\">Feira de Santana<\/a> <a href=\"https:\/\/noticiasbahia360.com.br\/?cat=57\" rel=\"category\">Mundo<\/a> <a href=\"https:\/\/noticiasbahia360.com.br\/?cat=56\" rel=\"category\">Pol\u00edcia<\/a> <a href=\"https:\/\/noticiasbahia360.com.br\/?cat=10\" rel=\"category\">Pol\u00edtica<\/a>","tag_info":"Pol\u00edtica","comment_count":"0","_links":{"self":[{"href":"https:\/\/noticiasbahia360.com.br\/index.php?rest_route=\/wp\/v2\/posts\/48836","targetHints":{"allow":["GET"]}}],"collection":[{"href":"https:\/\/noticiasbahia360.com.br\/index.php?rest_route=\/wp\/v2\/posts"}],"about":[{"href":"https:\/\/noticiasbahia360.com.br\/index.php?rest_route=\/wp\/v2\/types\/post"}],"author":[{"embeddable":true,"href":"https:\/\/noticiasbahia360.com.br\/index.php?rest_route=\/wp\/v2\/users\/1"}],"replies":[{"embeddable":true,"href":"https:\/\/noticiasbahia360.com.br\/index.php?rest_route=%2Fwp%2Fv2%2Fcomments&post=48836"}],"version-history":[{"count":0,"href":"https:\/\/noticiasbahia360.com.br\/index.php?rest_route=\/wp\/v2\/posts\/48836\/revisions"}],"wp:featuredmedia":[{"embeddable":true,"href":"https:\/\/noticiasbahia360.com.br\/index.php?rest_route=\/wp\/v2\/media\/48837"}],"wp:attachment":[{"href":"https:\/\/noticiasbahia360.com.br\/index.php?rest_route=%2Fwp%2Fv2%2Fmedia&parent=48836"}],"wp:term":[{"taxonomy":"category","embeddable":true,"href":"https:\/\/noticiasbahia360.com.br\/index.php?rest_route=%2Fwp%2Fv2%2Fcategories&post=48836"},{"taxonomy":"post_tag","embeddable":true,"href":"https:\/\/noticiasbahia360.com.br\/index.php?rest_route=%2Fwp%2Fv2%2Ftags&post=48836"}],"curies":[{"name":"wp","href":"https:\/\/api.w.org\/{rel}","templated":true}]}} 