{"id":48841,"date":"2024-09-20T10:57:40","date_gmt":"2024-09-20T13:57:40","guid":{"rendered":"https:\/\/noticiasbahia360.com.br\/?p=48841"},"modified":"2024-09-20T10:57:40","modified_gmt":"2024-09-20T13:57:40","slug":"escola-laura-ribeiro-e-entregue-no-tomba-um-investimento-de-mais-de-r-2-milhoes","status":"publish","type":"post","link":"https:\/\/noticiasbahia360.com.br\/?p=48841","title":{"rendered":"Escola Laura Ribeiro \u00e9 entregue no Tomba; um investimento de mais de R$ 2 milh\u00f5es"},"content":{"rendered":"<div>\n<div>\n<figure><img decoding=\"async\" src=\"http:\/\/noticiasbahia360.com.br\/wp-content\/uploads\/2024\/09\/Tm6X46a2-Escola-Laura-Ribeiro-e-entregue-no-Tomba-ft-paulo-jose-acorda-cidade1.jpg\" alt=\"\"><figcaption>Foto: Paulo Jos\u00e9\/Acorda Cidade<\/figcaption><\/figure>\n<\/div>\n<p>Na manh\u00e3 desta sexta-feira (20), <a href=\"https:\/\/www.acordacidade.com.br\/feira-de-santana\/em-entrega-da-escola-helena-assis-prefeitura-anuncia-ppp-para-implementar-30-novas-creches\/\" target=\"_blank\" rel=\"noreferrer noopener\">mais uma unidade escolar foi inaugurada<\/a> em Feira de Santana. A Escola Municipal Professora Laura Ribeiro Lopes, no bairro Tomba, foi entregue \u00e0 comunidade pelo prefeito Colbert Martins e a secret\u00e1ria de Educa\u00e7\u00e3o, Anaci Paim. Um investimento de mais de dois milh\u00f5es de reais, segundo o prefeito.<\/p>\n<p class=\"has-vivid-red-color has-text-color has-link-color has-medium-font-size\"><strong><em><img decoding=\"async\" src=\"http:\/\/noticiasbahia360.com.br\/wp-content\/uploads\/2024\/09\/1f4f2-371.png\" alt=\"\ud83d\udcf2\" class=\"wp-smiley\" style=\"height: 1em; max-height: 1em;\"> <img decoding=\"async\" src=\"http:\/\/noticiasbahia360.com.br\/wp-content\/uploads\/2024\/09\/1f60e-371.png\" alt=\"\ud83d\ude0e\" class=\"wp-smiley\" style=\"height: 1em; max-height: 1em;\">SEJA VIP: Siga o<a href=\"https:\/\/whatsapp.com\/channel\/0029Va6Rb4v3WHTNnsh8WI3N\"> canal do Acorda Cidade no WhatsApp<\/a> e receba as principais not\u00edcias do dia.<\/em><\/strong><\/p>\n<p>Gestores, professores, alunos, secret\u00e1rios municipais e a comunidade participaram da cerim\u00f4nia de entrega e visitaram as depend\u00eancias da unidade.<\/p>\n<figure class=\"wp-block-image size-full\"><img fetchpriority=\"high\" data-dominant-color=\"666964\" data-has-transparency=\"false\" style=\"--dominant-color: #666964;\" fetchpriority=\"high\" decoding=\"async\" width=\"640\" height=\"361\" src=\"http:\/\/noticiasbahia360.com.br\/wp-content\/uploads\/2024\/09\/pOlZr1jV-Escola-Laura-Ribeiro-e-entregue-no-Tomba-computadores-ft-paulo-jose-acorda-cidade6-jpg.webp\" alt=\"\" class=\"not-transparent wp-image-448093\" srcset=\"https:\/\/uploads.acordacidade.com.br\/2024\/09\/pOlZr1jV-Escola-Laura-Ribeiro-e-entregue-no-Tomba-computadores-ft-paulo-jose-acorda-cidade6-300x169.webp 300w, https:\/\/uploads.acordacidade.com.br\/2024\/09\/pOlZr1jV-Escola-Laura-Ribeiro-e-entregue-no-Tomba-computadores-ft-paulo-jose-acorda-cidade6-150x85.webp 150w, http:\/\/noticiasbahia360.com.br\/wp-content\/uploads\/2024\/09\/pOlZr1jV-Escola-Laura-Ribeiro-e-entregue-no-Tomba-computadores-ft-paulo-jose-acorda-cidade6-jpg.webp 640w\" sizes=\"(max-width: 640px) 100vw, 640px\"><figcaption class=\"wp-element-caption\">Foto: Paulo Jos\u00e9\/Acorda Cidade<\/figcaption><\/figure>\n<p>A nova unidade deve contemplar estudantes do bairro Tomba, mas tamb\u00e9m de localidades pr\u00f3ximas. <\/p>\n<figure class=\"wp-block-image size-full\"><img data-dominant-color=\"979285\" data-has-transparency=\"false\" style=\"--dominant-color: #979285;\" decoding=\"async\" width=\"640\" height=\"400\" src=\"http:\/\/noticiasbahia360.com.br\/wp-content\/uploads\/2024\/09\/mrZY6iaq-Nova-escola-municipal-sera-inaugurada-no-bairro-Tomba-2-jpg-1.webp\" alt=\"escola municipal\" class=\"not-transparent wp-image-446709\" srcset=\"https:\/\/uploads.acordacidade.com.br\/2024\/09\/mrZY6iaq-Nova-escola-municipal-sera-inaugurada-no-bairro-Tomba-2-300x188.webp 300w, https:\/\/uploads.acordacidade.com.br\/2024\/09\/mrZY6iaq-Nova-escola-municipal-sera-inaugurada-no-bairro-Tomba-2-150x94.webp 150w, http:\/\/noticiasbahia360.com.br\/wp-content\/uploads\/2024\/09\/mrZY6iaq-Nova-escola-municipal-sera-inaugurada-no-bairro-Tomba-2-jpg-1.webp 640w\" sizes=\"(max-width: 640px) 100vw, 640px\"><figcaption class=\"wp-element-caption\">Foto: Divulga\u00e7\u00e3o<\/figcaption><\/figure>\n<p>Com uma infraestrutura moderna e padr\u00e3o \u00e0s outras escolas que o governo tem inaugurado, o espa\u00e7o possui nove salas de aula com ar-condicionado, salas de multiuso e recursos, biblioteca, cozinha, refeit\u00f3rio, p\u00e1tio coberto, parque, sala de professores e diretoria.<\/p>\n<figure class=\"wp-block-image size-full\"><img data-dominant-color=\"7b7872\" data-has-transparency=\"false\" style=\"--dominant-color: #7b7872;\" decoding=\"async\" width=\"640\" height=\"361\" src=\"http:\/\/noticiasbahia360.com.br\/wp-content\/uploads\/2024\/09\/qzKpbLxj-Escola-Laura-Ribeiro-e-entregue-no-Tomba-ft-paulo-jose-acorda-cidade-jpg.webp\" alt=\"\" class=\"not-transparent wp-image-448100\" srcset=\"https:\/\/uploads.acordacidade.com.br\/2024\/09\/qzKpbLxj-Escola-Laura-Ribeiro-e-entregue-no-Tomba-ft-paulo-jose-acorda-cidade-300x169.webp 300w, https:\/\/uploads.acordacidade.com.br\/2024\/09\/qzKpbLxj-Escola-Laura-Ribeiro-e-entregue-no-Tomba-ft-paulo-jose-acorda-cidade-150x85.webp 150w, http:\/\/noticiasbahia360.com.br\/wp-content\/uploads\/2024\/09\/qzKpbLxj-Escola-Laura-Ribeiro-e-entregue-no-Tomba-ft-paulo-jose-acorda-cidade-jpg.webp 640w\" sizes=\"(max-width: 640px) 100vw, 640px\"><figcaption class=\"wp-element-caption\">Foto: Paulo Jos\u00e9\/Acorda Cidade<\/figcaption><\/figure>\n<blockquote class=\"wp-block-quote is-layout-flow wp-block-quote-is-layout-flow\">\n<p>\u201c\u00c9 uma unidade escolar que tem uma estrutura excelente. Tem o espa\u00e7o dos sanit\u00e1rios com granito, cozinha tamb\u00e9m na mesma estrutura, salas amplas, refrigeradas, com ar-condicionado, inclusive, espa\u00e7o para laborat\u00f3rio de ci\u00eancias e matem\u00e1tica j\u00e1 instalados. Um espa\u00e7o j\u00e1 aguardando o laborat\u00f3rio de rob\u00f3tica, espa\u00e7o para que o aluno tenha atividades recreativas, parte de sala de recurso tamb\u00e9m. Enfim, \u00e9 a unidade completa\u201d, disse a secret\u00e1ria de Educa\u00e7\u00e3o, Anaci Paim.<\/p>\n<\/blockquote>\n<figure class=\"wp-block-image size-full\"><img data-dominant-color=\"989a96\" data-has-transparency=\"false\" style=\"--dominant-color: #989a96;\" decoding=\"async\" width=\"640\" height=\"361\" src=\"http:\/\/noticiasbahia360.com.br\/wp-content\/uploads\/2024\/09\/USUVf2Yh-Escola-Laura-Ribeiro-e-entregue-no-Tomba-ft-paulo-jose-acorda-cidade3-jpg.webp\" alt=\"\" class=\"not-transparent wp-image-448097\" srcset=\"https:\/\/uploads.acordacidade.com.br\/2024\/09\/USUVf2Yh-Escola-Laura-Ribeiro-e-entregue-no-Tomba-ft-paulo-jose-acorda-cidade3-300x169.webp 300w, https:\/\/uploads.acordacidade.com.br\/2024\/09\/USUVf2Yh-Escola-Laura-Ribeiro-e-entregue-no-Tomba-ft-paulo-jose-acorda-cidade3-150x85.webp 150w, http:\/\/noticiasbahia360.com.br\/wp-content\/uploads\/2024\/09\/USUVf2Yh-Escola-Laura-Ribeiro-e-entregue-no-Tomba-ft-paulo-jose-acorda-cidade3-jpg.webp 640w\" sizes=\"(max-width: 640px) 100vw, 640px\"><figcaption class=\"wp-element-caption\">Foto: Paulo Jos\u00e9\/Acorda Cidade<\/figcaption><\/figure>\n<p>Material escolar novo tamb\u00e9m foi apresentado, assim como 36 computadores que devem permanecer na Laura Ribeiro, como explicou o prefeito ao Acorda Cidade. A estimativa \u00e9 que sejam entregues mais 24 aparelhos.<\/p>\n<figure class=\"wp-block-image size-full\"><img loading=\"lazy\" data-dominant-color=\"5d5c58\" data-has-transparency=\"false\" style=\"--dominant-color: #5d5c58;\" decoding=\"async\" width=\"640\" height=\"361\" src=\"http:\/\/noticiasbahia360.com.br\/wp-content\/uploads\/2024\/09\/TRt8SgwU-Escola-Laura-Ribeiro-e-entregue-no-Tomba-computadores-ft-paulo-jose-acorda-cidade4-jpg.webp\" alt=\"\" class=\"not-transparent wp-image-448095\" srcset=\"https:\/\/uploads.acordacidade.com.br\/2024\/09\/TRt8SgwU-Escola-Laura-Ribeiro-e-entregue-no-Tomba-computadores-ft-paulo-jose-acorda-cidade4-300x169.webp 300w, https:\/\/uploads.acordacidade.com.br\/2024\/09\/TRt8SgwU-Escola-Laura-Ribeiro-e-entregue-no-Tomba-computadores-ft-paulo-jose-acorda-cidade4-150x85.webp 150w, http:\/\/noticiasbahia360.com.br\/wp-content\/uploads\/2024\/09\/TRt8SgwU-Escola-Laura-Ribeiro-e-entregue-no-Tomba-computadores-ft-paulo-jose-acorda-cidade4-jpg.webp 640w\" sizes=\"(max-width: 640px) 100vw, 640px\"><figcaption class=\"wp-element-caption\">Foto: Paulo Jos\u00e9\/Acorda Cidade<\/figcaption><\/figure>\n<p>\u201cTodo o sistema de internet instalado, sistema de alarme de inc\u00eandio tamb\u00e9m, todos os sistemas de internet para os mais de 60 computadores para os alunos que temos na escola, laborat\u00f3rios de matem\u00e1tica, de ci\u00eancias, todos eles para poder melhorar a educa\u00e7\u00e3o dessas mais de 700 crian\u00e7as desta escola. Temos 36 computadores agora, vamos para 60\u201d, disse Colbert.<\/p>\n<figure class=\"wp-block-image size-full\"><img loading=\"lazy\" data-dominant-color=\"7c7973\" data-has-transparency=\"false\" style=\"--dominant-color: #7c7973;\" decoding=\"async\" width=\"640\" height=\"361\" src=\"http:\/\/noticiasbahia360.com.br\/wp-content\/uploads\/2024\/09\/v8Gp7x8N-Escola-Laura-Ribeiro-e-entregue-no-Tomba-computadores-ft-paulo-jose-acorda-cidade5-jpg.webp\" alt=\"\" class=\"not-transparent wp-image-448094\" srcset=\"https:\/\/uploads.acordacidade.com.br\/2024\/09\/v8Gp7x8N-Escola-Laura-Ribeiro-e-entregue-no-Tomba-computadores-ft-paulo-jose-acorda-cidade5-300x169.webp 300w, https:\/\/uploads.acordacidade.com.br\/2024\/09\/v8Gp7x8N-Escola-Laura-Ribeiro-e-entregue-no-Tomba-computadores-ft-paulo-jose-acorda-cidade5-150x85.webp 150w, http:\/\/noticiasbahia360.com.br\/wp-content\/uploads\/2024\/09\/v8Gp7x8N-Escola-Laura-Ribeiro-e-entregue-no-Tomba-computadores-ft-paulo-jose-acorda-cidade5-jpg.webp 640w\" sizes=\"(max-width: 640px) 100vw, 640px\"><figcaption class=\"wp-element-caption\">Foto: Paulo Jos\u00e9\/Acorda Cidade<\/figcaption><\/figure>\n<p><strong>O gestor destacou que a escola nunca teve sede pr\u00f3pria e estava instalada em pr\u00e9dios alugados pela prefeitura. Neste novo espa\u00e7o, a unidade fica pr\u00f3xima a outras escolas municipais, que, segundo o prefeito, deve receber uma pra\u00e7a integrada para uso das unidades escolares.<\/strong><\/p>\n<p>\u201cO Ca\u00edque est\u00e1 aqui do lado. Estamos fazendo uma pra\u00e7a de esportes integrada para tr\u00eas escolas juntas que vai ser feita logo em seguida.\u201d<\/p>\n<p>Colbert ainda pontuou que o investimento em educa\u00e7\u00e3o \u00e9 para que o aprendizado dos estudantes seja desenvolvido. Ele espera resultados positivos na pr\u00f3xima avalia\u00e7\u00e3o do \u00cdndice de Desenvolvimento da Educa\u00e7\u00e3o B\u00e1sica.<\/p>\n<p>\u201cO esfor\u00e7o \u00e9 para o Ideb, o Ideb tem que subir. A escola est\u00e1 bonita, j\u00e1 tem computador, as crian\u00e7as est\u00e3o motivadas, os professores est\u00e3o motivados. A gente precisa agora elevar o Ideb de Feira de Santana\u201d.<\/p>\n<figure class=\"wp-block-image size-full\"><img loading=\"lazy\" data-dominant-color=\"8a8784\" data-has-transparency=\"false\" style=\"--dominant-color: #8a8784;\" decoding=\"async\" width=\"640\" height=\"361\" src=\"http:\/\/noticiasbahia360.com.br\/wp-content\/uploads\/2024\/09\/So65txbz-Escola-Laura-Ribeiro-e-entregue-no-Tomba-ft-paulo-jose-acorda-cidade2-jpg.webp\" alt=\"\" class=\"not-transparent wp-image-448098\" srcset=\"https:\/\/uploads.acordacidade.com.br\/2024\/09\/So65txbz-Escola-Laura-Ribeiro-e-entregue-no-Tomba-ft-paulo-jose-acorda-cidade2-300x169.webp 300w, https:\/\/uploads.acordacidade.com.br\/2024\/09\/So65txbz-Escola-Laura-Ribeiro-e-entregue-no-Tomba-ft-paulo-jose-acorda-cidade2-150x85.webp 150w, http:\/\/noticiasbahia360.com.br\/wp-content\/uploads\/2024\/09\/So65txbz-Escola-Laura-Ribeiro-e-entregue-no-Tomba-ft-paulo-jose-acorda-cidade2-jpg.webp 640w\" sizes=\"(max-width: 640px) 100vw, 640px\"><figcaption class=\"wp-element-caption\">Foto: Paulo Jos\u00e9\/Acorda Cidade<\/figcaption><\/figure>\n<p>Carolina Almeida j\u00e1 foi estagi\u00e1ria da unidade e hoje atua na dire\u00e7\u00e3o da escola. Ao Acorda Cidade, a diretora destacou a alegria de estar presenciando a escola ganhar sua sede pr\u00f3pria para ajudar ainda mais no desenvolvimento da comunidade.<\/p>\n<p>\u201cEstamos contagiados com o espa\u00e7o maravilhoso, nossa primeira sede pr\u00f3pria, um espa\u00e7o adequado para que a gente possa fazer cada vez mais por essa comunidade. S\u00e3o 15 professores, corpo de apoio, servi\u00e7os gerais. \u00c9 um grupo maravilhoso que precisava s\u00f3 desse espa\u00e7o para poder fazer um trabalho ainda melhor. As crian\u00e7as est\u00e3o emocionadas com o parque, o p\u00e1tio, o campo.\u201d<\/p>\n<figure class=\"wp-block-image size-full\"><img loading=\"lazy\" data-dominant-color=\"8b9082\" data-has-transparency=\"false\" style=\"--dominant-color: #8b9082;\" decoding=\"async\" width=\"640\" height=\"400\" src=\"http:\/\/noticiasbahia360.com.br\/wp-content\/uploads\/2024\/09\/uXbnykw2-Nova-escola-municipal-sera-inaugurada-no-bairro-Tomba-jpg.webp\" alt=\"Nova escola municipal ser\u00e1 inaugurada no bairro Tomba\" class=\"not-transparent wp-image-446712\" srcset=\"https:\/\/uploads.acordacidade.com.br\/2024\/09\/uXbnykw2-Nova-escola-municipal-sera-inaugurada-no-bairro-Tomba-300x188.webp 300w, https:\/\/uploads.acordacidade.com.br\/2024\/09\/uXbnykw2-Nova-escola-municipal-sera-inaugurada-no-bairro-Tomba-150x94.webp 150w, http:\/\/noticiasbahia360.com.br\/wp-content\/uploads\/2024\/09\/uXbnykw2-Nova-escola-municipal-sera-inaugurada-no-bairro-Tomba-jpg.webp 640w\" sizes=\"(max-width: 640px) 100vw, 640px\"><figcaption class=\"wp-element-caption\">Foto: Divulga\u00e7\u00e3o<\/figcaption><\/figure>\n<figure class=\"wp-block-image size-full\"><img loading=\"lazy\" data-dominant-color=\"747775\" data-has-transparency=\"false\" style=\"--dominant-color: #747775;\" decoding=\"async\" width=\"640\" height=\"361\" src=\"http:\/\/noticiasbahia360.com.br\/wp-content\/uploads\/2024\/09\/Kb01H15r-Escola-Laura-Ribeiro-e-entregue-no-Tomba-computadores-ft-paulo-jose-acorda-cidade3-jpg.webp\" alt=\"\" class=\"not-transparent wp-image-448096\" srcset=\"https:\/\/uploads.acordacidade.com.br\/2024\/09\/Kb01H15r-Escola-Laura-Ribeiro-e-entregue-no-Tomba-computadores-ft-paulo-jose-acorda-cidade3-300x169.webp 300w, https:\/\/uploads.acordacidade.com.br\/2024\/09\/Kb01H15r-Escola-Laura-Ribeiro-e-entregue-no-Tomba-computadores-ft-paulo-jose-acorda-cidade3-150x85.webp 150w, http:\/\/noticiasbahia360.com.br\/wp-content\/uploads\/2024\/09\/Kb01H15r-Escola-Laura-Ribeiro-e-entregue-no-Tomba-computadores-ft-paulo-jose-acorda-cidade3-jpg.webp 640w\" sizes=\"(max-width: 640px) 100vw, 640px\"><figcaption class=\"wp-element-caption\">Foto: Paulo Jos\u00e9\/Acorda Cidade<\/figcaption><\/figure>\n<figure class=\"wp-block-image size-full is-resized\"><img loading=\"lazy\" data-dominant-color=\"8b8983\" data-has-transparency=\"false\" decoding=\"async\" width=\"640\" height=\"400\" src=\"http:\/\/noticiasbahia360.com.br\/wp-content\/uploads\/2024\/09\/nwQ5D4c5-Nova-escola-municipal-sera-inaugurada-no-bairro-Tomba-1-jpg-1.webp\" alt=\"escola municipal\" class=\"not-transparent wp-image-446710\" style=\"--dominant-color: #8b8983; width:840px;height:auto\" srcset=\"https:\/\/uploads.acordacidade.com.br\/2024\/09\/nwQ5D4c5-Nova-escola-municipal-sera-inaugurada-no-bairro-Tomba-1-300x188.webp 300w, https:\/\/uploads.acordacidade.com.br\/2024\/09\/nwQ5D4c5-Nova-escola-municipal-sera-inaugurada-no-bairro-Tomba-1-150x94.webp 150w, http:\/\/noticiasbahia360.com.br\/wp-content\/uploads\/2024\/09\/nwQ5D4c5-Nova-escola-municipal-sera-inaugurada-no-bairro-Tomba-1-jpg-1.webp 640w\" sizes=\"(max-width: 640px) 100vw, 640px\"><figcaption class=\"wp-element-caption\">Foto: Divulga\u00e7\u00e3o<\/figcaption><\/figure>\n<figure class=\"wp-block-image size-full\"><img loading=\"lazy\" data-dominant-color=\"8c8c94\" data-has-transparency=\"false\" style=\"--dominant-color: #8c8c94;\" decoding=\"async\" width=\"640\" height=\"406\" src=\"http:\/\/noticiasbahia360.com.br\/wp-content\/uploads\/2024\/09\/P5OvKVqB-Escola-Laura-Ribeiro-e-entregue-no-Tomba-computadores-ft-paulo-jose-acorda-cidade7-jpg.webp\" alt=\"\" class=\"not-transparent wp-image-448092\" srcset=\"https:\/\/uploads.acordacidade.com.br\/2024\/09\/P5OvKVqB-Escola-Laura-Ribeiro-e-entregue-no-Tomba-computadores-ft-paulo-jose-acorda-cidade7-300x190.webp 300w, https:\/\/uploads.acordacidade.com.br\/2024\/09\/P5OvKVqB-Escola-Laura-Ribeiro-e-entregue-no-Tomba-computadores-ft-paulo-jose-acorda-cidade7-150x95.webp 150w, http:\/\/noticiasbahia360.com.br\/wp-content\/uploads\/2024\/09\/P5OvKVqB-Escola-Laura-Ribeiro-e-entregue-no-Tomba-computadores-ft-paulo-jose-acorda-cidade7-jpg.webp 640w\" sizes=\"(max-width: 640px) 100vw, 640px\"><figcaption class=\"wp-element-caption\">Foto: Paulo Jos\u00e9\/Acorda Cidade<\/figcaption><\/figure>\n<p><em>Com informa\u00e7\u00f5es do rep\u00f3rter Paulo Jos\u00e9 do Acorda Cidade<\/em><\/p>\n<p><strong>Leia tamb\u00e9m:<\/strong><\/p>\n<p><a href=\"https:\/\/www.acordacidade.com.br\/feira-de-santana\/nova-escola-municipal-sera-inaugurada-no-bairro-tomba\/\" target=\"_blank\" rel=\"noreferrer noopener\">Nova escola municipal ser\u00e1 inaugurada no bairro Tomba<\/a><\/p>\n<p><a href=\"https:\/\/www.acordacidade.com.br\/feira-de-santana\/em-entrega-da-escola-helena-assis-prefeitura-anuncia-ppp-para-implementar-30-novas-creches\/\" target=\"_blank\" rel=\"noreferrer noopener\">Em entrega da Escola Helena Assis, prefeitura anuncia PPP para implementar 30 novas creches\u00a0<\/a>\u00a0<\/p>\n<p><em>Siga o Acorda Cidade no<a href=\"https:\/\/news.google.com\/search?q=acorda%20cidade&amp;hl=pt-BR&amp;gl=BR&amp;ceid=BR%3Apt-419\" target=\"_blank\" rel=\"noreferrer noopener\">\u00a0Google Not\u00edcias<\/a>\u00a0e receba os principais destaques do dia.\u00a0Participe tamb\u00e9m dos nossos grupos no\u00a0<a href=\"https:\/\/chat.whatsapp.com\/Fj2agnR6CdwLEb9Uqew8QI\" target=\"_blank\" rel=\"noreferrer noopener\">WhatsApp<\/a>\u00a0e\u00a0<a href=\"https:\/\/t.me\/+sSz0khrgARA0ZmRh\" target=\"_blank\" rel=\"noreferrer noopener\">Telegram<\/a><\/em><\/p>\n<\/div>\n","protected":false},"excerpt":{"rendered":"<div>\n<div>\n<figure><img decoding=\"async\" src=\"https:\/\/uploads.acordacidade.com.br\/2024\/09\/Tm6X46a2-Escola-Laura-Ribeiro-e-entregue-no-Tomba-ft-paulo-jose-acorda-cidade1.jpg\" alt=\"\"><figcaption>Foto: Paulo Jos\u00e9\/Acorda Cidade<\/figcaption><\/figure>\n<\/div>\n<p>Material escolar novo tamb\u00e9m foi apresentado, assim como 36 computadores que devem permanecer na unidade escolar.<\/p><\/div>\n","protected":false},"author":1,"featured_media":48842,"comment_status":"closed","ping_status":"closed","sticky":false,"template":"","format":"standard","meta":{"footnotes":""},"categories":[8,9,6,57,56,10],"tags":[],"class_list":["post-48841","post","type-post","status-publish","format-standard","has-post-thumbnail","hentry","category-bahia","category-brasil","category-feira-de-santana","category-mundo","category-policia","category-politica"],"featured_image_urls":{"full":["https:\/\/noticiasbahia360.com.br\/wp-content\/uploads\/2024\/09\/Tm6X46a2-Escola-Laura-Ribeiro-e-entregue-no-Tomba-ft-paulo-jose-acorda-cidade1.jpg",640,361,false],"thumbnail":["https:\/\/noticiasbahia360.com.br\/wp-content\/uploads\/2024\/09\/Tm6X46a2-Escola-Laura-Ribeiro-e-entregue-no-Tomba-ft-paulo-jose-acorda-cidade1-150x150.jpg",150,150,true],"medium":["https:\/\/noticiasbahia360.com.br\/wp-content\/uploads\/2024\/09\/Tm6X46a2-Escola-Laura-Ribeiro-e-entregue-no-Tomba-ft-paulo-jose-acorda-cidade1-300x169.jpg",300,169,true],"medium_large":["https:\/\/noticiasbahia360.com.br\/wp-content\/uploads\/2024\/09\/Tm6X46a2-Escola-Laura-Ribeiro-e-entregue-no-Tomba-ft-paulo-jose-acorda-cidade1.jpg",640,361,false],"large":["https:\/\/noticiasbahia360.com.br\/wp-content\/uploads\/2024\/09\/Tm6X46a2-Escola-Laura-Ribeiro-e-entregue-no-Tomba-ft-paulo-jose-acorda-cidade1.jpg",640,361,false],"1536x1536":["https:\/\/noticiasbahia360.com.br\/wp-content\/uploads\/2024\/09\/Tm6X46a2-Escola-Laura-Ribeiro-e-entregue-no-Tomba-ft-paulo-jose-acorda-cidade1.jpg",640,361,false],"2048x2048":["https:\/\/noticiasbahia360.com.br\/wp-content\/uploads\/2024\/09\/Tm6X46a2-Escola-Laura-Ribeiro-e-entregue-no-Tomba-ft-paulo-jose-acorda-cidade1.jpg",640,361,false],"chromenews-featured":["https:\/\/noticiasbahia360.com.br\/wp-content\/uploads\/2024\/09\/Tm6X46a2-Escola-Laura-Ribeiro-e-entregue-no-Tomba-ft-paulo-jose-acorda-cidade1.jpg",640,361,false],"chromenews-large":["https:\/\/noticiasbahia360.com.br\/wp-content\/uploads\/2024\/09\/Tm6X46a2-Escola-Laura-Ribeiro-e-entregue-no-Tomba-ft-paulo-jose-acorda-cidade1.jpg",640,361,false],"chromenews-medium":["https:\/\/noticiasbahia360.com.br\/wp-content\/uploads\/2024\/09\/Tm6X46a2-Escola-Laura-Ribeiro-e-entregue-no-Tomba-ft-paulo-jose-acorda-cidade1-590x361.jpg",590,361,true]},"author_info":{"display_name":"noticiasbahia360.com.br","author_link":"https:\/\/noticiasbahia360.com.br\/?author=1"},"category_info":"<a href=\"https:\/\/noticiasbahia360.com.br\/?cat=8\" rel=\"category\">Bahia<\/a> <a href=\"https:\/\/noticiasbahia360.com.br\/?cat=9\" rel=\"category\">Brasil<\/a> <a href=\"https:\/\/noticiasbahia360.com.br\/?cat=6\" rel=\"category\">Feira de Santana<\/a> <a href=\"https:\/\/noticiasbahia360.com.br\/?cat=57\" rel=\"category\">Mundo<\/a> <a href=\"https:\/\/noticiasbahia360.com.br\/?cat=56\" rel=\"category\">Pol\u00edcia<\/a> <a href=\"https:\/\/noticiasbahia360.com.br\/?cat=10\" rel=\"category\">Pol\u00edtica<\/a>","tag_info":"Pol\u00edtica","comment_count":"0","_links":{"self":[{"href":"https:\/\/noticiasbahia360.com.br\/index.php?rest_route=\/wp\/v2\/posts\/48841","targetHints":{"allow":["GET"]}}],"collection":[{"href":"https:\/\/noticiasbahia360.com.br\/index.php?rest_route=\/wp\/v2\/posts"}],"about":[{"href":"https:\/\/noticiasbahia360.com.br\/index.php?rest_route=\/wp\/v2\/types\/post"}],"author":[{"embeddable":true,"href":"https:\/\/noticiasbahia360.com.br\/index.php?rest_route=\/wp\/v2\/users\/1"}],"replies":[{"embeddable":true,"href":"https:\/\/noticiasbahia360.com.br\/index.php?rest_route=%2Fwp%2Fv2%2Fcomments&post=48841"}],"version-history":[{"count":0,"href":"https:\/\/noticiasbahia360.com.br\/index.php?rest_route=\/wp\/v2\/posts\/48841\/revisions"}],"wp:featuredmedia":[{"embeddable":true,"href":"https:\/\/noticiasbahia360.com.br\/index.php?rest_route=\/wp\/v2\/media\/48842"}],"wp:attachment":[{"href":"https:\/\/noticiasbahia360.com.br\/index.php?rest_route=%2Fwp%2Fv2%2Fmedia&parent=48841"}],"wp:term":[{"taxonomy":"category","embeddable":true,"href":"https:\/\/noticiasbahia360.com.br\/index.php?rest_route=%2Fwp%2Fv2%2Fcategories&post=48841"},{"taxonomy":"post_tag","embeddable":true,"href":"https:\/\/noticiasbahia360.com.br\/index.php?rest_route=%2Fwp%2Fv2%2Ftags&post=48841"}],"curies":[{"name":"wp","href":"https:\/\/api.w.org\/{rel}","templated":true}]}} 