{"id":54379,"date":"2024-10-18T16:12:16","date_gmt":"2024-10-18T19:12:16","guid":{"rendered":"https:\/\/noticiasbahia360.com.br\/?p=54379"},"modified":"2024-10-18T16:12:16","modified_gmt":"2024-10-18T19:12:16","slug":"campeonato-feirense-de-basquete-quartas-de-final-acontece-neste-sabado-19","status":"publish","type":"post","link":"https:\/\/noticiasbahia360.com.br\/?p=54379","title":{"rendered":"Campeonato Feirense de Basquete: quartas de final acontece neste s\u00e1bado (19)"},"content":{"rendered":"<div>\n<div>\n<figure><img decoding=\"async\" src=\"http:\/\/noticiasbahia360.com.br\/wp-content\/uploads\/2024\/10\/Bola-de-Basquete-Foto-Freepik.jpg\" alt=\"Bola de Basquete\"><figcaption>Foto: Master1305\/ Freepik <\/figcaption><\/figure>\n<\/div>\n<p>Os jogos das quartas de final do Campeonato Feirense de Basquete acontecem neste s\u00e1bado (19). As partidas ser\u00e3o realizadas no Gin\u00e1sio Municipal Joselito Amorim, na Rua Alo\u00edsio Resende, n\u00ba 13, no bairro Queimadinha. O evento come\u00e7a \u00e0s 13h.<\/p>\n<figure class=\"wp-block-image size-full\"><img fetchpriority=\"high\" data-dominant-color=\"716e70\" data-has-transparency=\"false\" style=\"--dominant-color: #716e70;\" fetchpriority=\"high\" decoding=\"async\" width=\"640\" height=\"527\" src=\"http:\/\/noticiasbahia360.com.br\/wp-content\/uploads\/2024\/10\/5871PL3N-time-de-basquete-cervejaria-santo-antonio-jpg.webp\" alt=\"time de basquete\" class=\"wp-image-460835 not-transparent\" srcset=\"https:\/\/uploads.acordacidade.com.br\/2024\/10\/5871PL3N-time-de-basquete-cervejaria-santo-antonio-300x247.webp 300w, https:\/\/uploads.acordacidade.com.br\/2024\/10\/5871PL3N-time-de-basquete-cervejaria-santo-antonio-150x124.webp 150w, http:\/\/noticiasbahia360.com.br\/wp-content\/uploads\/2024\/10\/5871PL3N-time-de-basquete-cervejaria-santo-antonio-jpg.webp 640w\" sizes=\"(max-width: 640px) 100vw, 640px\"><figcaption class=\"wp-element-caption\">Cervejaria Santo Ant\u00f4nio | Foto: Divulga\u00e7\u00e3o <\/figcaption><\/figure>\n<h3 class=\"wp-block-heading\" id=\"h-confira-os-confrontos\">Confira os confrontos:<\/h3>\n<ul class=\"wp-block-list\">\n<li>Boca Juniors x Brazza<\/li>\n<li>Los Lakers de Feira x Cervejaria Santo Ant\u00f4nio<\/li>\n<li>Flu de Feira x Real Feira Basquete<\/li>\n<li>Old\u2019s State Warriors x Robusto Metais<\/li>\n<\/ul>\n<figure class=\"wp-block-image size-full\"><img data-dominant-color=\"899386\" data-has-transparency=\"false\" style=\"--dominant-color: #899386;\" decoding=\"async\" width=\"640\" height=\"479\" src=\"http:\/\/noticiasbahia360.com.br\/wp-content\/uploads\/2024\/10\/jE6ize4i-time-de-basquete-Olds-State-jpg.webp\" alt=\"time de basquete\" class=\"wp-image-460836 not-transparent\" srcset=\"https:\/\/uploads.acordacidade.com.br\/2024\/10\/jE6ize4i-time-de-basquete-Olds-State-300x225.webp 300w, https:\/\/uploads.acordacidade.com.br\/2024\/10\/jE6ize4i-time-de-basquete-Olds-State-150x112.webp 150w, http:\/\/noticiasbahia360.com.br\/wp-content\/uploads\/2024\/10\/jE6ize4i-time-de-basquete-Olds-State-jpg.webp 640w\" sizes=\"(max-width: 640px) 100vw, 640px\"><figcaption class=\"wp-element-caption\">Old\u2019s State | Foto: Divulga\u00e7\u00e3o <\/figcaption><\/figure>\n<p>O evento \u00e9 realizado pela Associa\u00e7\u00e3o Feirense de Basquete Master (AFBM) em parceria com a Core 3.<\/p>\n<figure class=\"wp-block-image size-full\"><img data-dominant-color=\"5d675b\" data-has-transparency=\"false\" style=\"--dominant-color: #5d675b;\" decoding=\"async\" width=\"640\" height=\"457\" src=\"http:\/\/noticiasbahia360.com.br\/wp-content\/uploads\/2024\/10\/Y8DOHNeW-time-de-basquete-boca-juniors-jpg.webp\" alt=\"time de basquete\" class=\"wp-image-460838 not-transparent\" srcset=\"https:\/\/uploads.acordacidade.com.br\/2024\/10\/Y8DOHNeW-time-de-basquete-boca-juniors-300x214.webp 300w, https:\/\/uploads.acordacidade.com.br\/2024\/10\/Y8DOHNeW-time-de-basquete-boca-juniors-150x107.webp 150w, http:\/\/noticiasbahia360.com.br\/wp-content\/uploads\/2024\/10\/Y8DOHNeW-time-de-basquete-boca-juniors-jpg.webp 640w\" sizes=\"(max-width: 640px) 100vw, 640px\"><figcaption class=\"wp-element-caption\">Boca Juniors | Foto: Divulga\u00e7\u00e3o <\/figcaption><\/figure>\n<p>\u201cVenha prestigiar. Venha conhecer, traga sua fam\u00edlia, seus filhos, seus amigos para este grande congra\u00e7amento em torno do esporte. O basquetebol de Feira de Santana est\u00e1 em festa e vamos ter a presen\u00e7a de um dos melhores DJs do mundo, DJ Kleb\u00e3o\u201d, disse Paulo Almeida, vice-presidente da AFBM.<\/p>\n<figure class=\"wp-block-image size-full\"><img data-dominant-color=\"877c6b\" data-has-transparency=\"false\" style=\"--dominant-color: #877c6b;\" decoding=\"async\" width=\"640\" height=\"511\" src=\"http:\/\/noticiasbahia360.com.br\/wp-content\/uploads\/2024\/10\/avHfcKsk-time-de-basquete-robusto-metais-jpg.webp\" alt=\"time de basquete\" class=\"wp-image-460839 not-transparent\" srcset=\"https:\/\/uploads.acordacidade.com.br\/2024\/10\/avHfcKsk-time-de-basquete-robusto-metais-300x240.webp 300w, https:\/\/uploads.acordacidade.com.br\/2024\/10\/avHfcKsk-time-de-basquete-robusto-metais-150x120.webp 150w, http:\/\/noticiasbahia360.com.br\/wp-content\/uploads\/2024\/10\/avHfcKsk-time-de-basquete-robusto-metais-jpg.webp 640w\" sizes=\"(max-width: 640px) 100vw, 640px\"><figcaption class=\"wp-element-caption\">Robusto Metais | Foto: Divulga\u00e7\u00e3o <\/figcaption><\/figure>\n<p>Apesar de o Brasil ser reconhecido como o pa\u00eds do futebol, o basquete vem se destacando como um esporte que pode sim ocupar, ou pelo menos disputar, espa\u00e7o no cora\u00e7\u00e3o do brasileiro. O campeonato ter\u00e1 em quadra representantes de diversas idades, uma prova de quanto o basquete \u00e9 um esporte inclusivo.<\/p>\n<figure class=\"wp-block-image size-full\"><img loading=\"lazy\" data-dominant-color=\"9a7d48\" data-has-transparency=\"false\" style=\"--dominant-color: #9a7d48;\" decoding=\"async\" width=\"640\" height=\"514\" src=\"http:\/\/noticiasbahia360.com.br\/wp-content\/uploads\/2024\/10\/X29RkdJW-time-de-basquete-flu-de-feira-jpg.webp\" alt=\"time de basquete \" class=\"wp-image-460837 not-transparent\" srcset=\"https:\/\/uploads.acordacidade.com.br\/2024\/10\/X29RkdJW-time-de-basquete-flu-de-feira-300x241.webp 300w, https:\/\/uploads.acordacidade.com.br\/2024\/10\/X29RkdJW-time-de-basquete-flu-de-feira-150x120.webp 150w, http:\/\/noticiasbahia360.com.br\/wp-content\/uploads\/2024\/10\/X29RkdJW-time-de-basquete-flu-de-feira-jpg.webp 640w\" sizes=\"(max-width: 640px) 100vw, 640px\"><figcaption class=\"wp-element-caption\">Flu de Feira | Foto: Divulga\u00e7\u00e3o <\/figcaption><\/figure>\n<p>\u201cO basquete, para mim, al\u00e9m de um estilo de vida, \u00e9 um esporte que me ajudou a me formar como pessoa, como cidad\u00e3o. Eu devo muito ao basquete. E estar disputando a Copa Feirense \u00e9 uma oportunidade \u00edmpar, pois advers\u00e1rios na quadra, fora dela, amigos, colegas, familiares, somos todos uma fam\u00edlia do basquete\u201d, disse Davi Nunes, de 43 anos, jogador do Flu de Feira.<\/p>\n<figure class=\"wp-block-image size-full\"><img loading=\"lazy\" data-dominant-color=\"5d778b\" data-has-transparency=\"false\" style=\"--dominant-color: #5d778b;\" decoding=\"async\" width=\"640\" height=\"480\" src=\"http:\/\/noticiasbahia360.com.br\/wp-content\/uploads\/2024\/10\/NkP63XVv-time-de-basquete-brazza-jpg.webp\" alt=\"time de basquete\" class=\"wp-image-460841 not-transparent\" srcset=\"https:\/\/uploads.acordacidade.com.br\/2024\/10\/NkP63XVv-time-de-basquete-brazza-300x225.webp 300w, https:\/\/uploads.acordacidade.com.br\/2024\/10\/NkP63XVv-time-de-basquete-brazza-150x113.webp 150w, http:\/\/noticiasbahia360.com.br\/wp-content\/uploads\/2024\/10\/NkP63XVv-time-de-basquete-brazza-jpg.webp 640w\" sizes=\"(max-width: 640px) 100vw, 640px\"><figcaption class=\"wp-element-caption\">Brazza | Foto: Divulga\u00e7\u00e3o <\/figcaption><\/figure>\n<p>\u201cO basquete \u00e9 um estilo de sa\u00fade f\u00edsica e mental. Estar em quadra \u00e9 tudo de bom, me sinto em paz jogando. E a Copa Feirense nos permite desfrutar desse prazer, desse amor que chamamos de basquete\u201d, finalizou Salvador Douglas, de 23 anos, jogador do Brazza.<\/p>\n<figure class=\"wp-block-image size-full\"><img loading=\"lazy\" data-dominant-color=\"6e6e70\" data-has-transparency=\"false\" style=\"--dominant-color: #6e6e70;\" decoding=\"async\" width=\"640\" height=\"502\" src=\"http:\/\/noticiasbahia360.com.br\/wp-content\/uploads\/2024\/10\/AWntHFfZ-time-de-basquete-los-lakers-jpg.webp\" alt=\"time de basquete\" class=\"wp-image-460840 not-transparent\" srcset=\"https:\/\/uploads.acordacidade.com.br\/2024\/10\/AWntHFfZ-time-de-basquete-los-lakers-300x235.webp 300w, https:\/\/uploads.acordacidade.com.br\/2024\/10\/AWntHFfZ-time-de-basquete-los-lakers-150x118.webp 150w, http:\/\/noticiasbahia360.com.br\/wp-content\/uploads\/2024\/10\/AWntHFfZ-time-de-basquete-los-lakers-jpg.webp 640w\" sizes=\"(max-width: 640px) 100vw, 640px\"><figcaption class=\"wp-element-caption\">Los Lakers | Foto: Divulga\u00e7\u00e3o <\/figcaption><\/figure>\n<figure class=\"wp-block-image size-full\"><img loading=\"lazy\" data-dominant-color=\"85857a\" data-has-transparency=\"false\" style=\"--dominant-color: #85857a;\" decoding=\"async\" width=\"640\" height=\"480\" src=\"http:\/\/noticiasbahia360.com.br\/wp-content\/uploads\/2024\/10\/5NXhVNC1-time-de-basquete-real-feira-jpg.webp\" alt=\"time de basquete \" class=\"wp-image-460843 not-transparent\" srcset=\"https:\/\/uploads.acordacidade.com.br\/2024\/10\/5NXhVNC1-time-de-basquete-real-feira-300x225.webp 300w, https:\/\/uploads.acordacidade.com.br\/2024\/10\/5NXhVNC1-time-de-basquete-real-feira-150x113.webp 150w, http:\/\/noticiasbahia360.com.br\/wp-content\/uploads\/2024\/10\/5NXhVNC1-time-de-basquete-real-feira-jpg.webp 640w\" sizes=\"(max-width: 640px) 100vw, 640px\"><figcaption class=\"wp-element-caption\">Real Feira | Foto: Divulga\u00e7\u00e3o <\/figcaption><\/figure>\n<p><em>Com informa\u00e7\u00f5es da Jornalista Iasmim Santos do Acorda Cidade<\/em><\/p>\n<p><em>Reportagem escrita pelo estagi\u00e1rio de jornalismo Jefferson Ara\u00fajo sob supervis\u00e3o do jornalista Gabriel Gon\u00e7alves<\/em><\/p>\n<p><em>Siga o Acorda Cidade no<a href=\"https:\/\/news.google.com\/search?q=acorda%20cidade&amp;hl=pt-BR&amp;gl=BR&amp;ceid=BR%3Apt-419\" target=\"_blank\" rel=\"noreferrer noopener\">\u00a0Google Not\u00edcias<\/a>\u00a0e receba os principais destaques do dia.\u00a0Participe tamb\u00e9m dos nossos grupos no\u00a0<a href=\"https:\/\/chat.whatsapp.com\/Fj2agnR6CdwLEb9Uqew8QI\" target=\"_blank\" rel=\"noreferrer noopener\">WhatsApp<\/a>\u00a0e\u00a0<a href=\"https:\/\/t.me\/+sSz0khrgARA0ZmRh\" target=\"_blank\" rel=\"noreferrer noopener\">Telegram<\/a><\/em><\/p>\n<\/div>\n","protected":false},"excerpt":{"rendered":"<div>\n<div>\n<figure><img decoding=\"async\" src=\"https:\/\/www.acordacidade.com.br\/wp-content\/uploads\/2024\/05\/Bola-de-Basquete-Foto-Freepik.jpg\" alt=\"Bola de Basquete\"><figcaption>Foto: Master1305\/ Freepik <\/figcaption><\/figure>\n<\/div>\n<p>As partidas ser\u00e3o realizadas no Gin\u00e1sio Municipal Joselito Amorim, na Rua Alo\u00edsio Resende, n\u00ba 13, no bairro Queimadinha.<\/p><\/div>\n","protected":false},"author":1,"featured_media":54380,"comment_status":"closed","ping_status":"closed","sticky":false,"template":"","format":"standard","meta":{"footnotes":""},"categories":[8,9,6,57,56,10],"tags":[],"class_list":["post-54379","post","type-post","status-publish","format-standard","has-post-thumbnail","hentry","category-bahia","category-brasil","category-feira-de-santana","category-mundo","category-policia","category-politica"],"featured_image_urls":{"full":["https:\/\/noticiasbahia360.com.br\/wp-content\/uploads\/2024\/10\/Bola-de-Basquete-Foto-Freepik.jpg",640,426,false],"thumbnail":["https:\/\/noticiasbahia360.com.br\/wp-content\/uploads\/2024\/10\/Bola-de-Basquete-Foto-Freepik-150x150.jpg",150,150,true],"medium":["https:\/\/noticiasbahia360.com.br\/wp-content\/uploads\/2024\/10\/Bola-de-Basquete-Foto-Freepik-300x200.jpg",300,200,true],"medium_large":["https:\/\/noticiasbahia360.com.br\/wp-content\/uploads\/2024\/10\/Bola-de-Basquete-Foto-Freepik.jpg",640,426,false],"large":["https:\/\/noticiasbahia360.com.br\/wp-content\/uploads\/2024\/10\/Bola-de-Basquete-Foto-Freepik.jpg",640,426,false],"1536x1536":["https:\/\/noticiasbahia360.com.br\/wp-content\/uploads\/2024\/10\/Bola-de-Basquete-Foto-Freepik.jpg",640,426,false],"2048x2048":["https:\/\/noticiasbahia360.com.br\/wp-content\/uploads\/2024\/10\/Bola-de-Basquete-Foto-Freepik.jpg",640,426,false],"chromenews-featured":["https:\/\/noticiasbahia360.com.br\/wp-content\/uploads\/2024\/10\/Bola-de-Basquete-Foto-Freepik.jpg",640,426,false],"chromenews-large":["https:\/\/noticiasbahia360.com.br\/wp-content\/uploads\/2024\/10\/Bola-de-Basquete-Foto-Freepik.jpg",640,426,false],"chromenews-medium":["https:\/\/noticiasbahia360.com.br\/wp-content\/uploads\/2024\/10\/Bola-de-Basquete-Foto-Freepik-590x410.jpg",590,410,true]},"author_info":{"display_name":"noticiasbahia360.com.br","author_link":"https:\/\/noticiasbahia360.com.br\/?author=1"},"category_info":"<a href=\"https:\/\/noticiasbahia360.com.br\/?cat=8\" rel=\"category\">Bahia<\/a> <a href=\"https:\/\/noticiasbahia360.com.br\/?cat=9\" rel=\"category\">Brasil<\/a> <a href=\"https:\/\/noticiasbahia360.com.br\/?cat=6\" rel=\"category\">Feira de Santana<\/a> <a href=\"https:\/\/noticiasbahia360.com.br\/?cat=57\" rel=\"category\">Mundo<\/a> <a href=\"https:\/\/noticiasbahia360.com.br\/?cat=56\" rel=\"category\">Pol\u00edcia<\/a> <a href=\"https:\/\/noticiasbahia360.com.br\/?cat=10\" rel=\"category\">Pol\u00edtica<\/a>","tag_info":"Pol\u00edtica","comment_count":"0","_links":{"self":[{"href":"https:\/\/noticiasbahia360.com.br\/index.php?rest_route=\/wp\/v2\/posts\/54379","targetHints":{"allow":["GET"]}}],"collection":[{"href":"https:\/\/noticiasbahia360.com.br\/index.php?rest_route=\/wp\/v2\/posts"}],"about":[{"href":"https:\/\/noticiasbahia360.com.br\/index.php?rest_route=\/wp\/v2\/types\/post"}],"author":[{"embeddable":true,"href":"https:\/\/noticiasbahia360.com.br\/index.php?rest_route=\/wp\/v2\/users\/1"}],"replies":[{"embeddable":true,"href":"https:\/\/noticiasbahia360.com.br\/index.php?rest_route=%2Fwp%2Fv2%2Fcomments&post=54379"}],"version-history":[{"count":0,"href":"https:\/\/noticiasbahia360.com.br\/index.php?rest_route=\/wp\/v2\/posts\/54379\/revisions"}],"wp:featuredmedia":[{"embeddable":true,"href":"https:\/\/noticiasbahia360.com.br\/index.php?rest_route=\/wp\/v2\/media\/54380"}],"wp:attachment":[{"href":"https:\/\/noticiasbahia360.com.br\/index.php?rest_route=%2Fwp%2Fv2%2Fmedia&parent=54379"}],"wp:term":[{"taxonomy":"category","embeddable":true,"href":"https:\/\/noticiasbahia360.com.br\/index.php?rest_route=%2Fwp%2Fv2%2Fcategories&post=54379"},{"taxonomy":"post_tag","embeddable":true,"href":"https:\/\/noticiasbahia360.com.br\/index.php?rest_route=%2Fwp%2Fv2%2Ftags&post=54379"}],"curies":[{"name":"wp","href":"https:\/\/api.w.org\/{rel}","templated":true}]}}