{"id":74856,"date":"2025-02-14T15:58:38","date_gmt":"2025-02-14T18:58:38","guid":{"rendered":"https:\/\/noticiasbahia360.com.br\/?p=74856"},"modified":"2025-02-14T15:58:38","modified_gmt":"2025-02-14T18:58:38","slug":"evento-em-comemoracao-ao-fevereiro-roxo-promove-acao-solidaria-e-apoio-a-pacientes-com-doencas-reumaticas","status":"publish","type":"post","link":"https:\/\/noticiasbahia360.com.br\/?p=74856","title":{"rendered":"Evento em comemora\u00e7\u00e3o ao Fevereiro Roxo promove a\u00e7\u00e3o solid\u00e1ria e apoio a pacientes com doen\u00e7as reum\u00e1ticas"},"content":{"rendered":"<div>\n<div>\n<figure><img decoding=\"async\" src=\"http:\/\/noticiasbahia360.com.br\/wp-content\/uploads\/2025\/02\/fevereiro-roxo.jpeg\" alt=\"fevereiro roxo\"><figcaption>Foto: Divulga\u00e7\u00e3o<\/figcaption><\/figure>\n<\/div>\n<p>Acontece neste s\u00e1bado (15) das 10h \u00e0s 16h, o primeiro evento da OSC AQC (Amor Que Conforta), na sede da ONG localizada na Rua Senador Quintino, n\u00ba 1843, Bairro Bras\u00edlia. A iniciativa tem como objetivo promover a conscientiza\u00e7\u00e3o e o apoio \u00e0s pessoas que enfrentam doen\u00e7as reum\u00e1ticas, como fibromialgia, l\u00fapus e outras condi\u00e7\u00f5es que geram dor cr\u00f4nica e muitas vezes passam despercebidas pela sociedade.<\/p>\n<p>Em comemora\u00e7\u00e3o ao Fevereiro Roxo, m\u00eas de conscientiza\u00e7\u00e3o sobre essas enfermidades, o evento contar\u00e1 com a participa\u00e7\u00e3o especial de m\u00e9dicos, psic\u00f3logos, massoterapeutas e outros profissionais da sa\u00fade, que estar\u00e3o \u00e0 disposi\u00e7\u00e3o para oferecer orienta\u00e7\u00f5es, cuidados e suporte aos participantes. A programa\u00e7\u00e3o foi pensada para proporcionar al\u00edvio e acolhimento, com atividades voltadas ao bem-estar f\u00edsico e emocional.<\/p>\n<p>O aumento expressivo de pacientes com fibromialgia, l\u00fapus e outras doen\u00e7as reum\u00e1ticas motivou a cria\u00e7\u00e3o da AQC. A ONG, que tem como miss\u00e3o a promo\u00e7\u00e3o da qualidade de vida dessas pessoas, se dedica a lutar em prol de um atendimento mais humanizado e \u00e0 defesa dos direitos da comunidade com essas condi\u00e7\u00f5es de sa\u00fade, frequentemente chamadas de \u201cdefici\u00eancias ocultas\u201d.<\/p>\n<p>\u201cNosso objetivo \u00e9 atuar para melhorar a qualidade de vida de quem sofre com essas doen\u00e7as, que muitas vezes s\u00e3o invis\u00edveis, mas t\u00eam um impacto enorme no cotidiano dos pacientes. Queremos proporcionar momentos de al\u00edvio, troca de experi\u00eancias e apoio para todos que necessitam\u201d, afirmou a presidente da AQC, Eliana Ara\u00fajo Santana.<\/p>\n<p>O evento ser\u00e1 uma oportunidade para pacientes e familiares se encontrarem, se informarem e se fortalecerem diante dos desafios impostos pelas doen\u00e7as reum\u00e1ticas. A entrada \u00e9 gratuita, e todos s\u00e3o bem-vindos para participar dessa a\u00e7\u00e3o de acolhimento e conscientiza\u00e7\u00e3o.<\/p>\n<p>A ONG AQC, sem fins lucrativos, atua com o prop\u00f3sito de promover sa\u00fade e bem-estar para pessoas com fibromialgia, l\u00fapus e dor cr\u00f4nica, sendo um ponto de apoio essencial para quem luta contra essas condi\u00e7\u00f5es.<\/p>\n<p><em>Siga o Acorda Cidade no<\/em><a href=\"https:\/\/news.google.com\/search?q=acorda%20cidade&amp;hl=pt-BR&amp;gl=BR&amp;ceid=BR%3Apt-419\"><strong><em> Google Not\u00edcias<\/em><\/strong><\/a><em> e receba os principais destaques do dia. Participe tamb\u00e9m dos nossos canais no <\/em><a href=\"https:\/\/whatsapp.com\/channel\/0029Va6Rb4v3WHTNnsh8WI3N\"><strong><em>WhatsApp<\/em><\/strong><\/a><em> e <\/em><a href=\"https:\/\/www.youtube.com\/@acordacidadenoticias\/videos\"><strong>Youtube<\/strong><\/a><em> e grupo de <\/em><a href=\"https:\/\/t.me\/+sSz0khrgARA0ZmRh\"><strong><em>Telegram<\/em><\/strong><\/a><em>.<\/em><\/p>\n<\/div>\n","protected":false},"excerpt":{"rendered":"<div>\n<div>\n<figure><img decoding=\"async\" src=\"https:\/\/uploads.acordacidade.com.br\/2025\/02\/fevereiro-roxo.jpeg\" alt=\"fevereiro roxo\"><figcaption>Foto: Divulga\u00e7\u00e3o<\/figcaption><\/figure>\n<\/div>\n<p>Em comemora\u00e7\u00e3o ao Fevereiro Roxo, o evento contar\u00e1 com a participa\u00e7\u00e3o de m\u00e9dicos, psic\u00f3logos e outros profissionais da sa\u00fade<\/p><\/div>\n","protected":false},"author":1,"featured_media":74857,"comment_status":"closed","ping_status":"closed","sticky":false,"template":"","format":"gallery","meta":{"footnotes":""},"categories":[8,9,6,57,56,10],"tags":[],"class_list":["post-74856","post","type-post","status-publish","format-gallery","has-post-thumbnail","hentry","category-bahia","category-brasil","category-feira-de-santana","category-mundo","category-policia","category-politica","post_format-post-format-gallery"],"featured_image_urls":{"full":["https:\/\/noticiasbahia360.com.br\/wp-content\/uploads\/2025\/02\/fevereiro-roxo.jpeg",600,375,false],"thumbnail":["https:\/\/noticiasbahia360.com.br\/wp-content\/uploads\/2025\/02\/fevereiro-roxo-150x150.jpeg",150,150,true],"medium":["https:\/\/noticiasbahia360.com.br\/wp-content\/uploads\/2025\/02\/fevereiro-roxo-300x188.jpeg",300,188,true],"medium_large":["https:\/\/noticiasbahia360.com.br\/wp-content\/uploads\/2025\/02\/fevereiro-roxo.jpeg",600,375,false],"large":["https:\/\/noticiasbahia360.com.br\/wp-content\/uploads\/2025\/02\/fevereiro-roxo.jpeg",600,375,false],"1536x1536":["https:\/\/noticiasbahia360.com.br\/wp-content\/uploads\/2025\/02\/fevereiro-roxo.jpeg",600,375,false],"2048x2048":["https:\/\/noticiasbahia360.com.br\/wp-content\/uploads\/2025\/02\/fevereiro-roxo.jpeg",600,375,false],"chromenews-featured":["https:\/\/noticiasbahia360.com.br\/wp-content\/uploads\/2025\/02\/fevereiro-roxo.jpeg",600,375,false],"chromenews-large":["https:\/\/noticiasbahia360.com.br\/wp-content\/uploads\/2025\/02\/fevereiro-roxo.jpeg",600,375,false],"chromenews-medium":["https:\/\/noticiasbahia360.com.br\/wp-content\/uploads\/2025\/02\/fevereiro-roxo-590x375.jpeg",590,375,true]},"author_info":{"display_name":"noticiasbahia360.com.br","author_link":"https:\/\/noticiasbahia360.com.br\/?author=1"},"category_info":"<a href=\"https:\/\/noticiasbahia360.com.br\/?cat=8\" rel=\"category\">Bahia<\/a> <a href=\"https:\/\/noticiasbahia360.com.br\/?cat=9\" rel=\"category\">Brasil<\/a> <a href=\"https:\/\/noticiasbahia360.com.br\/?cat=6\" rel=\"category\">Feira de Santana<\/a> <a href=\"https:\/\/noticiasbahia360.com.br\/?cat=57\" rel=\"category\">Mundo<\/a> <a href=\"https:\/\/noticiasbahia360.com.br\/?cat=56\" rel=\"category\">Pol\u00edcia<\/a> <a href=\"https:\/\/noticiasbahia360.com.br\/?cat=10\" rel=\"category\">Pol\u00edtica<\/a>","tag_info":"Pol\u00edtica","comment_count":"0","_links":{"self":[{"href":"https:\/\/noticiasbahia360.com.br\/index.php?rest_route=\/wp\/v2\/posts\/74856","targetHints":{"allow":["GET"]}}],"collection":[{"href":"https:\/\/noticiasbahia360.com.br\/index.php?rest_route=\/wp\/v2\/posts"}],"about":[{"href":"https:\/\/noticiasbahia360.com.br\/index.php?rest_route=\/wp\/v2\/types\/post"}],"author":[{"embeddable":true,"href":"https:\/\/noticiasbahia360.com.br\/index.php?rest_route=\/wp\/v2\/users\/1"}],"replies":[{"embeddable":true,"href":"https:\/\/noticiasbahia360.com.br\/index.php?rest_route=%2Fwp%2Fv2%2Fcomments&post=74856"}],"version-history":[{"count":0,"href":"https:\/\/noticiasbahia360.com.br\/index.php?rest_route=\/wp\/v2\/posts\/74856\/revisions"}],"wp:featuredmedia":[{"embeddable":true,"href":"https:\/\/noticiasbahia360.com.br\/index.php?rest_route=\/wp\/v2\/media\/74857"}],"wp:attachment":[{"href":"https:\/\/noticiasbahia360.com.br\/index.php?rest_route=%2Fwp%2Fv2%2Fmedia&parent=74856"}],"wp:term":[{"taxonomy":"category","embeddable":true,"href":"https:\/\/noticiasbahia360.com.br\/index.php?rest_route=%2Fwp%2Fv2%2Fcategories&post=74856"},{"taxonomy":"post_tag","embeddable":true,"href":"https:\/\/noticiasbahia360.com.br\/index.php?rest_route=%2Fwp%2Fv2%2Ftags&post=74856"}],"curies":[{"name":"wp","href":"https:\/\/api.w.org\/{rel}","templated":true}]}} 