{"id":75206,"date":"2025-02-18T09:18:04","date_gmt":"2025-02-18T12:18:04","guid":{"rendered":"https:\/\/noticiasbahia360.com.br\/?p=75206"},"modified":"2025-02-18T09:18:04","modified_gmt":"2025-02-18T12:18:04","slug":"o-jeito-certo-para-fazer-mudas-de-lirio-da-paz-e-multiplicar-seu-perfume-no-ambiente","status":"publish","type":"post","link":"https:\/\/noticiasbahia360.com.br\/?p=75206","title":{"rendered":"O jeito certo para fazer mudas de L\u00edrio da Paz e multiplicar seu perfume no ambiente"},"content":{"rendered":"<div>\n<div>\n<figure><img decoding=\"async\" src=\"http:\/\/noticiasbahia360.com.br\/wp-content\/uploads\/2025\/02\/he9cjezz-O-jeito-certo-para-fazer-mudas-de-Lirio-da-Paz-1.webp\" alt=\"O jeito certo para fazer mudas de L\u00edrio da Paz\"><figcaption>Foto: Freepik<\/figcaption><\/figure>\n<\/div>\n<p>O <strong>L\u00edrio da Paz<\/strong> (<em>Spathiphyllum wallisii<\/em>) \u00e9 uma <a href=\"https:\/\/www.acordacidade.com.br\/tag\/plantas\/\">planta ornamental <\/a>muito apreciada por sua beleza e capacidade de purificar o ar. Com suas folhas verdes brilhantes e flores brancas delicadas, essa planta se adapta bem a ambientes internos e externos. Se voc\u00ea deseja multiplicar o perfume e a eleg\u00e2ncia do L\u00edrio da Paz em sua casa, aprender a <a href=\"https:\/\/www.acordacidade.com.br\/tag\/dicas-de-mudas\/\">fazer mudas<\/a> corretamente \u00e9 essencial. Neste artigo, descubra o <strong>jeito certo para fazer mudas de L\u00edrio da Paz<\/strong> e garantir que elas se desenvolvam saud\u00e1veis e vigorosas.<\/p>\n<h3 class=\"wp-block-heading\" id=\"h-1-escolha-da-planta-mae\">1. Escolha da planta-m\u00e3e<\/h3>\n<p>Para obter mudas saud\u00e1veis, \u00e9 fundamental escolher uma <strong>planta-m\u00e3e robusta e bem desenvolvida<\/strong>. O L\u00edrio da Paz cresce em <strong>touceiras<\/strong>, e suas mudas surgem naturalmente ao redor da planta principal. Verifique se a planta est\u00e1 livre de pragas e doen\u00e7as antes de iniciar o processo de multiplica\u00e7\u00e3o.<\/p>\n<h3 class=\"wp-block-heading\" id=\"h-2-metodo-ideal-para-fazer-mudas-de-lirio-da-paz\">2. M\u00e9todo ideal para fazer mudas de L\u00edrio da Paz<\/h3>\n<p>A propaga\u00e7\u00e3o do L\u00edrio da Paz ocorre por <strong>divis\u00e3o de touceiras<\/strong>, um processo simples e eficiente. Siga o passo a passo abaixo para obter novas mudas:<\/p>\n<ul class=\"wp-block-list\">\n<li><strong>Passo 1:<\/strong> Regue bem a planta um dia antes do transplante para facilitar a remo\u00e7\u00e3o da terra ao redor das ra\u00edzes.<\/li>\n<li><strong>Passo 2:<\/strong> Retire a planta do vaso com cuidado, segurando firmemente a base e puxando-a delicadamente. Se necess\u00e1rio, utilize uma esp\u00e1tula para soltar a terra.<\/li>\n<li><strong>Passo 3:<\/strong> Identifique as novas mudas que cresceram ao redor da planta-m\u00e3e. Elas devem ter <strong>ra\u00edzes pr\u00f3prias<\/strong> e pelo menos <strong>tr\u00eas folhas<\/strong> para um bom desenvolvimento.<\/li>\n<li><strong>Passo 4:<\/strong> Separe as mudas com as m\u00e3os ou use uma faca esterilizada para dividir as ra\u00edzes sem causar danos excessivos.<\/li>\n<li><strong>Passo 5:<\/strong> Plante cada muda em um vaso novo, preenchido com <strong>terra rica em mat\u00e9ria org\u00e2nica e boa drenagem<\/strong>.<\/li>\n<\/ul>\n<h3 class=\"wp-block-heading\" id=\"h-3-cuidados-essenciais-apos-o-transplante\">3. Cuidados essenciais ap\u00f3s o transplante<\/h3>\n<p>Ap\u00f3s a separa\u00e7\u00e3o das mudas, alguns cuidados s\u00e3o fundamentais para garantir que elas se adaptem bem ao novo ambiente:<\/p>\n<ul class=\"wp-block-list\">\n<li><strong>Rega adequada:<\/strong> O L\u00edrio da Paz gosta de umidade, mas sem encharcamento. Regue moderadamente <strong>duas a tr\u00eas vezes por semana<\/strong>.<\/li>\n<li><strong>Luz indireta:<\/strong> Essa planta se adapta melhor a <strong>ambientes com luz difusa<\/strong>. Evite exposi\u00e7\u00e3o direta ao sol forte, pois isso pode queimar as folhas.<\/li>\n<li><strong>Ambiente protegido:<\/strong> Nos primeiros dias ap\u00f3s o transplante, mantenha as mudas em um local protegido de ventos fortes e varia\u00e7\u00f5es bruscas de temperatura.<\/li>\n<\/ul>\n<figure class=\"wp-block-image size-full\"><img fetchpriority=\"high\" data-dominant-color=\"76776b\" data-has-transparency=\"false\" style=\"--dominant-color: #76776b;\" fetchpriority=\"high\" decoding=\"async\" width=\"417\" height=\"626\" src=\"http:\/\/noticiasbahia360.com.br\/wp-content\/uploads\/2025\/02\/8qalf8Jf-O-jeito-certo-para-fazer-mudas-de-Lirio-da-Paz-2.webp\" alt=\"O jeito certo para fazer mudas de L\u00edrio da Paz\" class=\"wp-image-504565 not-transparent\" srcset=\"https:\/\/uploads.acordacidade.com.br\/2025\/02\/8qalf8Jf-O-jeito-certo-para-fazer-mudas-de-Lirio-da-Paz-2-200x300.webp 200w, https:\/\/uploads.acordacidade.com.br\/2025\/02\/8qalf8Jf-O-jeito-certo-para-fazer-mudas-de-Lirio-da-Paz-2-150x225.webp 150w, http:\/\/noticiasbahia360.com.br\/wp-content\/uploads\/2025\/02\/8qalf8Jf-O-jeito-certo-para-fazer-mudas-de-Lirio-da-Paz-2.webp 417w\" sizes=\"(max-width: 417px) 100vw, 417px\"><figcaption class=\"wp-element-caption\">Foto: Freepik<\/figcaption><\/figure>\n<h3 class=\"wp-block-heading\" id=\"h-4-dicas-para-estimular-a-floracao\">4. Dicas para estimular a flora\u00e7\u00e3o<\/h3>\n<p>Se voc\u00ea deseja que suas novas mudas flores\u00e7am rapidamente, siga algumas recomenda\u00e7\u00f5es para incentivar o crescimento saud\u00e1vel:<\/p>\n<ul class=\"wp-block-list\">\n<li><strong>Aduba\u00e7\u00e3o equilibrada:<\/strong> Utilize um fertilizante rico em <strong>f\u00f3sforo e pot\u00e1ssio<\/strong> a cada 30 dias para estimular a flora\u00e7\u00e3o.<\/li>\n<li><strong>Ambiente com boa umidade:<\/strong> O L\u00edrio da Paz aprecia umidade moderada no ar. Borrifar \u00e1gua nas folhas pode ajudar, principalmente em dias quentes.<\/li>\n<li><strong>Remo\u00e7\u00e3o de folhas secas:<\/strong> Retire folhas amareladas ou secas para evitar que a planta desperdice energia.<\/li>\n<\/ul>\n<h3 class=\"wp-block-heading\" id=\"h-5-quando-replantar-novamente\">5. Quando replantar novamente?<\/h3>\n<p>Com o tempo, suas mudas de L\u00edrio da Paz crescer\u00e3o e formar\u00e3o novas touceiras. A cada <strong>dois ou tr\u00eas anos<\/strong>, repita o processo de divis\u00e3o para continuar multiplicando suas plantas e mantendo seu ambiente sempre perfumado e harmonioso.<\/p>\n<h3 class=\"wp-block-heading\" id=\"h-conclusao\">Conclus\u00e3o<\/h3>\n<p>Multiplicar o L\u00edrio da Paz por meio da divis\u00e3o de touceiras \u00e9 uma t\u00e9cnica simples e eficaz para expandir a presen\u00e7a dessa bela planta em seu lar. Com os cuidados certos, suas mudas crescer\u00e3o saud\u00e1veis, garantindo um ambiente mais verde, purificado e perfumado.<\/p>\n<\/div>\n","protected":false},"excerpt":{"rendered":"<div>\n<div>\n<figure><img decoding=\"async\" src=\"https:\/\/uploads.acordacidade.com.br\/2025\/02\/he9cjezz-O-jeito-certo-para-fazer-mudas-de-Lirio-da-Paz-1.webp\" alt=\"O jeito certo para fazer mudas de L\u00edrio da Paz\"><figcaption>Foto: Freepik<\/figcaption><\/figure>\n<\/div>\n<p>O L\u00edrio da Paz (Spathiphyllum wallisii) \u00e9 uma planta ornamental muito apreciada por sua beleza e capacidade de purificar o ar. Com suas folhas verdes brilhantes e flores brancas delicadas, essa planta se adapta bem a ambientes internos e externos. Se voc\u00ea deseja multiplicar o perfume e a eleg\u00e2ncia do L\u00edrio da Paz em sua [\u2026]<\/p><\/div>\n","protected":false},"author":1,"featured_media":75207,"comment_status":"closed","ping_status":"closed","sticky":false,"template":"","format":"gallery","meta":{"footnotes":""},"categories":[8,9,6,57,56,10],"tags":[],"class_list":["post-75206","post","type-post","status-publish","format-gallery","has-post-thumbnail","hentry","category-bahia","category-brasil","category-feira-de-santana","category-mundo","category-policia","category-politica","post_format-post-format-gallery"],"featured_image_urls":{"full":["https:\/\/noticiasbahia360.com.br\/wp-content\/uploads\/2025\/02\/he9cjezz-O-jeito-certo-para-fazer-mudas-de-Lirio-da-Paz-1.webp",740,493,false],"thumbnail":["https:\/\/noticiasbahia360.com.br\/wp-content\/uploads\/2025\/02\/he9cjezz-O-jeito-certo-para-fazer-mudas-de-Lirio-da-Paz-1-150x150.webp",150,150,true],"medium":["https:\/\/noticiasbahia360.com.br\/wp-content\/uploads\/2025\/02\/he9cjezz-O-jeito-certo-para-fazer-mudas-de-Lirio-da-Paz-1-300x200.webp",300,200,true],"medium_large":["https:\/\/noticiasbahia360.com.br\/wp-content\/uploads\/2025\/02\/he9cjezz-O-jeito-certo-para-fazer-mudas-de-Lirio-da-Paz-1.webp",640,426,false],"large":["https:\/\/noticiasbahia360.com.br\/wp-content\/uploads\/2025\/02\/he9cjezz-O-jeito-certo-para-fazer-mudas-de-Lirio-da-Paz-1.webp",640,426,false],"1536x1536":["https:\/\/noticiasbahia360.com.br\/wp-content\/uploads\/2025\/02\/he9cjezz-O-jeito-certo-para-fazer-mudas-de-Lirio-da-Paz-1.webp",740,493,false],"2048x2048":["https:\/\/noticiasbahia360.com.br\/wp-content\/uploads\/2025\/02\/he9cjezz-O-jeito-certo-para-fazer-mudas-de-Lirio-da-Paz-1.webp",740,493,false],"chromenews-featured":["https:\/\/noticiasbahia360.com.br\/wp-content\/uploads\/2025\/02\/he9cjezz-O-jeito-certo-para-fazer-mudas-de-Lirio-da-Paz-1.webp",740,493,false],"chromenews-large":["https:\/\/noticiasbahia360.com.br\/wp-content\/uploads\/2025\/02\/he9cjezz-O-jeito-certo-para-fazer-mudas-de-Lirio-da-Paz-1.webp",740,493,false],"chromenews-medium":["https:\/\/noticiasbahia360.com.br\/wp-content\/uploads\/2025\/02\/he9cjezz-O-jeito-certo-para-fazer-mudas-de-Lirio-da-Paz-1-590x410.webp",590,410,true]},"author_info":{"display_name":"noticiasbahia360.com.br","author_link":"https:\/\/noticiasbahia360.com.br\/?author=1"},"category_info":"<a href=\"https:\/\/noticiasbahia360.com.br\/?cat=8\" rel=\"category\">Bahia<\/a> <a href=\"https:\/\/noticiasbahia360.com.br\/?cat=9\" rel=\"category\">Brasil<\/a> <a href=\"https:\/\/noticiasbahia360.com.br\/?cat=6\" rel=\"category\">Feira de Santana<\/a> <a href=\"https:\/\/noticiasbahia360.com.br\/?cat=57\" rel=\"category\">Mundo<\/a> <a href=\"https:\/\/noticiasbahia360.com.br\/?cat=56\" rel=\"category\">Pol\u00edcia<\/a> <a href=\"https:\/\/noticiasbahia360.com.br\/?cat=10\" rel=\"category\">Pol\u00edtica<\/a>","tag_info":"Pol\u00edtica","comment_count":"0","_links":{"self":[{"href":"https:\/\/noticiasbahia360.com.br\/index.php?rest_route=\/wp\/v2\/posts\/75206","targetHints":{"allow":["GET"]}}],"collection":[{"href":"https:\/\/noticiasbahia360.com.br\/index.php?rest_route=\/wp\/v2\/posts"}],"about":[{"href":"https:\/\/noticiasbahia360.com.br\/index.php?rest_route=\/wp\/v2\/types\/post"}],"author":[{"embeddable":true,"href":"https:\/\/noticiasbahia360.com.br\/index.php?rest_route=\/wp\/v2\/users\/1"}],"replies":[{"embeddable":true,"href":"https:\/\/noticiasbahia360.com.br\/index.php?rest_route=%2Fwp%2Fv2%2Fcomments&post=75206"}],"version-history":[{"count":0,"href":"https:\/\/noticiasbahia360.com.br\/index.php?rest_route=\/wp\/v2\/posts\/75206\/revisions"}],"wp:featuredmedia":[{"embeddable":true,"href":"https:\/\/noticiasbahia360.com.br\/index.php?rest_route=\/wp\/v2\/media\/75207"}],"wp:attachment":[{"href":"https:\/\/noticiasbahia360.com.br\/index.php?rest_route=%2Fwp%2Fv2%2Fmedia&parent=75206"}],"wp:term":[{"taxonomy":"category","embeddable":true,"href":"https:\/\/noticiasbahia360.com.br\/index.php?rest_route=%2Fwp%2Fv2%2Fcategories&post=75206"},{"taxonomy":"post_tag","embeddable":true,"href":"https:\/\/noticiasbahia360.com.br\/index.php?rest_route=%2Fwp%2Fv2%2Ftags&post=75206"}],"curies":[{"name":"wp","href":"https:\/\/api.w.org\/{rel}","templated":true}]}}