{"id":75209,"date":"2025-02-18T09:18:07","date_gmt":"2025-02-18T12:18:07","guid":{"rendered":"https:\/\/noticiasbahia360.com.br\/?p=75209"},"modified":"2025-02-18T09:18:07","modified_gmt":"2025-02-18T12:18:07","slug":"apos-sequestro-na-zona-rural-primo-de-policial-militar-e-encontrado-morto-em-feira-de-santana","status":"publish","type":"post","link":"https:\/\/noticiasbahia360.com.br\/?p=75209","title":{"rendered":"Ap\u00f3s sequestro na zona rural, primo de policial militar \u00e9 encontrado morto em Feira de Santana"},"content":{"rendered":"<div>\n<div>\n<figure><img decoding=\"async\" src=\"http:\/\/noticiasbahia360.com.br\/wp-content\/uploads\/2025\/02\/iranilsonfiuzadossantosferreira_rg.jpeg\" alt=\"Iranilson Fiuza Santos Ferreira\"><figcaption>Foto: Reprodu\u00e7\u00e3o<\/figcaption><\/figure>\n<\/div>\n<p>O corpo de Iranilson Fiuza dos Santos Ferreira, 32 anos de idade, foi encontrado por volta das 5h30 da manh\u00e3 desta ter\u00e7a-feira (18), na Estrada do Carro Quebrado, localizada na Fazenda Genipapo, distrito de Maria Quit\u00e9ria, em Feira de Santana.<\/p>\n<p>De acordo com a Pol\u00edcia Militar, o corpo da v\u00edtima estava pr\u00f3ximo do retorno de Tiquaru\u00e7u, na BR-116 Norte, dentro do ve\u00edculo, modelo Pegout 308, com ferimentos na regi\u00e3o da cabe\u00e7a, provenientes de disparos de arma de fogo.<\/p>\n<p>Conforme o Acorda Cidade j\u00e1 tinha divulgado, <a href=\"https:\/\/www.acordacidade.com.br\/policia\/primo-de-policial-militar-e-sequestrado-em-feira-de-santana\/\">Iranilson era primo de um policial militar e foi sequestrado por volta das 23h11 de segunda-feira (17), no distrito de Maria Quit\u00e9ria<\/a>. O crime ocorreu nas proximidades da Ch\u00e1cara Shalom, Ch\u00e1cara Vegas e de um bar.<\/p>\n<p>De acordo com informa\u00e7\u00f5es repassadas ao Acorda Cidade, o policial foi avisado por vizinhos que seu primo foi retirado \u00e0 for\u00e7a de dentro de casa por tr\u00eas homens.<\/p>\n<p>Segundo a PM, os criminosos tamb\u00e9m roubaram um cofre da v\u00edtima.<\/p>\n<p>Na manh\u00e3 desta ter\u00e7a, a Central Integrada de Comunica\u00e7\u00e3o (Cicom) acionou a guarni\u00e7\u00e3o da 67\u00aa CIPM, informando sobre um corpo encontrado na regi\u00e3o. Os policiais ao chegarem no local, confirmaram a presen\u00e7a do corpo da v\u00edtima.<\/p>\n<p>A Pol\u00edcia Civil ir\u00e1 confirmar se o crime ser\u00e1 tipificado como latroc\u00ednio, j\u00e1 que o cofre da v\u00edtima foi levado.<\/p>\n<p><em>Com informa\u00e7\u00f5es do rep\u00f3rter Ed Santos do Acorda Cidade<\/em><\/p>\n<p><strong>Leia tamb\u00e9m:<\/strong> <a href=\"https:\/\/www.acordacidade.com.br\/policia\/primo-de-policial-militar-e-sequestrado-em-feira-de-santana\/\">Primo de policial militar \u00e9 sequestrado em Feira de Santana<\/a><\/p>\n<p><em>Siga o Acorda Cidade no<\/em><a href=\"https:\/\/news.google.com\/search?q=acorda%20cidade&amp;hl=pt-BR&amp;gl=BR&amp;ceid=BR%3Apt-419\"><strong><em> Google Not\u00edcias<\/em><\/strong><\/a><em> e receba os principais destaques do dia. Participe tamb\u00e9m dos nossos canais no <\/em><a href=\"https:\/\/whatsapp.com\/channel\/0029Va6Rb4v3WHTNnsh8WI3N\"><strong><em>WhatsApp<\/em><\/strong><\/a><em> e <\/em><a href=\"https:\/\/www.youtube.com\/@acordacidadenoticias\/videos\"><strong>Youtube<\/strong><\/a><em> e grupo de <\/em><a href=\"https:\/\/t.me\/+sSz0khrgARA0ZmRh\"><strong><em>Telegram<\/em><\/strong><\/a><em>.<\/em><\/p>\n<\/div>\n","protected":false},"excerpt":{"rendered":"<div>\n<div>\n<figure><img decoding=\"async\" src=\"https:\/\/uploads.acordacidade.com.br\/2025\/02\/iranilsonfiuzadossantosferreira_rg.jpeg\" alt=\"Iranilson Fiuza Santos Ferreira\"><figcaption>Foto: Reprodu\u00e7\u00e3o<\/figcaption><\/figure>\n<\/div>\n<p>A v\u00edtima foi encontrada dentro do pr\u00f3prio ve\u00edculo com ferimentos de arma de fogo.<\/p><\/div>\n","protected":false},"author":1,"featured_media":75210,"comment_status":"closed","ping_status":"closed","sticky":false,"template":"","format":"gallery","meta":{"footnotes":""},"categories":[8,9,6,57,56,10],"tags":[],"class_list":["post-75209","post","type-post","status-publish","format-gallery","has-post-thumbnail","hentry","category-bahia","category-brasil","category-feira-de-santana","category-mundo","category-policia","category-politica","post_format-post-format-gallery"],"featured_image_urls":{"full":["https:\/\/noticiasbahia360.com.br\/wp-content\/uploads\/2025\/02\/iranilsonfiuzadossantosferreira_rg.jpeg",1920,1493,false],"thumbnail":["https:\/\/noticiasbahia360.com.br\/wp-content\/uploads\/2025\/02\/iranilsonfiuzadossantosferreira_rg-150x150.jpeg",150,150,true],"medium":["https:\/\/noticiasbahia360.com.br\/wp-content\/uploads\/2025\/02\/iranilsonfiuzadossantosferreira_rg-300x233.jpeg",300,233,true],"medium_large":["https:\/\/noticiasbahia360.com.br\/wp-content\/uploads\/2025\/02\/iranilsonfiuzadossantosferreira_rg-768x597.jpeg",640,498,true],"large":["https:\/\/noticiasbahia360.com.br\/wp-content\/uploads\/2025\/02\/iranilsonfiuzadossantosferreira_rg-1024x796.jpeg",640,498,true],"1536x1536":["https:\/\/noticiasbahia360.com.br\/wp-content\/uploads\/2025\/02\/iranilsonfiuzadossantosferreira_rg-1536x1194.jpeg",1536,1194,true],"2048x2048":["https:\/\/noticiasbahia360.com.br\/wp-content\/uploads\/2025\/02\/iranilsonfiuzadossantosferreira_rg.jpeg",1920,1493,false],"chromenews-featured":["https:\/\/noticiasbahia360.com.br\/wp-content\/uploads\/2025\/02\/iranilsonfiuzadossantosferreira_rg-1024x796.jpeg",1024,796,true],"chromenews-large":["https:\/\/noticiasbahia360.com.br\/wp-content\/uploads\/2025\/02\/iranilsonfiuzadossantosferreira_rg-825x575.jpeg",825,575,true],"chromenews-medium":["https:\/\/noticiasbahia360.com.br\/wp-content\/uploads\/2025\/02\/iranilsonfiuzadossantosferreira_rg-590x410.jpeg",590,410,true]},"author_info":{"display_name":"noticiasbahia360.com.br","author_link":"https:\/\/noticiasbahia360.com.br\/?author=1"},"category_info":"<a href=\"https:\/\/noticiasbahia360.com.br\/?cat=8\" rel=\"category\">Bahia<\/a> <a href=\"https:\/\/noticiasbahia360.com.br\/?cat=9\" rel=\"category\">Brasil<\/a> <a href=\"https:\/\/noticiasbahia360.com.br\/?cat=6\" rel=\"category\">Feira de Santana<\/a> <a href=\"https:\/\/noticiasbahia360.com.br\/?cat=57\" rel=\"category\">Mundo<\/a> <a href=\"https:\/\/noticiasbahia360.com.br\/?cat=56\" rel=\"category\">Pol\u00edcia<\/a> <a href=\"https:\/\/noticiasbahia360.com.br\/?cat=10\" rel=\"category\">Pol\u00edtica<\/a>","tag_info":"Pol\u00edtica","comment_count":"0","_links":{"self":[{"href":"https:\/\/noticiasbahia360.com.br\/index.php?rest_route=\/wp\/v2\/posts\/75209","targetHints":{"allow":["GET"]}}],"collection":[{"href":"https:\/\/noticiasbahia360.com.br\/index.php?rest_route=\/wp\/v2\/posts"}],"about":[{"href":"https:\/\/noticiasbahia360.com.br\/index.php?rest_route=\/wp\/v2\/types\/post"}],"author":[{"embeddable":true,"href":"https:\/\/noticiasbahia360.com.br\/index.php?rest_route=\/wp\/v2\/users\/1"}],"replies":[{"embeddable":true,"href":"https:\/\/noticiasbahia360.com.br\/index.php?rest_route=%2Fwp%2Fv2%2Fcomments&post=75209"}],"version-history":[{"count":0,"href":"https:\/\/noticiasbahia360.com.br\/index.php?rest_route=\/wp\/v2\/posts\/75209\/revisions"}],"wp:featuredmedia":[{"embeddable":true,"href":"https:\/\/noticiasbahia360.com.br\/index.php?rest_route=\/wp\/v2\/media\/75210"}],"wp:attachment":[{"href":"https:\/\/noticiasbahia360.com.br\/index.php?rest_route=%2Fwp%2Fv2%2Fmedia&parent=75209"}],"wp:term":[{"taxonomy":"category","embeddable":true,"href":"https:\/\/noticiasbahia360.com.br\/index.php?rest_route=%2Fwp%2Fv2%2Fcategories&post=75209"},{"taxonomy":"post_tag","embeddable":true,"href":"https:\/\/noticiasbahia360.com.br\/index.php?rest_route=%2Fwp%2Fv2%2Ftags&post=75209"}],"curies":[{"name":"wp","href":"https:\/\/api.w.org\/{rel}","templated":true}]}}