{"id":76990,"date":"2025-03-04T12:42:48","date_gmt":"2025-03-04T15:42:48","guid":{"rendered":"https:\/\/noticiasbahia360.com.br\/?p=76990"},"modified":"2025-03-04T12:42:48","modified_gmt":"2025-03-04T15:42:48","slug":"pm-impede-entrada-de-mais-de-4-mil-objetos-proibidos-nos-circuitos-do-carnaval-de-salvador","status":"publish","type":"post","link":"https:\/\/noticiasbahia360.com.br\/?p=76990","title":{"rendered":"PM impede entrada de mais de 4 mil objetos proibidos nos circuitos do Carnaval de Salvador"},"content":{"rendered":"<div>\n<div>\n<figure><img decoding=\"async\" src=\"http:\/\/noticiasbahia360.com.br\/wp-content\/uploads\/2025\/03\/policia-objetos-retidos-no-carnaval.jpg\" alt=\"pol\u00edcia - objetos retidos no carnaval\"><figcaption>Foto: Divulga\u00e7\u00e3o\/PM<\/figcaption><\/figure>\n<\/div>\n<p>Somente no 5\u00ba dia de carnaval, a Pol\u00edcia Militar da Bahia reteve 787 objetos proibidos retidos nos 47 Portais de Abordagem espalhados nos circuitos oficiais da capital baiana. No acumulado dos cinco dias de festa, j\u00e1 s\u00e3o 4.054 objetos considerados de risco impedidos de entrar no per\u00edmetro da folia. Os n\u00fameros foram apresentados na reuni\u00e3o de balan\u00e7o, na manh\u00e3 desta ter\u00e7a-feira (4), no Quartel do Comando Geral.<\/p>\n<p>Estiveram presentes o vice-governador, coordenador do carnaval, Geraldo J\u00fanior, o secret\u00e1rio da Seguran\u00e7a P\u00fablica (SSP), Marcelo Werner, o comandante-geral da PMBA, coronel Coutinho e outras autoridades e representantes de \u00f3rg\u00e3os.<\/p>\n<p>Al\u00e9m de muitos garfos, facas, tesouras e estiletes, h\u00e1 tamb\u00e9m uma quantidade grande de pistolas de \u00e1gua e r\u00e9plicas de algemas. <\/p>\n<p>\u201cFizemos a reten\u00e7\u00e3o de um cutelo de a\u00e7ougue, que corta ossos de animais. Percebemos tamb\u00e9m que algumas fantasias adotadas pelos foli\u00f5es possuem objetos como algemas, que, mesmo pl\u00e1sticas, podem ser usadas como soqueiras e machucar foli\u00f5es. \u00c9 importante que, na escolha da fantasia, sejam evitados adere\u00e7os que possam gerar risco f\u00edsico para outros foli\u00f5es. Salientando tamb\u00e9m que as serpentinas met\u00e1licas est\u00e3o proibidas pois podem gerar choques el\u00e9tricos e tamb\u00e9m as pistolas d\u2019\u00e1gua, que apesar de n\u00e3o terem risco, geram constrangimento e brigas entre as pessoas\u201d, explica o coordenador dos Portais de Abordagem, tenente coronel Adriano Chastinet.<\/p>\n<p>Considerado o 5\u00ba dia de carnaval, at\u00e9 a madrugada desta ter\u00e7a-feira (4) foram registradas, tamb\u00e9m nos portais, 21 ocorr\u00eancias com drogas. No acumulado dos cinco dias, s\u00e3o 115 ocorr\u00eancias.<\/p>\n<p><em>Siga o Acorda Cidade no<\/em><a href=\"https:\/\/news.google.com\/search?q=acorda%20cidade&amp;hl=pt-BR&amp;gl=BR&amp;ceid=BR%3Apt-419\"><strong><em>\u00a0Google Not\u00edcias<\/em><\/strong><\/a><em>\u00a0e receba os principais destaques do dia. Participe tamb\u00e9m dos nossos canais no\u00a0<\/em><a href=\"https:\/\/whatsapp.com\/channel\/0029Va6Rb4v3WHTNnsh8WI3N\"><strong><em>WhatsApp<\/em><\/strong><\/a><em>\u00a0e\u00a0<\/em><a href=\"https:\/\/www.youtube.com\/@acordacidadenoticias\/videos\"><strong>YouTube<\/strong><\/a><em>\u00a0e do grupo no\u00a0<\/em><a href=\"https:\/\/t.me\/+sSz0khrgARA0ZmRh\"><strong><em>Telegram<\/em><\/strong><\/a><em>.<\/em><\/p>\n<\/div>\n","protected":false},"excerpt":{"rendered":"<div>\n<div>\n<figure><img decoding=\"async\" src=\"https:\/\/uploads.acordacidade.com.br\/2025\/03\/policia-objetos-retidos-no-carnaval.jpg\" alt=\"pol\u00edcia - objetos retidos no carnaval\"><figcaption>Foto: Divulga\u00e7\u00e3o\/PM<\/figcaption><\/figure>\n<\/div>\n<p>Os n\u00fameros foram apresentados na reuni\u00e3o de balan\u00e7o, na manh\u00e3 desta ter\u00e7a-feira (4), no Quartel do Comando Geral.<\/p><\/div>\n","protected":false},"author":1,"featured_media":76991,"comment_status":"closed","ping_status":"closed","sticky":false,"template":"","format":"gallery","meta":{"footnotes":""},"categories":[8,9,6,57,56,10],"tags":[],"class_list":["post-76990","post","type-post","status-publish","format-gallery","has-post-thumbnail","hentry","category-bahia","category-brasil","category-feira-de-santana","category-mundo","category-policia","category-politica","post_format-post-format-gallery"],"featured_image_urls":{"full":["https:\/\/noticiasbahia360.com.br\/wp-content\/uploads\/2025\/03\/policia-objetos-retidos-no-carnaval.jpg",1920,1440,false],"thumbnail":["https:\/\/noticiasbahia360.com.br\/wp-content\/uploads\/2025\/03\/policia-objetos-retidos-no-carnaval-150x150.jpg",150,150,true],"medium":["https:\/\/noticiasbahia360.com.br\/wp-content\/uploads\/2025\/03\/policia-objetos-retidos-no-carnaval-300x225.jpg",300,225,true],"medium_large":["https:\/\/noticiasbahia360.com.br\/wp-content\/uploads\/2025\/03\/policia-objetos-retidos-no-carnaval-768x576.jpg",640,480,true],"large":["https:\/\/noticiasbahia360.com.br\/wp-content\/uploads\/2025\/03\/policia-objetos-retidos-no-carnaval-1024x768.jpg",640,480,true],"1536x1536":["https:\/\/noticiasbahia360.com.br\/wp-content\/uploads\/2025\/03\/policia-objetos-retidos-no-carnaval-1536x1152.jpg",1536,1152,true],"2048x2048":["https:\/\/noticiasbahia360.com.br\/wp-content\/uploads\/2025\/03\/policia-objetos-retidos-no-carnaval.jpg",1920,1440,false],"chromenews-featured":["https:\/\/noticiasbahia360.com.br\/wp-content\/uploads\/2025\/03\/policia-objetos-retidos-no-carnaval-1024x768.jpg",1024,768,true],"chromenews-large":["https:\/\/noticiasbahia360.com.br\/wp-content\/uploads\/2025\/03\/policia-objetos-retidos-no-carnaval-825x575.jpg",825,575,true],"chromenews-medium":["https:\/\/noticiasbahia360.com.br\/wp-content\/uploads\/2025\/03\/policia-objetos-retidos-no-carnaval-590x410.jpg",590,410,true]},"author_info":{"display_name":"noticiasbahia360.com.br","author_link":"https:\/\/noticiasbahia360.com.br\/?author=1"},"category_info":"<a href=\"https:\/\/noticiasbahia360.com.br\/?cat=8\" rel=\"category\">Bahia<\/a> <a href=\"https:\/\/noticiasbahia360.com.br\/?cat=9\" rel=\"category\">Brasil<\/a> <a href=\"https:\/\/noticiasbahia360.com.br\/?cat=6\" rel=\"category\">Feira de Santana<\/a> <a href=\"https:\/\/noticiasbahia360.com.br\/?cat=57\" rel=\"category\">Mundo<\/a> <a href=\"https:\/\/noticiasbahia360.com.br\/?cat=56\" rel=\"category\">Pol\u00edcia<\/a> <a href=\"https:\/\/noticiasbahia360.com.br\/?cat=10\" rel=\"category\">Pol\u00edtica<\/a>","tag_info":"Pol\u00edtica","comment_count":"0","_links":{"self":[{"href":"https:\/\/noticiasbahia360.com.br\/index.php?rest_route=\/wp\/v2\/posts\/76990","targetHints":{"allow":["GET"]}}],"collection":[{"href":"https:\/\/noticiasbahia360.com.br\/index.php?rest_route=\/wp\/v2\/posts"}],"about":[{"href":"https:\/\/noticiasbahia360.com.br\/index.php?rest_route=\/wp\/v2\/types\/post"}],"author":[{"embeddable":true,"href":"https:\/\/noticiasbahia360.com.br\/index.php?rest_route=\/wp\/v2\/users\/1"}],"replies":[{"embeddable":true,"href":"https:\/\/noticiasbahia360.com.br\/index.php?rest_route=%2Fwp%2Fv2%2Fcomments&post=76990"}],"version-history":[{"count":0,"href":"https:\/\/noticiasbahia360.com.br\/index.php?rest_route=\/wp\/v2\/posts\/76990\/revisions"}],"wp:featuredmedia":[{"embeddable":true,"href":"https:\/\/noticiasbahia360.com.br\/index.php?rest_route=\/wp\/v2\/media\/76991"}],"wp:attachment":[{"href":"https:\/\/noticiasbahia360.com.br\/index.php?rest_route=%2Fwp%2Fv2%2Fmedia&parent=76990"}],"wp:term":[{"taxonomy":"category","embeddable":true,"href":"https:\/\/noticiasbahia360.com.br\/index.php?rest_route=%2Fwp%2Fv2%2Fcategories&post=76990"},{"taxonomy":"post_tag","embeddable":true,"href":"https:\/\/noticiasbahia360.com.br\/index.php?rest_route=%2Fwp%2Fv2%2Ftags&post=76990"}],"curies":[{"name":"wp","href":"https:\/\/api.w.org\/{rel}","templated":true}]}} 