{"id":77007,"date":"2025-03-04T15:30:20","date_gmt":"2025-03-04T18:30:20","guid":{"rendered":"https:\/\/noticiasbahia360.com.br\/?p=77007"},"modified":"2025-03-04T15:30:20","modified_gmt":"2025-03-04T18:30:20","slug":"saiba-os-servicos-que-irao-funcionar-na-quarta-feira-de-cinzas","status":"publish","type":"post","link":"https:\/\/noticiasbahia360.com.br\/?p=77007","title":{"rendered":"Saiba os servi\u00e7os que ir\u00e3o funcionar na Quarta-Feira de Cinzas"},"content":{"rendered":"<div>\n<div>\n<figure><img decoding=\"async\" src=\"http:\/\/noticiasbahia360.com.br\/wp-content\/uploads\/2025\/03\/do46Cghb-supermercado.jpg\" alt=\"supermercado\"><figcaption>Foto: Ascom\/CAR<\/figcaption><\/figure>\n<\/div>\n<p>Ag\u00eancia Brasil \u2013 A ter\u00e7a-feira de carnaval, tamb\u00e9m chamada Ter\u00e7a-feira Gorda, \u00e9 o \u00faltimo dia da folia de Momo, especialmente para a popula\u00e7\u00e3o crist\u00e3 cat\u00f3lica, que tem na Quarta-Feira de Cinzas a data que marca o in\u00edcio da Quaresma, os 40 dias que antecedem a Semana Santa.\u00a0<img decoding=\"async\" src=\"https:\/\/agenciabrasil.ebc.com.br\/ebc.png?id=1633116&amp;o=node\"><img decoding=\"async\" src=\"https:\/\/agenciabrasil.ebc.com.br\/ebc.gif?id=1633116&amp;o=node\"><\/p>\n<p><strong>Embora seja uma data marcada por ritos religiosos, a quarta-feira (5) n\u00e3o \u00e9 feriado no Brasil.<\/strong>\u00a0<a href=\"https:\/\/www.in.gov.br\/en\/web\/dou\/-\/portaria-mgi-n-9.783-de-27-de-dezembro-de-2024-604395869\">Para o servi\u00e7o p\u00fablico<\/a>, o ponto facultativo vai at\u00e9 \u00e0s 14h, afetando o funcionamento de alguns servi\u00e7os.<\/p>\n<p><strong>Hospitais, Unidades de Pronto Atendimento (UPAs), transporte, seguran\u00e7a p\u00fablica e outros servi\u00e7os essenciais funcionam nesta quarta-feira normalmente durante todo o dia<\/strong>. J\u00e1 Unidades B\u00e1sicas de Sa\u00fade, unidades do Componente Especializado da Assist\u00eancia Farmac\u00eautica (Ceaf), Centros de Aten\u00e7\u00e3o Psicossocial (CAPS) e Hemocentros funcionaram conforme orienta\u00e7\u00e3o de estados e Distrito Federal, podendo ter funcionamento integral ou apenas em meio per\u00edodo.<\/p>\n<h2 class=\"wp-block-heading\" id=\"h-bancos\">Bancos<\/h2>\n<p><strong>Os bancos de todo o pa\u00eds funcionar\u00e3o a partir do meio-dia (hor\u00e1rio local),\u00a0<\/strong>conforme divulgou a Federa\u00e7\u00e3o Brasileira de Bancos (Febraban). Apenas nas localidades onde o fechamento ocorra antes das 15h, a abertura das ag\u00eancias ser\u00e1 antecipada para garantir o funcionamento m\u00ednimo de tr\u00eas horas de atendimento ao p\u00fablico.<\/p>\n<p>Contas de consumo como \u00e1gua, energia e telefone com vencimento na ter\u00e7a-feira (4), poder\u00e3o ser pagas sem acr\u00e9scimo de multa nesta quarta-feira.<\/p>\n<h2 class=\"wp-block-heading\" id=\"h-correios\">Correios<\/h2>\n<p><strong>Os Correios ter\u00e3o expediente retomado ao meio-dia e as ag\u00eancias ter\u00e3o in\u00edcio do hor\u00e1rio de expediente conforme a localidade.<\/strong>\u00a0Para quem precisa postar ou receber encomendas e correspond\u00eancias \u00e9 necess\u00e1rio\u00a0<a href=\"https:\/\/mais.correios.com.br\/app\/index.php\">consultar o site da empresa<\/a>\u00a0para saber o hor\u00e1rio exato de abertura da unidade mais pr\u00f3xima.<\/p>\n<h2 class=\"wp-block-heading\" id=\"h-inss\">INSS<\/h2>\n<p><strong>A rede de atendimento do Instituto Nacional do Seguro Social (INSS) s\u00f3 retomar\u00e1 o atendimento presencial a partir das 14h<\/strong>\u00a0desta quarta-feira para usu\u00e1rios agendados pelo site ou aplicativo Meu INSS. Os demais atendimentos ser\u00e3o normalizados apenas na quinta-feira (6).<\/p>\n<p>De acordo com a institui\u00e7\u00e3o,\u00a0n\u00e3o houve mudan\u00e7a no calend\u00e1rio\u00a0de pagamento de benef\u00edcios em raz\u00e3o do carnaval.<\/p>\n<figure class=\"wp-block-image size-full\"><img fetchpriority=\"high\" data-dominant-color=\"79838a\" data-has-transparency=\"false\" style=\"--dominant-color: #79838a;\" fetchpriority=\"high\" decoding=\"async\" width=\"640\" height=\"360\" src=\"https:\/\/www.acordacidade.com.br\/wp-content\/uploads\/2024\/07\/Instituto-Nacional-do-Seguro-Social-Feira-de-Santana-ft-Ed-santos-acorda-cidade1-jpg.avif\" alt=\"Instituto Nacional do Seguro Social - Feira de Santana\" class=\"wp-image-417573 not-transparent\"><figcaption class=\"wp-element-caption\">Foto: Ed Santos\/Acorda Cidade <\/figcaption><\/figure>\n<h2 class=\"wp-block-heading\" id=\"h-comercio\">Com\u00e9rcio<\/h2>\n<p><strong>Nesta quarta-feira, a previs\u00e3o \u00e9 que com\u00e9rcios de rua e shoppings em todo o pa\u00eds abram a partir do meio-dia,\u00a0<\/strong>mas as federa\u00e7\u00f5es nos estados e Distrito Federal permitem o funcionamento integral dos estabelecimentos com Certificado de Abertura. J\u00e1 bares e restaurantes poder\u00e3o funcionar normalmente.<\/p>\n<p>De acordo com a Confedera\u00e7\u00e3o Nacional do Com\u00e9rcio de Bens, Servi\u00e7os e Turismo (CNC), a proje\u00e7\u00e3o para este ano \u00e9 que todo o per\u00edodo de carnaval\u00a0movimente no pa\u00eds R$ 12,03 bilh\u00f5es\u00a0em receitas, o que representa um aumento de 2,1% em rela\u00e7\u00e3o a 2024.<\/p>\n<p><em>Siga o Acorda Cidade no<\/em><a href=\"https:\/\/news.google.com\/search?q=acorda%20cidade&amp;hl=pt-BR&amp;gl=BR&amp;ceid=BR%3Apt-419\"><strong><em> Google Not\u00edcias<\/em><\/strong><\/a><em> e receba os principais destaques do dia. Participe tamb\u00e9m dos nossos canais no <\/em><a href=\"https:\/\/whatsapp.com\/channel\/0029Va6Rb4v3WHTNnsh8WI3N\"><strong><em>WhatsApp<\/em><\/strong><\/a><em> e <\/em><a href=\"https:\/\/www.youtube.com\/@acordacidadenoticias\/videos\"><strong>Youtube<\/strong><\/a><em> e grupo de <\/em><a href=\"https:\/\/t.me\/+sSz0khrgARA0ZmRh\"><strong><em>Telegram<\/em><\/strong><\/a><em>.<\/em><\/p>\n<\/div>\n","protected":false},"excerpt":{"rendered":"<div>\n<div>\n<figure><img decoding=\"async\" src=\"https:\/\/uploads.acordacidade.com.br\/2024\/09\/do46Cghb-supermercado.jpg\" alt=\"supermercado\"><figcaption>Foto: Ascom\/CAR<\/figcaption><\/figure>\n<\/div>\n<p>Data n\u00e3o \u00e9 feriado no Brasil, mas ponto facultativo vai at\u00e9 \u00e0s 14h.<\/p><\/div>\n","protected":false},"author":1,"featured_media":77008,"comment_status":"closed","ping_status":"closed","sticky":false,"template":"","format":"gallery","meta":{"footnotes":""},"categories":[8,9,6,57,56,10],"tags":[],"class_list":["post-77007","post","type-post","status-publish","format-gallery","has-post-thumbnail","hentry","category-bahia","category-brasil","category-feira-de-santana","category-mundo","category-policia","category-politica","post_format-post-format-gallery"],"featured_image_urls":{"full":["https:\/\/noticiasbahia360.com.br\/wp-content\/uploads\/2025\/03\/do46Cghb-supermercado.jpg",640,480,false],"thumbnail":["https:\/\/noticiasbahia360.com.br\/wp-content\/uploads\/2025\/03\/do46Cghb-supermercado-150x150.jpg",150,150,true],"medium":["https:\/\/noticiasbahia360.com.br\/wp-content\/uploads\/2025\/03\/do46Cghb-supermercado-300x225.jpg",300,225,true],"medium_large":["https:\/\/noticiasbahia360.com.br\/wp-content\/uploads\/2025\/03\/do46Cghb-supermercado.jpg",640,480,false],"large":["https:\/\/noticiasbahia360.com.br\/wp-content\/uploads\/2025\/03\/do46Cghb-supermercado.jpg",640,480,false],"1536x1536":["https:\/\/noticiasbahia360.com.br\/wp-content\/uploads\/2025\/03\/do46Cghb-supermercado.jpg",640,480,false],"2048x2048":["https:\/\/noticiasbahia360.com.br\/wp-content\/uploads\/2025\/03\/do46Cghb-supermercado.jpg",640,480,false],"chromenews-featured":["https:\/\/noticiasbahia360.com.br\/wp-content\/uploads\/2025\/03\/do46Cghb-supermercado.jpg",640,480,false],"chromenews-large":["https:\/\/noticiasbahia360.com.br\/wp-content\/uploads\/2025\/03\/do46Cghb-supermercado.jpg",640,480,false],"chromenews-medium":["https:\/\/noticiasbahia360.com.br\/wp-content\/uploads\/2025\/03\/do46Cghb-supermercado-590x410.jpg",590,410,true]},"author_info":{"display_name":"noticiasbahia360.com.br","author_link":"https:\/\/noticiasbahia360.com.br\/?author=1"},"category_info":"<a href=\"https:\/\/noticiasbahia360.com.br\/?cat=8\" rel=\"category\">Bahia<\/a> <a href=\"https:\/\/noticiasbahia360.com.br\/?cat=9\" rel=\"category\">Brasil<\/a> <a href=\"https:\/\/noticiasbahia360.com.br\/?cat=6\" rel=\"category\">Feira de Santana<\/a> <a href=\"https:\/\/noticiasbahia360.com.br\/?cat=57\" rel=\"category\">Mundo<\/a> <a href=\"https:\/\/noticiasbahia360.com.br\/?cat=56\" rel=\"category\">Pol\u00edcia<\/a> <a href=\"https:\/\/noticiasbahia360.com.br\/?cat=10\" rel=\"category\">Pol\u00edtica<\/a>","tag_info":"Pol\u00edtica","comment_count":"0","_links":{"self":[{"href":"https:\/\/noticiasbahia360.com.br\/index.php?rest_route=\/wp\/v2\/posts\/77007","targetHints":{"allow":["GET"]}}],"collection":[{"href":"https:\/\/noticiasbahia360.com.br\/index.php?rest_route=\/wp\/v2\/posts"}],"about":[{"href":"https:\/\/noticiasbahia360.com.br\/index.php?rest_route=\/wp\/v2\/types\/post"}],"author":[{"embeddable":true,"href":"https:\/\/noticiasbahia360.com.br\/index.php?rest_route=\/wp\/v2\/users\/1"}],"replies":[{"embeddable":true,"href":"https:\/\/noticiasbahia360.com.br\/index.php?rest_route=%2Fwp%2Fv2%2Fcomments&post=77007"}],"version-history":[{"count":0,"href":"https:\/\/noticiasbahia360.com.br\/index.php?rest_route=\/wp\/v2\/posts\/77007\/revisions"}],"wp:featuredmedia":[{"embeddable":true,"href":"https:\/\/noticiasbahia360.com.br\/index.php?rest_route=\/wp\/v2\/media\/77008"}],"wp:attachment":[{"href":"https:\/\/noticiasbahia360.com.br\/index.php?rest_route=%2Fwp%2Fv2%2Fmedia&parent=77007"}],"wp:term":[{"taxonomy":"category","embeddable":true,"href":"https:\/\/noticiasbahia360.com.br\/index.php?rest_route=%2Fwp%2Fv2%2Fcategories&post=77007"},{"taxonomy":"post_tag","embeddable":true,"href":"https:\/\/noticiasbahia360.com.br\/index.php?rest_route=%2Fwp%2Fv2%2Ftags&post=77007"}],"curies":[{"name":"wp","href":"https:\/\/api.w.org\/{rel}","templated":true}]}}