{"id":77261,"date":"2025-03-06T11:31:41","date_gmt":"2025-03-06T14:31:41","guid":{"rendered":"https:\/\/noticiasbahia360.com.br\/?p=77261"},"modified":"2025-03-06T11:31:41","modified_gmt":"2025-03-06T14:31:41","slug":"operacao-carnaval-prf-na-bahia-registra-aumento-em-mais-de-38-de-notificacao-por-embriaguez-ao-volante","status":"publish","type":"post","link":"https:\/\/noticiasbahia360.com.br\/?p=77261","title":{"rendered":"Opera\u00e7\u00e3o Carnaval: PRF na Bahia registra aumento em mais de 38% de notifica\u00e7\u00e3o por embriaguez ao volante"},"content":{"rendered":"<div>\n<div>\n<figure><img decoding=\"async\" src=\"http:\/\/noticiasbahia360.com.br\/wp-content\/uploads\/2025\/03\/prf.jpg\" alt=\"prf\"><figcaption>Foto: Divulga\u00e7\u00e3o<\/figcaption><\/figure>\n<\/div>\n<p>A Pol\u00edcia Rodovi\u00e1ria Federal (PRF) na Bahia divulgou, nesta quarta-feira (6), o balan\u00e7o da Opera\u00e7\u00e3o Carnaval 2025, que teve in\u00edcio \u00e0 0h do dia 24 de fevereiro e seguiu at\u00e9 as 23h59 do dia 5 de mar\u00e7o. Durante esse per\u00edodo, as equipes refor\u00e7aram a fiscaliza\u00e7\u00e3o e intensificaram as a\u00e7\u00f5es para coibir comportamentos de risco, garantindo mais seguran\u00e7a nas rodovias federais que cortam o estado.<\/p>\n<p>Para fins comparativos, foram analisados os per\u00edodos de sexta-feira a quarta-feira de cinzas de cada ano, considerando o intervalo de 28 de fevereiro a 5 de mar\u00e7o de 2025 em rela\u00e7\u00e3o ao per\u00edodo de 9 a 14 de fevereiro de 2024.<\/p>\n<h2 class=\"wp-block-heading\" id=\"h-aumento-da-fiscalizacao-e-reforco-nas-operacoes\">Aumento da fiscaliza\u00e7\u00e3o e refor\u00e7o nas opera\u00e7\u00f5es<\/h2>\n<p>A PRF intensificou as a\u00e7\u00f5es fiscalizat\u00f3rias ao longo do feriado, com foco especial em comportamentos de risco, como o excesso de velocidade, as ultrapassagens proibidas e a embriaguez ao volante. As equipes abordaram 9.354 ve\u00edculos, um aumento de 67,63% em compara\u00e7\u00e3o ao Carnaval de 2024, quando foram fiscalizados 5.580 ve\u00edculos. O n\u00famero de pessoas fiscalizadas tamb\u00e9m aumentou significativamente, alcan\u00e7ando 5.060 pessoas, um crescimento de 68,34% em rela\u00e7\u00e3o ao ano anterior.<\/p>\n<p>No combate \u00e0 embriaguez ao volante, foram realizados 7.660 testes de alcoolemia, um aumento expressivo de 86,92% em rela\u00e7\u00e3o a 2024, quando foram aplicados 4.098 testes. A fiscaliza\u00e7\u00e3o rigorosa tamb\u00e9m resultou em um aumento de 38,78% nos autos de infra\u00e7\u00e3o lavrados durante a opera\u00e7\u00e3o.<\/p>\n<p>O uso de radares m\u00f3veis foi fundamental para coibir o excesso de velocidade, sendo registradas 1696 imagens de ve\u00edculos transitando acima do limite permitido. Al\u00e9m da fiscaliza\u00e7\u00e3o, a PRF refor\u00e7ou as a\u00e7\u00f5es educativas, impactando 526 pessoas por meio de iniciativas como fiscaliza\u00e7\u00e3o dirigida e cinema rodovi\u00e1rio, al\u00e9m de a\u00e7\u00f5es preventivas em terminais de transporte coletivo.<\/p>\n<h2 class=\"wp-block-heading\" id=\"h-reducao-de-sinistros-de-transito\">Redu\u00e7\u00e3o de sinistros de tr\u00e2nsito<\/h2>\n<p>A Opera\u00e7\u00e3o Carnaval 2025 registrou uma redu\u00e7\u00e3o significativa nos sinistros de tr\u00e2nsito. Durante o per\u00edodo, foram contabilizados 41 acidentes, o que representa uma queda de 10,9% em rela\u00e7\u00e3o ao ano anterior. Os sinistros considerados graves tamb\u00e9m apresentaram redu\u00e7\u00e3o expressiva, passando de 21 em 2024 para 13 em 2025, o que equivale a uma diminui\u00e7\u00e3o de 38%. O n\u00famero de mortes caiu 70%, passando de 10 para 3 v\u00edtimas fatais. Esses dados refletem o impacto positivo da intensifica\u00e7\u00e3o da fiscaliza\u00e7\u00e3o e das a\u00e7\u00f5es preventivas realizadas pela PRF na Bahia.<\/p>\n<h2 class=\"wp-block-heading\" id=\"h-combate-ao-crime\">Combate ao crime<\/h2>\n<p>Al\u00e9m da fiscaliza\u00e7\u00e3o de tr\u00e2nsito, a PRF tamb\u00e9m intensificou o combate \u00e0 criminalidade nas rodovias federais durante o per\u00edodo do Carnaval. No total, 35 pessoas foram detidas por crimes diversos, sendo que 3 dessas pris\u00f5es ocorreram pelo crime de embriaguez ao volante. Destaque tamb\u00e9m para identifica\u00e7\u00e3o de autom\u00f3veis adulterados, resultando na recupera\u00e7\u00e3o de 10 ve\u00edculos com registro de roubo ou furto. A atua\u00e7\u00e3o policial contou com abordagens estrat\u00e9gicas e a\u00e7\u00f5es integradas que resultaram na retirada de criminosos de circula\u00e7\u00e3o, refor\u00e7ando a seguran\u00e7a vi\u00e1ria e a prote\u00e7\u00e3o da sociedade.<\/p>\n<h2 class=\"wp-block-heading\" id=\"h-fluxo-de-veiculos-nas-rodovias\">Fluxo de ve\u00edculos nas rodovias<\/h2>\n<p>A opera\u00e7\u00e3o ocorreu em um contexto de aumento no fluxo de ve\u00edculos, estimado entre 10% e 15% nas rodovias federais do estado. Na BR-324, principal liga\u00e7\u00e3o entre Salvador e o interior, a concession\u00e1ria ViaBahia registrou um acr\u00e9scimo de 4,7% na circula\u00e7\u00e3o de ve\u00edculos, totalizando cerca de 290 mil deslocamentos no per\u00edodo de Carnaval.<\/p>\n<p>Os dias de maior movimenta\u00e7\u00e3o ocorreram na sexta-feira (28), com a sa\u00edda para o feriado, e na quarta-feira de cinzas (5), com o retorno dos foli\u00f5es \u00e0 capital e aos interiores do estado.<\/p>\n<p><em>Siga o Acorda Cidade no<\/em><a href=\"https:\/\/news.google.com\/search?q=acorda%20cidade&amp;hl=pt-BR&amp;gl=BR&amp;ceid=BR%3Apt-419\"><strong><em> Google Not\u00edcias<\/em><\/strong><\/a><em> e receba os principais destaques do dia. Participe tamb\u00e9m dos nossos canais no <\/em><a href=\"https:\/\/whatsapp.com\/channel\/0029Va6Rb4v3WHTNnsh8WI3N\"><strong><em>WhatsApp<\/em><\/strong><\/a><em> e <\/em><a href=\"https:\/\/www.youtube.com\/@acordacidadenoticias\/videos\"><strong>Youtube<\/strong><\/a><em> e grupo de <\/em><a href=\"https:\/\/t.me\/+sSz0khrgARA0ZmRh\"><strong><em>Telegram<\/em><\/strong><\/a><em>.<\/em><\/p>\n<\/div>\n","protected":false},"excerpt":{"rendered":"<div>\n<div>\n<figure><img decoding=\"async\" src=\"https:\/\/uploads.acordacidade.com.br\/2025\/03\/prf.jpg\" alt=\"prf\"><figcaption>Foto: Divulga\u00e7\u00e3o<\/figcaption><\/figure>\n<\/div>\n<p>A Pol\u00edcia Rodovi\u00e1ria Federal (PRF) na Bahia divulgou, nesta quarta-feira (6), o balan\u00e7o da Opera\u00e7\u00e3o Carnaval 2025, que teve in\u00edcio \u00e0 0h do dia 24 de fevereiro e seguiu at\u00e9 as 23h59 do dia 5 de mar\u00e7o. Durante esse per\u00edodo, as equipes refor\u00e7aram a fiscaliza\u00e7\u00e3o e intensificaram as a\u00e7\u00f5es para coibir comportamentos de risco, garantindo [\u2026]<\/p><\/div>\n","protected":false},"author":1,"featured_media":77262,"comment_status":"closed","ping_status":"closed","sticky":false,"template":"","format":"gallery","meta":{"footnotes":""},"categories":[8,9,6,57,56,10],"tags":[],"class_list":["post-77261","post","type-post","status-publish","format-gallery","has-post-thumbnail","hentry","category-bahia","category-brasil","category-feira-de-santana","category-mundo","category-policia","category-politica","post_format-post-format-gallery"],"featured_image_urls":{"full":["https:\/\/noticiasbahia360.com.br\/wp-content\/uploads\/2025\/03\/prf.jpg",1920,1280,false],"thumbnail":["https:\/\/noticiasbahia360.com.br\/wp-content\/uploads\/2025\/03\/prf-150x150.jpg",150,150,true],"medium":["https:\/\/noticiasbahia360.com.br\/wp-content\/uploads\/2025\/03\/prf-300x200.jpg",300,200,true],"medium_large":["https:\/\/noticiasbahia360.com.br\/wp-content\/uploads\/2025\/03\/prf-768x512.jpg",640,427,true],"large":["https:\/\/noticiasbahia360.com.br\/wp-content\/uploads\/2025\/03\/prf-1024x683.jpg",640,427,true],"1536x1536":["https:\/\/noticiasbahia360.com.br\/wp-content\/uploads\/2025\/03\/prf-1536x1024.jpg",1536,1024,true],"2048x2048":["https:\/\/noticiasbahia360.com.br\/wp-content\/uploads\/2025\/03\/prf.jpg",1920,1280,false],"chromenews-featured":["https:\/\/noticiasbahia360.com.br\/wp-content\/uploads\/2025\/03\/prf-1024x683.jpg",1024,683,true],"chromenews-large":["https:\/\/noticiasbahia360.com.br\/wp-content\/uploads\/2025\/03\/prf-825x575.jpg",825,575,true],"chromenews-medium":["https:\/\/noticiasbahia360.com.br\/wp-content\/uploads\/2025\/03\/prf-590x410.jpg",590,410,true]},"author_info":{"display_name":"noticiasbahia360.com.br","author_link":"https:\/\/noticiasbahia360.com.br\/?author=1"},"category_info":"<a href=\"https:\/\/noticiasbahia360.com.br\/?cat=8\" rel=\"category\">Bahia<\/a> <a href=\"https:\/\/noticiasbahia360.com.br\/?cat=9\" rel=\"category\">Brasil<\/a> <a href=\"https:\/\/noticiasbahia360.com.br\/?cat=6\" rel=\"category\">Feira de Santana<\/a> <a href=\"https:\/\/noticiasbahia360.com.br\/?cat=57\" rel=\"category\">Mundo<\/a> <a href=\"https:\/\/noticiasbahia360.com.br\/?cat=56\" rel=\"category\">Pol\u00edcia<\/a> <a href=\"https:\/\/noticiasbahia360.com.br\/?cat=10\" rel=\"category\">Pol\u00edtica<\/a>","tag_info":"Pol\u00edtica","comment_count":"0","_links":{"self":[{"href":"https:\/\/noticiasbahia360.com.br\/index.php?rest_route=\/wp\/v2\/posts\/77261","targetHints":{"allow":["GET"]}}],"collection":[{"href":"https:\/\/noticiasbahia360.com.br\/index.php?rest_route=\/wp\/v2\/posts"}],"about":[{"href":"https:\/\/noticiasbahia360.com.br\/index.php?rest_route=\/wp\/v2\/types\/post"}],"author":[{"embeddable":true,"href":"https:\/\/noticiasbahia360.com.br\/index.php?rest_route=\/wp\/v2\/users\/1"}],"replies":[{"embeddable":true,"href":"https:\/\/noticiasbahia360.com.br\/index.php?rest_route=%2Fwp%2Fv2%2Fcomments&post=77261"}],"version-history":[{"count":0,"href":"https:\/\/noticiasbahia360.com.br\/index.php?rest_route=\/wp\/v2\/posts\/77261\/revisions"}],"wp:featuredmedia":[{"embeddable":true,"href":"https:\/\/noticiasbahia360.com.br\/index.php?rest_route=\/wp\/v2\/media\/77262"}],"wp:attachment":[{"href":"https:\/\/noticiasbahia360.com.br\/index.php?rest_route=%2Fwp%2Fv2%2Fmedia&parent=77261"}],"wp:term":[{"taxonomy":"category","embeddable":true,"href":"https:\/\/noticiasbahia360.com.br\/index.php?rest_route=%2Fwp%2Fv2%2Fcategories&post=77261"},{"taxonomy":"post_tag","embeddable":true,"href":"https:\/\/noticiasbahia360.com.br\/index.php?rest_route=%2Fwp%2Fv2%2Ftags&post=77261"}],"curies":[{"name":"wp","href":"https:\/\/api.w.org\/{rel}","templated":true}]}} 