{"id":77266,"date":"2025-03-06T11:50:19","date_gmt":"2025-03-06T14:50:19","guid":{"rendered":"https:\/\/noticiasbahia360.com.br\/?p=77266"},"modified":"2025-03-06T11:50:19","modified_gmt":"2025-03-06T14:50:19","slug":"com-retorno-de-neymar-dorival-jr-convoca-selecao-brasileira-para-as-eliminatorias","status":"publish","type":"post","link":"https:\/\/noticiasbahia360.com.br\/?p=77266","title":{"rendered":"Com retorno de Neymar, Dorival Jr. convoca Sele\u00e7\u00e3o Brasileira para as Eliminat\u00f3rias"},"content":{"rendered":"<div>\n<div>\n<figure><img decoding=\"async\" src=\"http:\/\/noticiasbahia360.com.br\/wp-content\/uploads\/2025\/03\/doriva-jr-tecnico-da-selecao-brasileira-foto-reproducao-cbf-tv.jpg\" alt=\"\"><figcaption>Dorival Jr., t\u00e9cnico da Sele\u00e7\u00e3o Brasileira | Foto: Reprodu\u00e7\u00e3o \/ CBF TV <\/figcaption><\/figure>\n<\/div>\n<p>O t\u00e9cnico Dorival J\u00fanior divulgou na manh\u00e3 desta quinta-feira (6), \u00e0s 11h, a lista dos convocados da Sele\u00e7\u00e3o Brasileira para as disputas dos pr\u00f3ximos jogos das Eliminat\u00f3rias da Copa do Mundo de 2026. Entre os 23 nomes selecionados, Neymar retorna ao grupo ap\u00f3s ficar de fora desde outubro de 2023. A cerim\u00f4nia de convoca\u00e7\u00e3o ocorreu na sede da Confedera\u00e7\u00e3o Brasileira de Futebol (CBF), na Barra da Tijuca, no Rio de Janeiro.<\/p>\n<p>Quinto colocado na tabela das Eliminat\u00f3rias com 18 pontos, o Brasil vai enfrentar a Col\u00f4mbia no dia 20 de mar\u00e7o, \u00e0s 21h45 (de Bras\u00edlia), no est\u00e1dio Man\u00e9 Garrincha, em Bras\u00edlia, pela 13\u00aa rodada. J\u00e1 no dia 25 de mar\u00e7o, ter\u00e1 cl\u00e1ssico contra a rival Argentina, \u00e0s 21h (de Bras\u00edlia), no est\u00e1dio Monumental de Nu\u00f1ez, \u00e0s 21h (de Bras\u00edlia), em Buenos Aires, pela 14\u00aa rodada.<\/p>\n<h2 class=\"wp-block-heading\" id=\"h-confira-a-lista-completa-dos-convocados\">Confira a lista completa dos convocados:\u00a0<\/h2>\n<p><strong>GOLEIROS<\/strong><br \/>Alisson (Liverpool)<br \/>Bento (Al-Nassr)<br \/>Ederson (Manchester City)<\/p>\n<p><strong>DEFENSORES<\/strong><br \/>Danilo (Flamengo)<br \/>Gabriel Magalh\u00e3es (Arsenal)<br \/>Guilherme Arana (Atl\u00e9tico-MG)<br \/>L\u00e9o Ortiz (Flamengo)<br \/>Marquinhos (PSG)<br \/>Murilo (NottIngham Forest)<br \/>Vanderson (Monaco)<br \/>Wesley (Flamengo)<\/p>\n<p><strong>MEIAS<\/strong><br \/>Andr\u00e9 (Wolverhampton)<br \/>Bruno Guimar\u00e3es (Newcastle)<br \/>Gerson (Flamengo)<br \/>Joelinton (Newcastle)<br \/>Matheus Cunha (Wolverhampton)<br \/>Neymar (Santos)<\/p>\n<p><strong>ATACANTES<\/strong><br \/>Est\u00eav\u00e3o (Palmeiras)<br \/>Jo\u00e3o Pedro (Brighton)<br \/>Raphinha (Barcelona)<br \/>Rodrygo (Real Madrid)<br \/>Savinho (Manchester City)<br \/>Vinicius Jr. (Real Madrid)<\/p>\n<p><em>Fonte: <a href=\"https:\/\/www.bahianoticias.com.br\/esportes\/noticia\/73242-com-retorno-de-neymar-dorival-jr-convoca-selecao-brasileira-para-as-eliminatorias\">Bahia Not\u00edcias<\/a>, parceiro do Acorda Cidade <\/em><\/p>\n<p><em>Siga o Acorda Cidade no<\/em><a href=\"https:\/\/news.google.com\/search?q=acorda%20cidade&amp;hl=pt-BR&amp;gl=BR&amp;ceid=BR%3Apt-419\"><strong><em>\u00a0Google Not\u00edcias<\/em><\/strong><\/a><em>\u00a0e receba os principais destaques do dia. Participe tamb\u00e9m dos nossos canais no\u00a0<\/em><a href=\"https:\/\/whatsapp.com\/channel\/0029Va6Rb4v3WHTNnsh8WI3N\"><strong><em>WhatsApp<\/em><\/strong><\/a><em>\u00a0e\u00a0<\/em><a href=\"https:\/\/www.youtube.com\/@acordacidadenoticias\/videos\"><strong>Youtube<\/strong><\/a><em>\u00a0e grupo de\u00a0<\/em><a href=\"https:\/\/t.me\/+sSz0khrgARA0ZmRh\"><strong><em>Telegram<\/em><\/strong><\/a><\/p>\n<\/div>\n","protected":false},"excerpt":{"rendered":"<div>\n<div>\n<figure><img decoding=\"async\" src=\"https:\/\/uploads.acordacidade.com.br\/2025\/03\/doriva-jr-tecnico-da-selecao-brasileira-foto-reproducao-cbf-tv.jpg\" alt=\"\"><figcaption>Dorival Jr., t\u00e9cnico da Sele\u00e7\u00e3o Brasileira | Foto: Reprodu\u00e7\u00e3o \/ CBF TV <\/figcaption><\/figure>\n<\/div>\n<p>A cerim\u00f4nia de convoca\u00e7\u00e3o ocorreu na sede da Confedera\u00e7\u00e3o Brasileira de Futebol (CBF), na Barra da Tijuca, no Rio de Janeiro.<\/p><\/div>\n","protected":false},"author":1,"featured_media":77267,"comment_status":"closed","ping_status":"closed","sticky":false,"template":"","format":"gallery","meta":{"footnotes":""},"categories":[8,9,6,57,56,10],"tags":[],"class_list":["post-77266","post","type-post","status-publish","format-gallery","has-post-thumbnail","hentry","category-bahia","category-brasil","category-feira-de-santana","category-mundo","category-policia","category-politica","post_format-post-format-gallery"],"featured_image_urls":{"full":["https:\/\/noticiasbahia360.com.br\/wp-content\/uploads\/2025\/03\/doriva-jr-tecnico-da-selecao-brasileira-foto-reproducao-cbf-tv.jpg",640,336,false],"thumbnail":["https:\/\/noticiasbahia360.com.br\/wp-content\/uploads\/2025\/03\/doriva-jr-tecnico-da-selecao-brasileira-foto-reproducao-cbf-tv-150x150.jpg",150,150,true],"medium":["https:\/\/noticiasbahia360.com.br\/wp-content\/uploads\/2025\/03\/doriva-jr-tecnico-da-selecao-brasileira-foto-reproducao-cbf-tv-300x158.jpg",300,158,true],"medium_large":["https:\/\/noticiasbahia360.com.br\/wp-content\/uploads\/2025\/03\/doriva-jr-tecnico-da-selecao-brasileira-foto-reproducao-cbf-tv.jpg",640,336,false],"large":["https:\/\/noticiasbahia360.com.br\/wp-content\/uploads\/2025\/03\/doriva-jr-tecnico-da-selecao-brasileira-foto-reproducao-cbf-tv.jpg",640,336,false],"1536x1536":["https:\/\/noticiasbahia360.com.br\/wp-content\/uploads\/2025\/03\/doriva-jr-tecnico-da-selecao-brasileira-foto-reproducao-cbf-tv.jpg",640,336,false],"2048x2048":["https:\/\/noticiasbahia360.com.br\/wp-content\/uploads\/2025\/03\/doriva-jr-tecnico-da-selecao-brasileira-foto-reproducao-cbf-tv.jpg",640,336,false],"chromenews-featured":["https:\/\/noticiasbahia360.com.br\/wp-content\/uploads\/2025\/03\/doriva-jr-tecnico-da-selecao-brasileira-foto-reproducao-cbf-tv.jpg",640,336,false],"chromenews-large":["https:\/\/noticiasbahia360.com.br\/wp-content\/uploads\/2025\/03\/doriva-jr-tecnico-da-selecao-brasileira-foto-reproducao-cbf-tv.jpg",640,336,false],"chromenews-medium":["https:\/\/noticiasbahia360.com.br\/wp-content\/uploads\/2025\/03\/doriva-jr-tecnico-da-selecao-brasileira-foto-reproducao-cbf-tv-590x336.jpg",590,336,true]},"author_info":{"display_name":"noticiasbahia360.com.br","author_link":"https:\/\/noticiasbahia360.com.br\/?author=1"},"category_info":"<a href=\"https:\/\/noticiasbahia360.com.br\/?cat=8\" rel=\"category\">Bahia<\/a> <a href=\"https:\/\/noticiasbahia360.com.br\/?cat=9\" rel=\"category\">Brasil<\/a> <a href=\"https:\/\/noticiasbahia360.com.br\/?cat=6\" rel=\"category\">Feira de Santana<\/a> <a href=\"https:\/\/noticiasbahia360.com.br\/?cat=57\" rel=\"category\">Mundo<\/a> <a href=\"https:\/\/noticiasbahia360.com.br\/?cat=56\" rel=\"category\">Pol\u00edcia<\/a> <a href=\"https:\/\/noticiasbahia360.com.br\/?cat=10\" rel=\"category\">Pol\u00edtica<\/a>","tag_info":"Pol\u00edtica","comment_count":"0","_links":{"self":[{"href":"https:\/\/noticiasbahia360.com.br\/index.php?rest_route=\/wp\/v2\/posts\/77266","targetHints":{"allow":["GET"]}}],"collection":[{"href":"https:\/\/noticiasbahia360.com.br\/index.php?rest_route=\/wp\/v2\/posts"}],"about":[{"href":"https:\/\/noticiasbahia360.com.br\/index.php?rest_route=\/wp\/v2\/types\/post"}],"author":[{"embeddable":true,"href":"https:\/\/noticiasbahia360.com.br\/index.php?rest_route=\/wp\/v2\/users\/1"}],"replies":[{"embeddable":true,"href":"https:\/\/noticiasbahia360.com.br\/index.php?rest_route=%2Fwp%2Fv2%2Fcomments&post=77266"}],"version-history":[{"count":0,"href":"https:\/\/noticiasbahia360.com.br\/index.php?rest_route=\/wp\/v2\/posts\/77266\/revisions"}],"wp:featuredmedia":[{"embeddable":true,"href":"https:\/\/noticiasbahia360.com.br\/index.php?rest_route=\/wp\/v2\/media\/77267"}],"wp:attachment":[{"href":"https:\/\/noticiasbahia360.com.br\/index.php?rest_route=%2Fwp%2Fv2%2Fmedia&parent=77266"}],"wp:term":[{"taxonomy":"category","embeddable":true,"href":"https:\/\/noticiasbahia360.com.br\/index.php?rest_route=%2Fwp%2Fv2%2Fcategories&post=77266"},{"taxonomy":"post_tag","embeddable":true,"href":"https:\/\/noticiasbahia360.com.br\/index.php?rest_route=%2Fwp%2Fv2%2Ftags&post=77266"}],"curies":[{"name":"wp","href":"https:\/\/api.w.org\/{rel}","templated":true}]}}