{"id":77270,"date":"2025-03-06T12:05:50","date_gmt":"2025-03-06T15:05:50","guid":{"rendered":"https:\/\/noticiasbahia360.com.br\/?p=77270"},"modified":"2025-03-06T12:05:50","modified_gmt":"2025-03-06T15:05:50","slug":"4-beneficios-do-alecrim-que-vao-fazer-voce-comecar-sua-horta-hoje-mesmo","status":"publish","type":"post","link":"https:\/\/noticiasbahia360.com.br\/?p=77270","title":{"rendered":"4 benef\u00edcios do alecrim que v\u00e3o fazer voc\u00ea come\u00e7ar sua horta hoje mesmo"},"content":{"rendered":"<div>\n<div>\n<figure><img decoding=\"async\" src=\"http:\/\/noticiasbahia360.com.br\/wp-content\/uploads\/2025\/03\/Fnvwjnnu-4-beneficios-do-alecrim-que-vao-fazer-voce-comecar-sua-horta-hoje-mesmo-2.webp\" alt=\"4 benef\u00edcios do alecrim que v\u00e3o fazer voc\u00ea come\u00e7ar sua horta hoje mesmo\"><figcaption>Foto: Freepik<\/figcaption><\/figure>\n<\/div>\n<p>O alecrim \u00e9 uma das <a href=\"https:\/\/www.acordacidade.com.br\/tag\/plantas\/\">ervas arom\u00e1ticas<\/a> mais vers\u00e1teis e ben\u00e9ficas para a <a href=\"https:\/\/www.acordacidade.com.br\/tag\/dicas-de-saude\/\">sa\u00fade<\/a>. Al\u00e9m de ser um excelente tempero na culin\u00e1ria, ele possui propriedades medicinais e pode ser cultivado facilmente em pequenos vasos, tornando-se uma op\u00e7\u00e3o pr\u00e1tica para quem deseja ter temperos frescos sempre \u00e0 m\u00e3o. Confira quatro benef\u00edcios incr\u00edveis do alecrim e saiba como cultiv\u00e1-lo em casa.<\/p>\n<h3 class=\"wp-block-heading\" id=\"h-1-melhora-a-memoria-e-a-concentracao\">1. Melhora a mem\u00f3ria e a concentra\u00e7\u00e3o<\/h3>\n<p>Um dos principais benef\u00edcios do alecrim \u00e9 sua capacidade de estimular a mem\u00f3ria e a concentra\u00e7\u00e3o. Estudos indicam que o aroma dessa erva pode melhorar a atividade cerebral, auxiliando na reten\u00e7\u00e3o de informa\u00e7\u00f5es e no desempenho cognitivo. Por isso, ter um vasinho de alecrim no escrit\u00f3rio ou no local de estudos pode ser uma \u00f3tima estrat\u00e9gia para aumentar a produtividade.<\/p>\n<h3 class=\"wp-block-heading\" id=\"h-2-auxilia-na-digestao\">2. Auxilia na digest\u00e3o<\/h3>\n<p>O alecrim tamb\u00e9m \u00e9 conhecido por suas propriedades digestivas. Seu consumo em ch\u00e1s ou como tempero ajuda a reduzir a sensa\u00e7\u00e3o de incha\u00e7o, aliviar gases e estimular a produ\u00e7\u00e3o de enzimas digestivas. Se voc\u00ea costuma sentir desconforto ap\u00f3s as refei\u00e7\u00f5es, adicionar alecrim \u00e0 sua dieta pode ser uma solu\u00e7\u00e3o natural e eficaz.<\/p>\n<h3 class=\"wp-block-heading\" id=\"h-3-fortalece-o-sistema-imunologico\">3. Fortalece o sistema imunol\u00f3gico<\/h3>\n<p>Rico em antioxidantes, o alecrim contribui para o fortalecimento do sistema imunol\u00f3gico, ajudando o organismo a combater infec\u00e7\u00f5es e inflama\u00e7\u00f5es. Seus compostos bioativos, como o \u00e1cido rosmar\u00ednico, possuem propriedades antimicrobianas e anti-inflamat\u00f3rias, tornando essa erva um aliado natural para manter a sa\u00fade em dia.<\/p>\n<h3 class=\"wp-block-heading\" id=\"h-4-reduz-o-estresse-e-melhora-o-humor\">4. Reduz o estresse e melhora o humor<\/h3>\n<p>O aroma do alecrim tem efeitos relaxantes que ajudam a reduzir o estresse e melhorar o humor. O uso da erva em forma de \u00f3leo essencial ou at\u00e9 mesmo in natura, atrav\u00e9s do simples ato de inalar seu cheiro, pode proporcionar uma sensa\u00e7\u00e3o de bem-estar e relaxamento, sendo uma \u00f3tima op\u00e7\u00e3o para aliviar o cansa\u00e7o mental do dia a dia.<\/p>\n<figure class=\"wp-block-image size-full\"><img fetchpriority=\"high\" fetchpriority=\"high\" decoding=\"async\" width=\"600\" height=\"400\" src=\"http:\/\/noticiasbahia360.com.br\/wp-content\/uploads\/2025\/03\/v6GRaBIR-4-beneficios-do-alecrim-que-vao-fazer-voce-comecar-sua-horta-hoje-mesmo-1.webp\" alt=\"4 benef\u00edcios do alecrim que v\u00e3o fazer voc\u00ea come\u00e7ar sua horta hoje mesmo\" class=\"wp-image-509874\" srcset=\"https:\/\/uploads.acordacidade.com.br\/2025\/03\/v6GRaBIR-4-beneficios-do-alecrim-que-vao-fazer-voce-comecar-sua-horta-hoje-mesmo-1-300x200.webp 300w, https:\/\/uploads.acordacidade.com.br\/2025\/03\/v6GRaBIR-4-beneficios-do-alecrim-que-vao-fazer-voce-comecar-sua-horta-hoje-mesmo-1-150x100.webp 150w, http:\/\/noticiasbahia360.com.br\/wp-content\/uploads\/2025\/03\/v6GRaBIR-4-beneficios-do-alecrim-que-vao-fazer-voce-comecar-sua-horta-hoje-mesmo-1.webp 600w\" sizes=\"(max-width: 600px) 100vw, 600px\"><figcaption class=\"wp-element-caption\">Foto: Freepik<\/figcaption><\/figure>\n<h3 class=\"wp-block-heading\" id=\"h-como-plantar-alecrim-em-vasos-pequenos\">Como plantar alecrim em vasos pequenos<\/h3>\n<p>Cultivar alecrim em casa \u00e9 simples e pr\u00e1tico. Essa erva se adapta bem a pequenos vasos e n\u00e3o exige muitos cuidados. Veja algumas dicas essenciais para o cultivo:<\/p>\n<ul class=\"wp-block-list\">\n<li>Escolha um vaso com boa drenagem para evitar o ac\u00famulo de \u00e1gua nas ra\u00edzes.<\/li>\n<li>Utilize um solo leve e bem drenado, preferencialmente misturado com areia para garantir a aera\u00e7\u00e3o.<\/li>\n<li>Posicione o vaso em um local que receba luz solar por pelo menos quatro horas di\u00e1rias.<\/li>\n<li>Regue com modera\u00e7\u00e3o, evitando encharcar a terra, pois o alecrim prefere solo seco.<\/li>\n<li>Fa\u00e7a podas regulares para estimular o crescimento e manter a planta saud\u00e1vel.<\/li>\n<\/ul>\n<p>Com esses cuidados, voc\u00ea poder\u00e1 ter sempre alecrim fresco para temperar suas receitas e aproveitar todos os seus benef\u00edcios. <a href=\"https:\/\/leouve.com.br\/tag\/plantas\/\">Plante<\/a> hoje mesmo e transforme seu ambiente com essa erva cheia de vantagens!<\/p>\n<\/div>\n","protected":false},"excerpt":{"rendered":"<div>\n<div>\n<figure><img decoding=\"async\" src=\"https:\/\/uploads.acordacidade.com.br\/2025\/03\/Fnvwjnnu-4-beneficios-do-alecrim-que-vao-fazer-voce-comecar-sua-horta-hoje-mesmo-2.webp\" alt=\"4 benef\u00edcios do alecrim que v\u00e3o fazer voc\u00ea come\u00e7ar sua horta hoje mesmo\"><figcaption>Foto: Freepik<\/figcaption><\/figure>\n<\/div>\n<p>O alecrim \u00e9 uma das ervas arom\u00e1ticas mais vers\u00e1teis e ben\u00e9ficas para a sa\u00fade. Al\u00e9m de ser um excelente tempero na culin\u00e1ria, ele possui propriedades medicinais e pode ser cultivado facilmente em pequenos vasos, tornando-se uma op\u00e7\u00e3o pr\u00e1tica para quem deseja ter temperos frescos sempre \u00e0 m\u00e3o. Confira quatro benef\u00edcios incr\u00edveis do alecrim e saiba [\u2026]<\/p><\/div>\n","protected":false},"author":1,"featured_media":77271,"comment_status":"closed","ping_status":"closed","sticky":false,"template":"","format":"gallery","meta":{"footnotes":""},"categories":[8,9,6,57,56,10],"tags":[],"class_list":["post-77270","post","type-post","status-publish","format-gallery","has-post-thumbnail","hentry","category-bahia","category-brasil","category-feira-de-santana","category-mundo","category-policia","category-politica","post_format-post-format-gallery"],"featured_image_urls":{"full":["https:\/\/noticiasbahia360.com.br\/wp-content\/uploads\/2025\/03\/Fnvwjnnu-4-beneficios-do-alecrim-que-vao-fazer-voce-comecar-sua-horta-hoje-mesmo-2.webp",600,400,false],"thumbnail":["https:\/\/noticiasbahia360.com.br\/wp-content\/uploads\/2025\/03\/Fnvwjnnu-4-beneficios-do-alecrim-que-vao-fazer-voce-comecar-sua-horta-hoje-mesmo-2-150x150.webp",150,150,true],"medium":["https:\/\/noticiasbahia360.com.br\/wp-content\/uploads\/2025\/03\/Fnvwjnnu-4-beneficios-do-alecrim-que-vao-fazer-voce-comecar-sua-horta-hoje-mesmo-2-300x200.webp",300,200,true],"medium_large":["https:\/\/noticiasbahia360.com.br\/wp-content\/uploads\/2025\/03\/Fnvwjnnu-4-beneficios-do-alecrim-que-vao-fazer-voce-comecar-sua-horta-hoje-mesmo-2.webp",600,400,false],"large":["https:\/\/noticiasbahia360.com.br\/wp-content\/uploads\/2025\/03\/Fnvwjnnu-4-beneficios-do-alecrim-que-vao-fazer-voce-comecar-sua-horta-hoje-mesmo-2.webp",600,400,false],"1536x1536":["https:\/\/noticiasbahia360.com.br\/wp-content\/uploads\/2025\/03\/Fnvwjnnu-4-beneficios-do-alecrim-que-vao-fazer-voce-comecar-sua-horta-hoje-mesmo-2.webp",600,400,false],"2048x2048":["https:\/\/noticiasbahia360.com.br\/wp-content\/uploads\/2025\/03\/Fnvwjnnu-4-beneficios-do-alecrim-que-vao-fazer-voce-comecar-sua-horta-hoje-mesmo-2.webp",600,400,false],"chromenews-featured":["https:\/\/noticiasbahia360.com.br\/wp-content\/uploads\/2025\/03\/Fnvwjnnu-4-beneficios-do-alecrim-que-vao-fazer-voce-comecar-sua-horta-hoje-mesmo-2.webp",600,400,false],"chromenews-large":["https:\/\/noticiasbahia360.com.br\/wp-content\/uploads\/2025\/03\/Fnvwjnnu-4-beneficios-do-alecrim-que-vao-fazer-voce-comecar-sua-horta-hoje-mesmo-2.webp",600,400,false],"chromenews-medium":["https:\/\/noticiasbahia360.com.br\/wp-content\/uploads\/2025\/03\/Fnvwjnnu-4-beneficios-do-alecrim-que-vao-fazer-voce-comecar-sua-horta-hoje-mesmo-2-590x400.webp",590,400,true]},"author_info":{"display_name":"noticiasbahia360.com.br","author_link":"https:\/\/noticiasbahia360.com.br\/?author=1"},"category_info":"<a href=\"https:\/\/noticiasbahia360.com.br\/?cat=8\" rel=\"category\">Bahia<\/a> <a href=\"https:\/\/noticiasbahia360.com.br\/?cat=9\" rel=\"category\">Brasil<\/a> <a href=\"https:\/\/noticiasbahia360.com.br\/?cat=6\" rel=\"category\">Feira de Santana<\/a> <a href=\"https:\/\/noticiasbahia360.com.br\/?cat=57\" rel=\"category\">Mundo<\/a> <a href=\"https:\/\/noticiasbahia360.com.br\/?cat=56\" rel=\"category\">Pol\u00edcia<\/a> <a href=\"https:\/\/noticiasbahia360.com.br\/?cat=10\" rel=\"category\">Pol\u00edtica<\/a>","tag_info":"Pol\u00edtica","comment_count":"0","_links":{"self":[{"href":"https:\/\/noticiasbahia360.com.br\/index.php?rest_route=\/wp\/v2\/posts\/77270","targetHints":{"allow":["GET"]}}],"collection":[{"href":"https:\/\/noticiasbahia360.com.br\/index.php?rest_route=\/wp\/v2\/posts"}],"about":[{"href":"https:\/\/noticiasbahia360.com.br\/index.php?rest_route=\/wp\/v2\/types\/post"}],"author":[{"embeddable":true,"href":"https:\/\/noticiasbahia360.com.br\/index.php?rest_route=\/wp\/v2\/users\/1"}],"replies":[{"embeddable":true,"href":"https:\/\/noticiasbahia360.com.br\/index.php?rest_route=%2Fwp%2Fv2%2Fcomments&post=77270"}],"version-history":[{"count":0,"href":"https:\/\/noticiasbahia360.com.br\/index.php?rest_route=\/wp\/v2\/posts\/77270\/revisions"}],"wp:featuredmedia":[{"embeddable":true,"href":"https:\/\/noticiasbahia360.com.br\/index.php?rest_route=\/wp\/v2\/media\/77271"}],"wp:attachment":[{"href":"https:\/\/noticiasbahia360.com.br\/index.php?rest_route=%2Fwp%2Fv2%2Fmedia&parent=77270"}],"wp:term":[{"taxonomy":"category","embeddable":true,"href":"https:\/\/noticiasbahia360.com.br\/index.php?rest_route=%2Fwp%2Fv2%2Fcategories&post=77270"},{"taxonomy":"post_tag","embeddable":true,"href":"https:\/\/noticiasbahia360.com.br\/index.php?rest_route=%2Fwp%2Fv2%2Ftags&post=77270"}],"curies":[{"name":"wp","href":"https:\/\/api.w.org\/{rel}","templated":true}]}}