{"id":77275,"date":"2025-03-06T12:59:55","date_gmt":"2025-03-06T15:59:55","guid":{"rendered":"https:\/\/noticiasbahia360.com.br\/?p=77275"},"modified":"2025-03-06T12:59:55","modified_gmt":"2025-03-06T15:59:55","slug":"mes-da-mulher-loja-colaborativa-fortalece-empoderamento-e-empreendedorismo-feminino","status":"publish","type":"post","link":"https:\/\/noticiasbahia360.com.br\/?p=77275","title":{"rendered":"M\u00eas da Mulher: Loja colaborativa fortalece empoderamento e empreendedorismo feminino"},"content":{"rendered":"<div>\n<div>\n<figure><img decoding=\"async\" src=\"http:\/\/noticiasbahia360.com.br\/wp-content\/uploads\/2025\/03\/empodera-ela-2.jpg\" alt=\"empodera ela\"><figcaption>Foto: Valto Novaes<br \/>\n<\/figcaption><\/figure>\n<\/div>\n<p>A valoriza\u00e7\u00e3o do trabalho feminino ganha destaque com o projeto \u201cEmpodera Ela: Juntas Somos Pot\u00eancia\u201d, uma iniciativa do Boulevard Shopping em parceria com a Prefeitura de Feira de Santana, por meio da Secretaria Municipal de Pol\u00edticas para as Mulheres (SMPM), que une for\u00e7as para intensificar o crescimento econ\u00f4mico e a autonomia feminina.<\/p>\n<p>Localizada no Boulevard Shopping, em frente \u00e0 pra\u00e7a de alimenta\u00e7\u00e3o, a loja colaborativa re\u00fane mulheres empreendedoras que exp\u00f5em e vendem seus produtos at\u00e9 o dia 16 de mar\u00e7o, das 9h \u00e0s 22h.<\/p>\n<figure class=\"wp-block-image size-large\"><img fetchpriority=\"high\" fetchpriority=\"high\" decoding=\"async\" width=\"1024\" height=\"683\" src=\"http:\/\/noticiasbahia360.com.br\/wp-content\/uploads\/2025\/03\/cEstJL6G-empodera-ela-1024x683-1.webp\" alt=\"empodera ela\" class=\"wp-image-509896\" srcset=\"https:\/\/uploads.acordacidade.com.br\/2025\/03\/cEstJL6G-empodera-ela--300x200.webp 300w, http:\/\/noticiasbahia360.com.br\/wp-content\/uploads\/2025\/03\/cEstJL6G-empodera-ela-1024x683-1.webp 1024w, https:\/\/uploads.acordacidade.com.br\/2025\/03\/cEstJL6G-empodera-ela--768x512.webp 768w, https:\/\/uploads.acordacidade.com.br\/2025\/03\/cEstJL6G-empodera-ela--1536x1024.webp 1536w, https:\/\/uploads.acordacidade.com.br\/2025\/03\/cEstJL6G-empodera-ela--150x100.webp 150w, https:\/\/uploads.acordacidade.com.br\/2025\/03\/cEstJL6G-empodera-ela-.webp 1920w\" sizes=\"(max-width: 1024px) 100vw, 1024px\"><figcaption class=\"wp-element-caption\">Foto: Valto Novaes<br \/>\n<\/figcaption><\/figure>\n<p>A secret\u00e1ria Neinha Bastos destacou a relev\u00e2ncia do projeto para o fortalecimento da presen\u00e7a feminina no empreendedorismo e no mercado de trabalho.<\/p>\n<p>\u201cEmpoderar \u00e9 valorizar o talento feminino e fortalecer a economia local. O Empodera Ela permite que mulheres empreendedoras tenham visibilidade e reconhecimento. Agrade\u00e7o ao Boulevard Shopping por apoiar essa causa t\u00e3o essencial. Estamos aqui, de cora\u00e7\u00e3o aberto, fortalecendo e inspirando umas \u00e0s outras\u201d, afirmou.<\/p>\n<figure class=\"wp-block-image size-large\"><img decoding=\"async\" width=\"1024\" height=\"683\" src=\"http:\/\/noticiasbahia360.com.br\/wp-content\/uploads\/2025\/03\/1Q8glANp-empodera-ela1-1024x683-1.webp\" alt=\"empodera ela\" class=\"wp-image-509895\" srcset=\"https:\/\/uploads.acordacidade.com.br\/2025\/03\/1Q8glANp-empodera-ela1-300x200.webp 300w, http:\/\/noticiasbahia360.com.br\/wp-content\/uploads\/2025\/03\/1Q8glANp-empodera-ela1-1024x683-1.webp 1024w, https:\/\/uploads.acordacidade.com.br\/2025\/03\/1Q8glANp-empodera-ela1-768x512.webp 768w, https:\/\/uploads.acordacidade.com.br\/2025\/03\/1Q8glANp-empodera-ela1-1536x1024.webp 1536w, https:\/\/uploads.acordacidade.com.br\/2025\/03\/1Q8glANp-empodera-ela1-150x100.webp 150w, https:\/\/uploads.acordacidade.com.br\/2025\/03\/1Q8glANp-empodera-ela1.webp 1920w\" sizes=\"(max-width: 1024px) 100vw, 1024px\"><figcaption class=\"wp-element-caption\">Foto: Valto Novaes<br \/>\n<\/figcaption><\/figure>\n<p>A diversidade de produtos dispon\u00edveis reflete a criatividade e o talento das participantes. Os visitantes podem encontrar geleias artesanais, tortas caseiras, cookies, itens de decora\u00e7\u00e3o exclusivos, acess\u00f3rios como brincos, colares e pulseiras, al\u00e9m de diversas pe\u00e7as produzidas com t\u00e9cnicas artesanais tradicionais e contempor\u00e2neas. Cada item carrega a identidade e dedica\u00e7\u00e3o de suas criadoras, destacando a riqueza do trabalho feminino.<\/p>\n<p>Para a confeiteira Mariana Dalton, participar da loja colaborativa \u00e9 uma oportunidade de crescimento e expans\u00e3o de seu neg\u00f3cio.<\/p>\n<p>\u201cEsse espa\u00e7o \u00e9 fundamental para n\u00f3s, empreendedoras, pois nos d\u00e1 mais visibilidade e ajuda a expandir nossas vendas. O shopping \u00e9 um ponto estrat\u00e9gico para alcan\u00e7ar novos clientes. Minha especialidade s\u00e3o cookies artesanais, feitos sem aditivos qu\u00edmicos e com muito carinho. Esse projeto nos fortalece e impulsiona nosso trabalho\u201d, ressaltou.<\/p>\n<p>Durante todo o m\u00eas de mar\u00e7o, a Prefeitura de Feira de Santana segue com uma programa\u00e7\u00e3o especial dedicada ao M\u00eas da Mulher, promovendo a\u00e7\u00f5es que incentivam o empreendedorismo feminino e ampliam as oportunidades de autonomia financeira para as mulheres da cidade.<\/p>\n<p><em>As informa\u00e7\u00f5es s\u00e3o da Secretaria Municipal de Comunica\u00e7\u00e3o<\/em><\/p>\n<p><em>Siga o Acorda Cidade no<\/em><a href=\"https:\/\/news.google.com\/search?q=acorda%20cidade&amp;hl=pt-BR&amp;gl=BR&amp;ceid=BR%3Apt-419\"><strong><em> Google Not\u00edcias<\/em><\/strong><\/a><em> e receba os principais destaques do dia. Participe tamb\u00e9m dos nossos canais no <\/em><a href=\"https:\/\/whatsapp.com\/channel\/0029Va6Rb4v3WHTNnsh8WI3N\"><strong><em>WhatsApp<\/em><\/strong><\/a><em> e <\/em><a href=\"https:\/\/www.youtube.com\/@acordacidadenoticias\/videos\"><strong>Youtube<\/strong><\/a><em> e grupo de <\/em><a href=\"https:\/\/t.me\/+sSz0khrgARA0ZmRh\"><strong><em>Telegram<\/em><\/strong><\/a><em>.<\/em><\/p>\n<\/div>\n","protected":false},"excerpt":{"rendered":"<div>\n<div>\n<figure><img decoding=\"async\" src=\"https:\/\/uploads.acordacidade.com.br\/2025\/03\/empodera-ela-2.jpg\" alt=\"empodera ela\"><figcaption>Foto: Valto Novaes<br \/>\n<\/figcaption><\/figure>\n<\/div>\n<p>Localizada no Boulevard Shopping, a loja re\u00fane mulheres empreendedoras que exp\u00f5em e vendem seus produtos at\u00e9 o dia 16 de mar\u00e7o.<\/p><\/div>\n","protected":false},"author":1,"featured_media":77276,"comment_status":"closed","ping_status":"closed","sticky":false,"template":"","format":"gallery","meta":{"footnotes":""},"categories":[8,9,6,57,56,10],"tags":[],"class_list":["post-77275","post","type-post","status-publish","format-gallery","has-post-thumbnail","hentry","category-bahia","category-brasil","category-feira-de-santana","category-mundo","category-policia","category-politica","post_format-post-format-gallery"],"featured_image_urls":{"full":["https:\/\/noticiasbahia360.com.br\/wp-content\/uploads\/2025\/03\/empodera-ela-2.jpg",1920,1279,false],"thumbnail":["https:\/\/noticiasbahia360.com.br\/wp-content\/uploads\/2025\/03\/empodera-ela-2-150x150.jpg",150,150,true],"medium":["https:\/\/noticiasbahia360.com.br\/wp-content\/uploads\/2025\/03\/empodera-ela-2-300x200.jpg",300,200,true],"medium_large":["https:\/\/noticiasbahia360.com.br\/wp-content\/uploads\/2025\/03\/empodera-ela-2-768x512.jpg",640,427,true],"large":["https:\/\/noticiasbahia360.com.br\/wp-content\/uploads\/2025\/03\/empodera-ela-2-1024x682.jpg",640,426,true],"1536x1536":["https:\/\/noticiasbahia360.com.br\/wp-content\/uploads\/2025\/03\/empodera-ela-2-1536x1023.jpg",1536,1023,true],"2048x2048":["https:\/\/noticiasbahia360.com.br\/wp-content\/uploads\/2025\/03\/empodera-ela-2.jpg",1920,1279,false],"chromenews-featured":["https:\/\/noticiasbahia360.com.br\/wp-content\/uploads\/2025\/03\/empodera-ela-2-1024x682.jpg",1024,682,true],"chromenews-large":["https:\/\/noticiasbahia360.com.br\/wp-content\/uploads\/2025\/03\/empodera-ela-2-825x575.jpg",825,575,true],"chromenews-medium":["https:\/\/noticiasbahia360.com.br\/wp-content\/uploads\/2025\/03\/empodera-ela-2-590x410.jpg",590,410,true]},"author_info":{"display_name":"noticiasbahia360.com.br","author_link":"https:\/\/noticiasbahia360.com.br\/?author=1"},"category_info":"<a href=\"https:\/\/noticiasbahia360.com.br\/?cat=8\" rel=\"category\">Bahia<\/a> <a href=\"https:\/\/noticiasbahia360.com.br\/?cat=9\" rel=\"category\">Brasil<\/a> <a href=\"https:\/\/noticiasbahia360.com.br\/?cat=6\" rel=\"category\">Feira de Santana<\/a> <a href=\"https:\/\/noticiasbahia360.com.br\/?cat=57\" rel=\"category\">Mundo<\/a> <a href=\"https:\/\/noticiasbahia360.com.br\/?cat=56\" rel=\"category\">Pol\u00edcia<\/a> <a href=\"https:\/\/noticiasbahia360.com.br\/?cat=10\" rel=\"category\">Pol\u00edtica<\/a>","tag_info":"Pol\u00edtica","comment_count":"0","_links":{"self":[{"href":"https:\/\/noticiasbahia360.com.br\/index.php?rest_route=\/wp\/v2\/posts\/77275","targetHints":{"allow":["GET"]}}],"collection":[{"href":"https:\/\/noticiasbahia360.com.br\/index.php?rest_route=\/wp\/v2\/posts"}],"about":[{"href":"https:\/\/noticiasbahia360.com.br\/index.php?rest_route=\/wp\/v2\/types\/post"}],"author":[{"embeddable":true,"href":"https:\/\/noticiasbahia360.com.br\/index.php?rest_route=\/wp\/v2\/users\/1"}],"replies":[{"embeddable":true,"href":"https:\/\/noticiasbahia360.com.br\/index.php?rest_route=%2Fwp%2Fv2%2Fcomments&post=77275"}],"version-history":[{"count":0,"href":"https:\/\/noticiasbahia360.com.br\/index.php?rest_route=\/wp\/v2\/posts\/77275\/revisions"}],"wp:featuredmedia":[{"embeddable":true,"href":"https:\/\/noticiasbahia360.com.br\/index.php?rest_route=\/wp\/v2\/media\/77276"}],"wp:attachment":[{"href":"https:\/\/noticiasbahia360.com.br\/index.php?rest_route=%2Fwp%2Fv2%2Fmedia&parent=77275"}],"wp:term":[{"taxonomy":"category","embeddable":true,"href":"https:\/\/noticiasbahia360.com.br\/index.php?rest_route=%2Fwp%2Fv2%2Fcategories&post=77275"},{"taxonomy":"post_tag","embeddable":true,"href":"https:\/\/noticiasbahia360.com.br\/index.php?rest_route=%2Fwp%2Fv2%2Ftags&post=77275"}],"curies":[{"name":"wp","href":"https:\/\/api.w.org\/{rel}","templated":true}]}}