{"id":77279,"date":"2025-03-06T13:50:11","date_gmt":"2025-03-06T16:50:11","guid":{"rendered":"https:\/\/noticiasbahia360.com.br\/?p=77279"},"modified":"2025-03-06T13:50:11","modified_gmt":"2025-03-06T16:50:11","slug":"empresario-opina-data-da-micareta-de-feira-arriscaria-fazer-um-carnaval-antecipado","status":"publish","type":"post","link":"https:\/\/noticiasbahia360.com.br\/?p=77279","title":{"rendered":"Empres\u00e1rio opina data da Micareta de Feira: \u201cArriscaria fazer um Carnaval antecipado\u201d"},"content":{"rendered":"<div>\n<div>\n<figure><img decoding=\"async\" src=\"http:\/\/noticiasbahia360.com.br\/wp-content\/uploads\/2025\/03\/Leo-Santana-na-Micareta-ft-Jaqueline-Ferreira-Acorda-Cidade12.jpg\" alt=\"L\u00e9o Santana na Micareta ft Jaqueline Ferreira Acorda Cidade\"><figcaption>Foto: Jaqueline Ferreira \/ Acorda Cidade <\/figcaption><\/figure>\n<\/div>\n<p>Com <a href=\"https:\/\/www.acordacidade.com.br\/micareta\/camarote-central-mix-vai-iniciar-processo-de-reembolso-apos-confirmar-desistencia-da-micareta-de-feira\/\">o an\u00fancio de que o Camarote da Central Mix n\u00e3o vai participar da Micareta 2025,<\/a> o empres\u00e1rio do setor de entretenimento e diretor da Central Mix, Erivaldo Cruz, falou ao Acorda Cidade sobre as dificuldades que impediram a continua\u00e7\u00e3o do camarote este ano e tamb\u00e9m opinou sobre o futuro da festa. Ele esteve no programa Acorda Cidade nesta ter\u00e7a-feira (6), onde afirmou que uma das mudan\u00e7as que faria na Micareta de Feira de Santana seria na data.<\/p>\n<p>\u201cA data \u00e9 um tema muito tratado e se eu tivesse que mudar, eu arriscaria fazer um carnaval antecipado, mas n\u00e3o seria em janeiro. Seria sempre duas semanas antes do Carnaval de Salvador para aproveitar os turistas que est\u00e3o no estado\u201d, afirmou.<\/p>\n<figure class=\"wp-block-image size-large\"><img fetchpriority=\"high\" decoding=\"async\" width=\"1024\" height=\"678\" src=\"http:\/\/noticiasbahia360.com.br\/wp-content\/uploads\/2025\/03\/eBYlQMdx-erivaldo-cruz-1-1024x678-1.webp\" alt=\"erivaldo cruz\" class=\"wp-image-509851\" srcset=\"https:\/\/uploads.acordacidade.com.br\/2025\/03\/eBYlQMdx-erivaldo-cruz-1-300x199.webp 300w, http:\/\/noticiasbahia360.com.br\/wp-content\/uploads\/2025\/03\/eBYlQMdx-erivaldo-cruz-1-1024x678-1.webp 1024w, https:\/\/uploads.acordacidade.com.br\/2025\/03\/eBYlQMdx-erivaldo-cruz-1-768x508.webp 768w, https:\/\/uploads.acordacidade.com.br\/2025\/03\/eBYlQMdx-erivaldo-cruz-1-1536x1017.webp 1536w, https:\/\/uploads.acordacidade.com.br\/2025\/03\/eBYlQMdx-erivaldo-cruz-1-150x99.webp 150w, https:\/\/uploads.acordacidade.com.br\/2025\/03\/eBYlQMdx-erivaldo-cruz-1.webp 1920w\" sizes=\"(max-width: 1024px) 100vw, 1024px\"><figcaption class=\"wp-element-caption\">Empres\u00e1rio Erivaldo Cruz | Foto: Iasmim Santos\/Acorda Cidade<\/figcaption><\/figure>\n<p>Erivaldo observou que o Carnaval de Salvador \u00e9 uma festa sustentada por pessoas que v\u00eam de fora para curtir a folia baiana, por\u00e9m o mesmo n\u00e3o acontece com a Micareta, que ele afirma ser uma festa realizada para o feirense. O empres\u00e1rio destaca que esse n\u00e3o \u00e9 um problema, mas acredita que atrair pessoas de fora traria mais recursos e possibilidades. <\/p>\n<p>\u201cA micareta de Feira \u00e9 uma festa popular e o futuro eu vejo que vai continuar como est\u00e1, porque n\u00e3o \u00e9 f\u00e1cil mudar uma festa com a tradi\u00e7\u00e3o que tem a Micareta. \u00c9 preciso ter alguns melhoramentos, quem sustenta o Carnaval de Salvador s\u00e3o pessoas de fora, turistas. Os blocos populares n\u00e3o se sustentaram, eles acabaram e ficaram os blocos que s\u00e3o vendidos 80% para o turista, o que n\u00e3o \u00e9 o nosso caso. A micareta \u00e9 uma festa para um p\u00fablico local, que n\u00e3o atrai ningu\u00e9m com altos valores em dinheiro para gastar aqui. A prefeitura tem a dificuldade de fazer as coisas de forma diferente\u201d, analisou.<\/p>\n<p>Ele tamb\u00e9m comentou sobre a mudan\u00e7a de local do circuito da festa, que \u00e9 um ponto sempre debatido entre os feirenses. Segundo Erivaldo, a Micareta vai al\u00e9m da festa para o povo. Ele destaca que h\u00e1 toda uma estrutura que precisa ser pensada e o local precisa ser adequado para receber a festa. <\/p>\n<p>\u201cSe fala muito em mudar de local, mas para onde? A micareta n\u00e3o \u00e9 s\u00f3 a festa, tem o deslocamento de pessoas, de viaturas, Coelba para montar ilumina\u00e7\u00e3o, \u00e9 muita coisa envolvida, tem que ter toda uma viabilidade de movimenta\u00e7\u00e3o, de transporte\u201d, afirmou o empres\u00e1rio ao Acorda Cidade.<\/p>\n<h2 class=\"wp-block-heading\" id=\"h-camarote-central-mix\">Camarote Central Mix<\/h2>\n<p>Com rela\u00e7\u00e3o a n\u00e3o realiza\u00e7\u00e3o do camarote este ano, o empres\u00e1rio disse que v\u00e1rios fatores foram determinantes para a decis\u00e3o, sendo o fator financeiro um dos principais. Ele afirmou que fazer uma festa com a estrutura que o camarote j\u00e1 vinha fazendo nos anos anteriores est\u00e1 muito caro. <\/p>\n<p>\u201cEsse camarote \u00e9 feito h\u00e1 anos, com muito carinho e dedica\u00e7\u00e3o, mas a conta n\u00e3o fecha. Um dos fatores principais para a retirada do camarote este ano foi a quest\u00e3o financeira e dificuldade do momento atual. O show business est\u00e1 meio maluco, uma banda que se pagava R$ 50 mil, hoje \u00e9 R$ 200 mil. Do mesmo modo ocorre com som, ilumina\u00e7\u00e3o e toda estrutura, que aumentou muito de pre\u00e7o, ent\u00e3o ficou praticamente invi\u00e1vel da forma que a gente vinha fazendo\u201d, destacou.<\/p>\n<p>Segundo Erivaldo, caso o camarote fosse realizado, os custos teriam que ser repassados para os foli\u00f5es e o custo seria cerca de tr\u00eas vezes maior que os valores cobrados no ano passado. Pela experi\u00eancia do empres\u00e1rio, ele acredita que com os valores mais altos, n\u00e3o venderia os ingressos. <\/p>\n<p>\u201cQuando somamos todas as dificuldades, acabou gerando essa decis\u00e3o de n\u00e3o fazer, pois correria um grande risco de preju\u00edzo. Se custava R$ 200 o ingresso, este ano teria que custar R$ 600, tr\u00eas vezes mais. A popula\u00e7\u00e3o n\u00e3o investiria esse recurso para bancar esse valor, a gente trabalha com isso h\u00e1 anos e sabemos como funciona\u201d, disse.<\/p>\n<p>Erivaldo Cruz tamb\u00e9m falou sobre a data da festa este ano, que ser\u00e1 realizada entre os dias 1\u00ba e 4 de maio. Segundo ele, essa data atrapalha, j\u00e1 que outras micaretas ser\u00e3o realizadas no mesmo fim de semana em outras cidades do interior, a exemplo de Concei\u00e7\u00e3o do Coit\u00e9 e Vit\u00f3ria da Conquista. <\/p>\n<p>\u201cA data da micareta este ano atrapalha um pouco, tivemos o carnaval esse ano em mar\u00e7o, a micareta em maio, por estar atrelado a Quaresma, a Semana Santa, ent\u00e3o a micareta n\u00e3o tinha outra data. As outras cidades tamb\u00e9m v\u00e3o fazer na mesma data e a\u00ed vem a quest\u00e3o das bandas, pois dificulta a agenda, isso \u00e9 outro fator\u201d, informou.<\/p>\n<p>Erivaldo destacou ainda que a decis\u00e3o de n\u00e3o realizar o camarote Central Mix este ano n\u00e3o tem a ver com a prefeitura. Segundo ele, o prefeito Jos\u00e9 Ronaldo de Carvalho, assim que foi eleito, definiu a data da festa e passou para o setor empresarial. <\/p>\n<p>\u201cEle confirmou a data, n\u00f3s chegamos a lan\u00e7ar o camarote e vendemos at\u00e9 alguns ingressos, mas depois analisamos, fizemos as contas e vimos que n\u00e3o daria, ent\u00e3o agora vamos fazer o reembolso do valor ou as pessoas podem guardar como cr\u00e9dito para usar nas festas realizadas pela Central Mix\u201d, afirmou.<\/p>\n<p>O empres\u00e1rio disse ainda que com a retirada do camarote, o espa\u00e7o na avenida ficou vago e a Central Mix est\u00e1 \u00e0 disposi\u00e7\u00e3o para loca\u00e7\u00e3o, at\u00e9 mesmo para o poder p\u00fablico, que pode usar para colocar algum equipamento ou usar como espa\u00e7o de apoio. <\/p>\n<p>Erivaldo destacou que nos pr\u00f3ximos anos vai analisar se o camarote vai voltar a ser realizado ou n\u00e3o.<\/p>\n<h2 class=\"wp-block-heading\" id=\"h-reembolso-para-folioes\">Reembolso para foli\u00f5es<\/h2>\n<p>Os clientes que j\u00e1 haviam adquirido ingressos para o Camarote Central Mix poder\u00e3o solicitar o reembolso a partir da pr\u00f3xima segunda-feira, 10 de mar\u00e7o, no Centro Comercial Maria Luiza.<\/p>\n<p>Al\u00e9m da devolu\u00e7\u00e3o do valor pago, os foli\u00f5es tamb\u00e9m ter\u00e3o a op\u00e7\u00e3o de converter o ingresso para festas que ser\u00e3o realizadas no Aria Hall:<\/p>\n<p>Toque na M\u00e1xima \u2013 22 de mar\u00e7o<br \/>P\u00e9ricles \u2013 12 de abril<\/p>\n<p><strong>Leia tamb\u00e9m<\/strong><\/p>\n<p><a href=\"https:\/\/www.acordacidade.com.br\/micareta\/camarote-central-mix-vai-iniciar-processo-de-reembolso-apos-confirmar-desistencia-da-micareta-de-feira\/\">Camarote Central Mix vai iniciar processo de reembolso ap\u00f3s confirmar desist\u00eancia da Micareta de Feira<\/a><\/p>\n<p><a href=\"https:\/\/www.acordacidade.com.br\/micareta\/camarote-central-mix-esta-de-fora-da-micareta-de-feira-2025-informa-empresario\/\">Camarote Central Mix est\u00e1 fora da Micareta de Feira 2025, informa empres\u00e1rio<\/a><\/p>\n<p><em>Siga o Acorda Cidade no<\/em><a href=\"https:\/\/news.google.com\/search?q=acorda%20cidade&amp;hl=pt-BR&amp;gl=BR&amp;ceid=BR%3Apt-419\"><strong><em> Google Not\u00edcias<\/em><\/strong><\/a><em> e receba os principais destaques do dia. Participe tamb\u00e9m dos nossos canais no <\/em><a href=\"https:\/\/whatsapp.com\/channel\/0029Va6Rb4v3WHTNnsh8WI3N\"><strong><em>WhatsApp<\/em><\/strong><\/a><em> e <\/em><a href=\"https:\/\/www.youtube.com\/@acordacidadenoticias\/videos\"><strong>Youtube<\/strong><\/a><em> e grupo de <\/em><a href=\"https:\/\/t.me\/+sSz0khrgARA0ZmRh\"><strong><em>Telegram<\/em><\/strong><\/a><em>.<\/em><\/p>\n<\/div>\n","protected":false},"excerpt":{"rendered":"<div>\n<div>\n<figure><img decoding=\"async\" src=\"https:\/\/uploads.acordacidade.com.br\/wp-content\/uploads\/2024\/04\/21214836\/Leo-Santana-na-Micareta-ft-Jaqueline-Ferreira-Acorda-Cidade12.jpg\" alt=\"L\u00e9o Santana na Micareta ft Jaqueline Ferreira Acorda Cidade\"><figcaption>Foto: Jaqueline Ferreira \/ Acorda Cidade <\/figcaption><\/figure>\n<\/div>\n<p>Erivaldo observou que o Carnaval de Salvador \u00e9 uma festa sustentada por pessoas que v\u00eam de fora, por\u00e9m o mesmo n\u00e3o acontece com a Micareta.<\/p><\/div>\n","protected":false},"author":1,"featured_media":77280,"comment_status":"closed","ping_status":"closed","sticky":false,"template":"","format":"gallery","meta":{"footnotes":""},"categories":[8,9,6,57,56,10],"tags":[],"class_list":["post-77279","post","type-post","status-publish","format-gallery","has-post-thumbnail","hentry","category-bahia","category-brasil","category-feira-de-santana","category-mundo","category-policia","category-politica","post_format-post-format-gallery"],"featured_image_urls":{"full":["https:\/\/noticiasbahia360.com.br\/wp-content\/uploads\/2025\/03\/Leo-Santana-na-Micareta-ft-Jaqueline-Ferreira-Acorda-Cidade12.jpg",640,449,false],"thumbnail":["https:\/\/noticiasbahia360.com.br\/wp-content\/uploads\/2025\/03\/Leo-Santana-na-Micareta-ft-Jaqueline-Ferreira-Acorda-Cidade12-150x150.jpg",150,150,true],"medium":["https:\/\/noticiasbahia360.com.br\/wp-content\/uploads\/2025\/03\/Leo-Santana-na-Micareta-ft-Jaqueline-Ferreira-Acorda-Cidade12-300x210.jpg",300,210,true],"medium_large":["https:\/\/noticiasbahia360.com.br\/wp-content\/uploads\/2025\/03\/Leo-Santana-na-Micareta-ft-Jaqueline-Ferreira-Acorda-Cidade12.jpg",640,449,false],"large":["https:\/\/noticiasbahia360.com.br\/wp-content\/uploads\/2025\/03\/Leo-Santana-na-Micareta-ft-Jaqueline-Ferreira-Acorda-Cidade12.jpg",640,449,false],"1536x1536":["https:\/\/noticiasbahia360.com.br\/wp-content\/uploads\/2025\/03\/Leo-Santana-na-Micareta-ft-Jaqueline-Ferreira-Acorda-Cidade12.jpg",640,449,false],"2048x2048":["https:\/\/noticiasbahia360.com.br\/wp-content\/uploads\/2025\/03\/Leo-Santana-na-Micareta-ft-Jaqueline-Ferreira-Acorda-Cidade12.jpg",640,449,false],"chromenews-featured":["https:\/\/noticiasbahia360.com.br\/wp-content\/uploads\/2025\/03\/Leo-Santana-na-Micareta-ft-Jaqueline-Ferreira-Acorda-Cidade12.jpg",640,449,false],"chromenews-large":["https:\/\/noticiasbahia360.com.br\/wp-content\/uploads\/2025\/03\/Leo-Santana-na-Micareta-ft-Jaqueline-Ferreira-Acorda-Cidade12.jpg",640,449,false],"chromenews-medium":["https:\/\/noticiasbahia360.com.br\/wp-content\/uploads\/2025\/03\/Leo-Santana-na-Micareta-ft-Jaqueline-Ferreira-Acorda-Cidade12-590x410.jpg",590,410,true]},"author_info":{"display_name":"noticiasbahia360.com.br","author_link":"https:\/\/noticiasbahia360.com.br\/?author=1"},"category_info":"<a href=\"https:\/\/noticiasbahia360.com.br\/?cat=8\" rel=\"category\">Bahia<\/a> <a href=\"https:\/\/noticiasbahia360.com.br\/?cat=9\" rel=\"category\">Brasil<\/a> <a href=\"https:\/\/noticiasbahia360.com.br\/?cat=6\" rel=\"category\">Feira de Santana<\/a> <a href=\"https:\/\/noticiasbahia360.com.br\/?cat=57\" rel=\"category\">Mundo<\/a> <a href=\"https:\/\/noticiasbahia360.com.br\/?cat=56\" rel=\"category\">Pol\u00edcia<\/a> <a href=\"https:\/\/noticiasbahia360.com.br\/?cat=10\" rel=\"category\">Pol\u00edtica<\/a>","tag_info":"Pol\u00edtica","comment_count":"0","_links":{"self":[{"href":"https:\/\/noticiasbahia360.com.br\/index.php?rest_route=\/wp\/v2\/posts\/77279","targetHints":{"allow":["GET"]}}],"collection":[{"href":"https:\/\/noticiasbahia360.com.br\/index.php?rest_route=\/wp\/v2\/posts"}],"about":[{"href":"https:\/\/noticiasbahia360.com.br\/index.php?rest_route=\/wp\/v2\/types\/post"}],"author":[{"embeddable":true,"href":"https:\/\/noticiasbahia360.com.br\/index.php?rest_route=\/wp\/v2\/users\/1"}],"replies":[{"embeddable":true,"href":"https:\/\/noticiasbahia360.com.br\/index.php?rest_route=%2Fwp%2Fv2%2Fcomments&post=77279"}],"version-history":[{"count":0,"href":"https:\/\/noticiasbahia360.com.br\/index.php?rest_route=\/wp\/v2\/posts\/77279\/revisions"}],"wp:featuredmedia":[{"embeddable":true,"href":"https:\/\/noticiasbahia360.com.br\/index.php?rest_route=\/wp\/v2\/media\/77280"}],"wp:attachment":[{"href":"https:\/\/noticiasbahia360.com.br\/index.php?rest_route=%2Fwp%2Fv2%2Fmedia&parent=77279"}],"wp:term":[{"taxonomy":"category","embeddable":true,"href":"https:\/\/noticiasbahia360.com.br\/index.php?rest_route=%2Fwp%2Fv2%2Fcategories&post=77279"},{"taxonomy":"post_tag","embeddable":true,"href":"https:\/\/noticiasbahia360.com.br\/index.php?rest_route=%2Fwp%2Fv2%2Ftags&post=77279"}],"curies":[{"name":"wp","href":"https:\/\/api.w.org\/{rel}","templated":true}]}}