{"id":77282,"date":"2025-03-06T13:50:14","date_gmt":"2025-03-06T16:50:14","guid":{"rendered":"https:\/\/noticiasbahia360.com.br\/?p=77282"},"modified":"2025-03-06T13:50:14","modified_gmt":"2025-03-06T16:50:14","slug":"escola-de-tempo-integral-conheca-como-funciona-esse-modelo-de-ensino-na-bahia","status":"publish","type":"post","link":"https:\/\/noticiasbahia360.com.br\/?p=77282","title":{"rendered":"Escola de Tempo Integral: conhe\u00e7a como funciona esse modelo de ensino na Bahia"},"content":{"rendered":"<div>\n<div>\n<figure><img decoding=\"async\" src=\"http:\/\/noticiasbahia360.com.br\/wp-content\/uploads\/2025\/03\/escola-tempo-integral-.jpg\" alt=\"escola tempo integral\"><figcaption>Foto: Ney Silva\/Acorda Cidade<\/figcaption><\/figure>\n<\/div>\n<p>A educa\u00e7\u00e3o em tempo integral nas escolas \u00e9 um modelo que amplia o per\u00edodo de perman\u00eancia dos alunos na escola, oferecendo aux\u00edlio pedag\u00f3gico espec\u00edfico e uma variedade de atividades extracurriculares, al\u00e9m das aulas tradicionais. Feira de Santana possui tr\u00eas escolas estaduais neste modelo. O Acorda Cidade esteve em uma delas, na escola Georgina de Melo Erisman, no bairro Olhos D\u2019\u00c1gua, para conhecer como funcionam as atividades.<\/p>\n<p>A professora B\u00e1rbara Pinheiro, que \u00e9 vice-diretora da escola, destacou que ela funciona ofertando uma educa\u00e7\u00e3o de tempo integral ao aluno, ent\u00e3o ele fica a maior parte do tempo na escola, iniciando as aulas \u00e0s 7h30 e finalizando \u00e0s 15h. Ap\u00f3s esse per\u00edodo a escola oferta oficinas art\u00edsticas, refor\u00e7o de aprendizagem, pr\u00e1ticas esportivas, autoconhecimento e autocuidado. Al\u00e9m disso, os alunos fazem tr\u00eas refei\u00e7\u00f5es na escola.<\/p>\n<p>\u201cO foco \u00e9 trabalhar numa educa\u00e7\u00e3o integral, ent\u00e3o o objetivo n\u00e3o \u00e9 cuidar somente da parte pedag\u00f3gica, mas cuidar do estudante como um todo. A escola de tempo integral oferta maiores possibilidades do que uma de tempo parcial. Nesse modelo o aluno tem um tempo ampliado de estudos. Adotamos a carga hor\u00e1rio de 35 horas semanais. O aluno tem sete aulas por dia, cinco no turno de manh\u00e3, tem o intervalo no almo\u00e7o, e a tarde retornamos com mais duas aulas. Ap\u00f3s as 15h, \u00e9 o momento das oficinas. Lembrando que todos os nossos estudantes t\u00eam direito a alimenta\u00e7\u00e3o escolar refor\u00e7ada, assim como o almo\u00e7o\u201d, destacou a diretora.<\/p>\n<figure class=\"wp-block-image size-large\"><img fetchpriority=\"high\" fetchpriority=\"high\" decoding=\"async\" width=\"1024\" height=\"768\" src=\"http:\/\/noticiasbahia360.com.br\/wp-content\/uploads\/2025\/03\/4LfGDB6M-escola-tempo-integral1-1024x768-1.webp\" alt=\"escola tempo integral\" class=\"wp-image-507088\" srcset=\"https:\/\/uploads.acordacidade.com.br\/2025\/02\/4LfGDB6M-escola-tempo-integral1-300x225.webp 300w, http:\/\/noticiasbahia360.com.br\/wp-content\/uploads\/2025\/03\/4LfGDB6M-escola-tempo-integral1-1024x768-1.webp 1024w, https:\/\/uploads.acordacidade.com.br\/2025\/02\/4LfGDB6M-escola-tempo-integral1-768x576.webp 768w, https:\/\/uploads.acordacidade.com.br\/2025\/02\/4LfGDB6M-escola-tempo-integral1-1536x1152.webp 1536w, https:\/\/uploads.acordacidade.com.br\/2025\/02\/4LfGDB6M-escola-tempo-integral1-150x113.webp 150w, https:\/\/uploads.acordacidade.com.br\/2025\/02\/4LfGDB6M-escola-tempo-integral1.webp 1920w\" sizes=\"(max-width: 1024px) 100vw, 1024px\"><figcaption class=\"wp-element-caption\">Foto: Ney Silva\/Acorda Cidade<\/figcaption><\/figure>\n<p>Para que o aluno se adapte as horas no ambiente escolar, B\u00e1rbara Pinheiro informa que a escola realiza um trabalho de conscientiza\u00e7\u00e3o, tanto com os pr\u00f3prios alunos, como com os pais. Segundo ela, esse \u00e9 um dos maiores desafios enfrentados pela institui\u00e7\u00e3o.<\/p>\n<p>\u201cTrabalhamos muito com a conscientiza\u00e7\u00e3o. Desde o momento da matr\u00edcula n\u00f3s falamos com os pais da import\u00e2ncia desse aluno estar na escola dentro da carga hor\u00e1ria, e tamb\u00e9m com o pr\u00f3prio aluno sobre a import\u00e2ncia de ele aproveitar ao m\u00e1ximo essa oportunidade de estar na escola. \u00c0s vezes, por uma quest\u00e3o de necessidade, a fam\u00edlia quer que o estudante saia mais cedo para dar um apoio nas demandas familiares e com isso existe certa resist\u00eancia, mas a gente tem trabalhado para explicar a import\u00e2ncia desse tempo para que o aluno esteja na escola\u201d, ressaltou ao Acorda Cidade.<\/p>\n<p>Com rela\u00e7\u00e3o a quantidade de professores para dar suporte aos alunos em todas as aulas e atividades dispon\u00edveis, a diretora afirmou que o quadro est\u00e1 completo, com alguns ajustes sendo feitos j\u00e1 que houve o aumento da oferta de turmas neste ano de 2025. \u201cDe uma forma r\u00e1pida a diretoria tem conseguido junto ao N\u00facleo Territorial de Educa\u00e7\u00e3o (NTE) suprir essas car\u00eancias\u201d, frisou. \u00a0<\/p>\n<h2 class=\"wp-block-heading\" id=\"h-ampliacao-da-oferta-de-vagas\">Amplia\u00e7\u00e3o da oferta de vagas<\/h2>\n<p>De acordo com a professora B\u00e1rbara Pinheiro, atualmente a escola ainda mant\u00e9m a oferta de vagas para o ensino fundamental II, mas essa oferta est\u00e1 deixando de existir de forma gradativa, desta forma, ocorre a amplia\u00e7\u00e3o de vagas para o ensino m\u00e9dio.<\/p>\n<p>\u201cNo ano passado ofertamos turmas a partir do sexto ano, esse ano j\u00e1 n\u00e3o abrimos matr\u00edculas para essa s\u00e9rie. Ent\u00e3o temos aulas do 7\u00ba ao 3\u00ba ano e a expectativa \u00e9 que o ensino fundamental seja retirado de forma gradativa e a escola amplie a oferta em turmas de ensino m\u00e9dio e ensino m\u00e9dio t\u00e9cnico\u201d, informou.<\/p>\n<p><em>Com informa\u00e7\u00f5es do rep\u00f3rter Ney Silva do Acorda Cidade<\/em><\/p>\n<p><em>Siga o Acorda Cidade no<\/em><a href=\"https:\/\/news.google.com\/search?q=acorda%20cidade&amp;hl=pt-BR&amp;gl=BR&amp;ceid=BR%3Apt-419\"><strong><em> Google Not\u00edcias<\/em><\/strong><\/a><em> e receba os principais destaques do dia. Participe tamb\u00e9m dos nossos canais no <\/em><a href=\"https:\/\/whatsapp.com\/channel\/0029Va6Rb4v3WHTNnsh8WI3N\"><strong><em>WhatsApp<\/em><\/strong><\/a><em> e <\/em><a href=\"https:\/\/www.youtube.com\/@acordacidadenoticias\/videos\"><strong>Youtube<\/strong><\/a><em> e grupo de <\/em><a href=\"https:\/\/t.me\/+sSz0khrgARA0ZmRh\"><strong><em>Telegram<\/em><\/strong><\/a><em>.<\/em><\/p>\n<\/div>\n","protected":false},"excerpt":{"rendered":"<div>\n<div>\n<figure><img decoding=\"async\" src=\"https:\/\/uploads.acordacidade.com.br\/2025\/02\/escola-tempo-integral-.jpg\" alt=\"escola tempo integral\"><figcaption>Foto: Ney Silva\/Acorda Cidade<\/figcaption><\/figure>\n<\/div>\n<p>O Acorda Cidade esteve em uma delas, na escola Georgina de Melo Erisman, no bairro Olhos D\u2019\u00c1gua, para conhecer como funcionam as atividades.<\/p><\/div>\n","protected":false},"author":1,"featured_media":77283,"comment_status":"closed","ping_status":"closed","sticky":false,"template":"","format":"gallery","meta":{"footnotes":""},"categories":[8,9,6,57,56,10],"tags":[],"class_list":["post-77282","post","type-post","status-publish","format-gallery","has-post-thumbnail","hentry","category-bahia","category-brasil","category-feira-de-santana","category-mundo","category-policia","category-politica","post_format-post-format-gallery"],"featured_image_urls":{"full":["https:\/\/noticiasbahia360.com.br\/wp-content\/uploads\/2025\/03\/escola-tempo-integral-.jpg",1920,1440,false],"thumbnail":["https:\/\/noticiasbahia360.com.br\/wp-content\/uploads\/2025\/03\/escola-tempo-integral--150x150.jpg",150,150,true],"medium":["https:\/\/noticiasbahia360.com.br\/wp-content\/uploads\/2025\/03\/escola-tempo-integral--300x225.jpg",300,225,true],"medium_large":["https:\/\/noticiasbahia360.com.br\/wp-content\/uploads\/2025\/03\/escola-tempo-integral--768x576.jpg",640,480,true],"large":["https:\/\/noticiasbahia360.com.br\/wp-content\/uploads\/2025\/03\/escola-tempo-integral--1024x768.jpg",640,480,true],"1536x1536":["https:\/\/noticiasbahia360.com.br\/wp-content\/uploads\/2025\/03\/escola-tempo-integral--1536x1152.jpg",1536,1152,true],"2048x2048":["https:\/\/noticiasbahia360.com.br\/wp-content\/uploads\/2025\/03\/escola-tempo-integral-.jpg",1920,1440,false],"chromenews-featured":["https:\/\/noticiasbahia360.com.br\/wp-content\/uploads\/2025\/03\/escola-tempo-integral--1024x768.jpg",1024,768,true],"chromenews-large":["https:\/\/noticiasbahia360.com.br\/wp-content\/uploads\/2025\/03\/escola-tempo-integral--825x575.jpg",825,575,true],"chromenews-medium":["https:\/\/noticiasbahia360.com.br\/wp-content\/uploads\/2025\/03\/escola-tempo-integral--590x410.jpg",590,410,true]},"author_info":{"display_name":"noticiasbahia360.com.br","author_link":"https:\/\/noticiasbahia360.com.br\/?author=1"},"category_info":"<a href=\"https:\/\/noticiasbahia360.com.br\/?cat=8\" rel=\"category\">Bahia<\/a> <a href=\"https:\/\/noticiasbahia360.com.br\/?cat=9\" rel=\"category\">Brasil<\/a> <a href=\"https:\/\/noticiasbahia360.com.br\/?cat=6\" rel=\"category\">Feira de Santana<\/a> <a href=\"https:\/\/noticiasbahia360.com.br\/?cat=57\" rel=\"category\">Mundo<\/a> <a href=\"https:\/\/noticiasbahia360.com.br\/?cat=56\" rel=\"category\">Pol\u00edcia<\/a> <a href=\"https:\/\/noticiasbahia360.com.br\/?cat=10\" rel=\"category\">Pol\u00edtica<\/a>","tag_info":"Pol\u00edtica","comment_count":"0","_links":{"self":[{"href":"https:\/\/noticiasbahia360.com.br\/index.php?rest_route=\/wp\/v2\/posts\/77282","targetHints":{"allow":["GET"]}}],"collection":[{"href":"https:\/\/noticiasbahia360.com.br\/index.php?rest_route=\/wp\/v2\/posts"}],"about":[{"href":"https:\/\/noticiasbahia360.com.br\/index.php?rest_route=\/wp\/v2\/types\/post"}],"author":[{"embeddable":true,"href":"https:\/\/noticiasbahia360.com.br\/index.php?rest_route=\/wp\/v2\/users\/1"}],"replies":[{"embeddable":true,"href":"https:\/\/noticiasbahia360.com.br\/index.php?rest_route=%2Fwp%2Fv2%2Fcomments&post=77282"}],"version-history":[{"count":0,"href":"https:\/\/noticiasbahia360.com.br\/index.php?rest_route=\/wp\/v2\/posts\/77282\/revisions"}],"wp:featuredmedia":[{"embeddable":true,"href":"https:\/\/noticiasbahia360.com.br\/index.php?rest_route=\/wp\/v2\/media\/77283"}],"wp:attachment":[{"href":"https:\/\/noticiasbahia360.com.br\/index.php?rest_route=%2Fwp%2Fv2%2Fmedia&parent=77282"}],"wp:term":[{"taxonomy":"category","embeddable":true,"href":"https:\/\/noticiasbahia360.com.br\/index.php?rest_route=%2Fwp%2Fv2%2Fcategories&post=77282"},{"taxonomy":"post_tag","embeddable":true,"href":"https:\/\/noticiasbahia360.com.br\/index.php?rest_route=%2Fwp%2Fv2%2Ftags&post=77282"}],"curies":[{"name":"wp","href":"https:\/\/api.w.org\/{rel}","templated":true}]}} 