{"id":77285,"date":"2025-03-06T14:46:23","date_gmt":"2025-03-06T17:46:23","guid":{"rendered":"https:\/\/noticiasbahia360.com.br\/?p=77285"},"modified":"2025-03-06T14:46:23","modified_gmt":"2025-03-06T17:46:23","slug":"cuca-uefs-abre-matriculas-em-mais-de-800-vagas-para-oficinas-artisticas","status":"publish","type":"post","link":"https:\/\/noticiasbahia360.com.br\/?p=77285","title":{"rendered":"Cuca\/Uefs abre matr\u00edculas em mais de 800 vagas para oficinas art\u00edsticas"},"content":{"rendered":"<div>\n<div>\n<figure><img decoding=\"async\" src=\"http:\/\/noticiasbahia360.com.br\/wp-content\/uploads\/2025\/03\/Foto-Ney-Silva-Acorda-Cidade-Cuca.2.jpg\" alt=\"Cuca\"><figcaption>Foto: Ney Silva\/Acorda Cidade<\/figcaption><\/figure>\n<\/div>\n<p>Entre os dias 6 e 13 de mar\u00e7o, o Centro Universit\u00e1rio de Cultura e Arte da Uefs (Cuca\/Uefs) abre matr\u00edculas em mais de 800 vagas remanescentes para oficinas art\u00edsticas no semestre 2025.1. As vagas dispon\u00edveis correspondem \u00e0quelas que n\u00e3o foram preenchidas por estudantes da casa ou pelos inscritos em sorteio eletr\u00f4nico. A matr\u00edcula \u00e9 inteiramente online e realizada atrav\u00e9s do site\u00a0<a href=\"https:\/\/siac.uefs.br\/\" target=\"_blank\" rel=\"noreferrer noopener\">https:\/\/siac.uefs.br<\/a>\u00a0por ordem de chegada.<\/p>\n<p>Para se matricular, \u00e9 necess\u00e1rio realizar o cadastro no site do Siac (Sistema Integrado de Arte e Cultura,\u00a0<a href=\"https:\/\/siac.uefs.br\/\" target=\"_blank\" rel=\"noreferrer noopener\">https:\/\/siac.uefs.br<\/a>) e selecionar a oficina desejada. A matr\u00edcula ser\u00e1 efetivada mediante o pagamento do boleto no valor de R$ 120,00 ou de R$ 60,00 para aqueles aptos \u00e0 isen\u00e7\u00e3o parcial (n\u00e3o h\u00e1 mensalidades, a taxa \u00e9 v\u00e1lida para todo o semestre 2025.1). Existem crit\u00e9rios para isen\u00e7\u00e3o parcial ou total de pagamento da taxa de matr\u00edcula que podem ser acessados no edital:\u00a0<a href=\"https:\/\/cuca.uefs.br\/oficinas-4\" target=\"_blank\" rel=\"noreferrer noopener\">https:\/\/cuca.uefs.br\/oficinas-4<\/a>.<\/p>\n<p>As oficinas abrangem as \u00e1reas art\u00edsticas de Teatro, M\u00fasica e Artes Visuais e Dan\u00e7a e Atividades Corporais. \u00c9 poss\u00edvel acessar as vagas dispon\u00edveis atrav\u00e9s do site\u00a0<a href=\"https:\/\/siac.uefs.br\/\" target=\"_blank\" rel=\"noreferrer noopener\">https:\/\/siac.uefs.br<\/a>.<\/p>\n<p>As aulas ir\u00e3o come\u00e7ar a partir do dia 10 de mar\u00e7o e seguir\u00e3o at\u00e9 o dia 07 de junho.<br \/>Para mais informa\u00e7\u00f5es, acesse o site\u00a0<a href=\"https:\/\/cuca.uefs.br\/oficinas-4\" target=\"_blank\" rel=\"noreferrer noopener\">https:\/\/cuca.uefs.br\/oficinas-4<\/a>.<\/p>\n<p>Em caso de d\u00favidas, \u00e9 poss\u00edvel entrar em contato atrav\u00e9s do e-mail\u00a0<a href=\"mailto:cuca@uefs.br\" target=\"_blank\" rel=\"noreferrer noopener\">cuca@uefs.br<\/a>, o telefone (75) 3615-5650 ou atrav\u00e9s do WhatsApp (75) 99905-2109 (apenas mensagens de texto).<\/p>\n<p><em>Siga o Acorda Cidade no<\/em><a href=\"https:\/\/news.google.com\/search?q=acorda%20cidade&amp;hl=pt-BR&amp;gl=BR&amp;ceid=BR%3Apt-419\"><strong><em>\u00a0Google Not\u00edcias<\/em><\/strong><\/a><em>\u00a0e receba os principais destaques do dia. Participe tamb\u00e9m dos nossos canais no\u00a0<\/em><a href=\"https:\/\/whatsapp.com\/channel\/0029Va6Rb4v3WHTNnsh8WI3N\"><strong><em>WhatsApp<\/em><\/strong><\/a><em>\u00a0e\u00a0<\/em><a href=\"https:\/\/www.youtube.com\/@acordacidadenoticias\/videos\"><strong>Youtube<\/strong><\/a><em>\u00a0e grupo de\u00a0<\/em><a href=\"https:\/\/t.me\/+sSz0khrgARA0ZmRh\"><strong><em>Telegram<\/em><\/strong><\/a><em>.<\/em><\/p>\n<\/div>\n","protected":false},"excerpt":{"rendered":"<div>\n<div>\n<figure><img decoding=\"async\" src=\"https:\/\/uploads.acordacidade.com.br\/wp-content\/uploads\/2023\/03\/10065205\/Foto-Ney-Silva-Acorda-Cidade-Cuca.2.jpg\" alt=\"Cuca\"><figcaption>Foto: Ney Silva\/Acorda Cidade<\/figcaption><\/figure>\n<\/div>\n<p>As vagas dispon\u00edveis correspondem \u00e0quelas que n\u00e3o foram preenchidas por estudantes da casa ou pelos inscritos em sorteio eletr\u00f4nico.<\/p><\/div>\n","protected":false},"author":1,"featured_media":77286,"comment_status":"closed","ping_status":"closed","sticky":false,"template":"","format":"gallery","meta":{"footnotes":""},"categories":[8,9,6,57,56,10],"tags":[],"class_list":["post-77285","post","type-post","status-publish","format-gallery","has-post-thumbnail","hentry","category-bahia","category-brasil","category-feira-de-santana","category-mundo","category-policia","category-politica","post_format-post-format-gallery"],"featured_image_urls":{"full":["https:\/\/noticiasbahia360.com.br\/wp-content\/uploads\/2025\/03\/Foto-Ney-Silva-Acorda-Cidade-Cuca.2.jpg",640,480,false],"thumbnail":["https:\/\/noticiasbahia360.com.br\/wp-content\/uploads\/2025\/03\/Foto-Ney-Silva-Acorda-Cidade-Cuca.2-150x150.jpg",150,150,true],"medium":["https:\/\/noticiasbahia360.com.br\/wp-content\/uploads\/2025\/03\/Foto-Ney-Silva-Acorda-Cidade-Cuca.2-300x225.jpg",300,225,true],"medium_large":["https:\/\/noticiasbahia360.com.br\/wp-content\/uploads\/2025\/03\/Foto-Ney-Silva-Acorda-Cidade-Cuca.2.jpg",640,480,false],"large":["https:\/\/noticiasbahia360.com.br\/wp-content\/uploads\/2025\/03\/Foto-Ney-Silva-Acorda-Cidade-Cuca.2.jpg",640,480,false],"1536x1536":["https:\/\/noticiasbahia360.com.br\/wp-content\/uploads\/2025\/03\/Foto-Ney-Silva-Acorda-Cidade-Cuca.2.jpg",640,480,false],"2048x2048":["https:\/\/noticiasbahia360.com.br\/wp-content\/uploads\/2025\/03\/Foto-Ney-Silva-Acorda-Cidade-Cuca.2.jpg",640,480,false],"chromenews-featured":["https:\/\/noticiasbahia360.com.br\/wp-content\/uploads\/2025\/03\/Foto-Ney-Silva-Acorda-Cidade-Cuca.2.jpg",640,480,false],"chromenews-large":["https:\/\/noticiasbahia360.com.br\/wp-content\/uploads\/2025\/03\/Foto-Ney-Silva-Acorda-Cidade-Cuca.2.jpg",640,480,false],"chromenews-medium":["https:\/\/noticiasbahia360.com.br\/wp-content\/uploads\/2025\/03\/Foto-Ney-Silva-Acorda-Cidade-Cuca.2-590x410.jpg",590,410,true]},"author_info":{"display_name":"noticiasbahia360.com.br","author_link":"https:\/\/noticiasbahia360.com.br\/?author=1"},"category_info":"<a href=\"https:\/\/noticiasbahia360.com.br\/?cat=8\" rel=\"category\">Bahia<\/a> <a href=\"https:\/\/noticiasbahia360.com.br\/?cat=9\" rel=\"category\">Brasil<\/a> <a href=\"https:\/\/noticiasbahia360.com.br\/?cat=6\" rel=\"category\">Feira de Santana<\/a> <a href=\"https:\/\/noticiasbahia360.com.br\/?cat=57\" rel=\"category\">Mundo<\/a> <a href=\"https:\/\/noticiasbahia360.com.br\/?cat=56\" rel=\"category\">Pol\u00edcia<\/a> <a href=\"https:\/\/noticiasbahia360.com.br\/?cat=10\" rel=\"category\">Pol\u00edtica<\/a>","tag_info":"Pol\u00edtica","comment_count":"0","_links":{"self":[{"href":"https:\/\/noticiasbahia360.com.br\/index.php?rest_route=\/wp\/v2\/posts\/77285","targetHints":{"allow":["GET"]}}],"collection":[{"href":"https:\/\/noticiasbahia360.com.br\/index.php?rest_route=\/wp\/v2\/posts"}],"about":[{"href":"https:\/\/noticiasbahia360.com.br\/index.php?rest_route=\/wp\/v2\/types\/post"}],"author":[{"embeddable":true,"href":"https:\/\/noticiasbahia360.com.br\/index.php?rest_route=\/wp\/v2\/users\/1"}],"replies":[{"embeddable":true,"href":"https:\/\/noticiasbahia360.com.br\/index.php?rest_route=%2Fwp%2Fv2%2Fcomments&post=77285"}],"version-history":[{"count":0,"href":"https:\/\/noticiasbahia360.com.br\/index.php?rest_route=\/wp\/v2\/posts\/77285\/revisions"}],"wp:featuredmedia":[{"embeddable":true,"href":"https:\/\/noticiasbahia360.com.br\/index.php?rest_route=\/wp\/v2\/media\/77286"}],"wp:attachment":[{"href":"https:\/\/noticiasbahia360.com.br\/index.php?rest_route=%2Fwp%2Fv2%2Fmedia&parent=77285"}],"wp:term":[{"taxonomy":"category","embeddable":true,"href":"https:\/\/noticiasbahia360.com.br\/index.php?rest_route=%2Fwp%2Fv2%2Fcategories&post=77285"},{"taxonomy":"post_tag","embeddable":true,"href":"https:\/\/noticiasbahia360.com.br\/index.php?rest_route=%2Fwp%2Fv2%2Ftags&post=77285"}],"curies":[{"name":"wp","href":"https:\/\/api.w.org\/{rel}","templated":true}]}} 