{"id":77287,"date":"2025-03-06T14:46:24","date_gmt":"2025-03-06T17:46:24","guid":{"rendered":"https:\/\/noticiasbahia360.com.br\/?p=77287"},"modified":"2025-03-06T14:46:24","modified_gmt":"2025-03-06T17:46:24","slug":"pracas-esportivas-dos-distritos-e-sede-de-feira-estao-em-situacao-de-abandono-diz-camara-de-vereadores","status":"publish","type":"post","link":"https:\/\/noticiasbahia360.com.br\/?p=77287","title":{"rendered":"Pra\u00e7as esportivas dos distritos e sede de Feira est\u00e3o em situa\u00e7\u00e3o de abandono, diz C\u00e2mara de Vereadores"},"content":{"rendered":"<div>\n<div>\n<figure><img decoding=\"async\" src=\"http:\/\/noticiasbahia360.com.br\/wp-content\/uploads\/2025\/03\/pracasesportivas_reproducao_camaradevereadores.jpg\" alt=\"Pra\u00e7a Esportiva\"><figcaption>Foto: Foto; Mandato vereador Lulinha da Gente<\/figcaption><\/figure>\n<\/div>\n<p>Com um longo tempo sem manuten\u00e7\u00e3o por parte do poder p\u00fablico municipal, diversas pra\u00e7as esportivas dos distritos e da sede de Feira de Santana est\u00e3o precisando \u201curgentemente\u201d de revitaliza\u00e7\u00e3o. <\/p>\n<p>A reclama\u00e7\u00e3o foi feita pelo vereador Lulinha da Gente (UB), na sess\u00e3o desta quinta-feira (6), em que classificou a situa\u00e7\u00e3o como de \u201cpraticamente abandono\u201d. Segundo ele, o problema decorre da gest\u00e3o passada, quando os administradores dos equipamentos foram exonerados e os locais \u201cficaram fechados e entregues \u00e0 a\u00e7\u00e3o de v\u00e2ndalos\u201d.<\/p>\n<p>Segundo ele, houve roubo de instala\u00e7\u00f5es el\u00e9tricas e v\u00e1rios equipamentos: \u201cDesta forma, precisamos urgentemente da recomposicao destas pra\u00e7as de esportes. Algumas precisam de interven\u00e7\u00f5es simples, como limpeza. J\u00e1 outras, possuem dificuldades que exigem passar por reforma\u201d. <\/p>\n<p>O est\u00e1dio da Esta\u00e7\u00e3o Nova, das mais famosas de Feira, \u201conde aconteciam os maiores campeonatos\u201d, segundo Lulinha, \u00e9 um exemplo.<\/p>\n<p>Necessita de constru\u00e7\u00e3o de quiosques, vesti\u00e1rios e uma pracinha. Em Tiquaru\u00e7u, a pra\u00e7a est\u00e1 precisando de \u201crequalifica\u00e7\u00e3o urgente\u201d, disse. <\/p>\n<p>No distrito de Ja\u00edba, n\u00e3o tem caixa de \u00e1gua, o alambrado do equipamento esportivo caiu e a ilumina\u00e7\u00e3o foi furtada.<\/p>\n<p>Condi\u00e7\u00f5es semelhantes, est\u00e3o sendo enfrentadas pelos desportistas dos distritos de Matinha e Humildes. Mesmo ainda sem ter sido inaugurada, a que se localiza na comunidade da Mantiba j\u00e1 precisa de servi\u00e7os de reforma e de pintura.<\/p>\n<p>A pra\u00e7a Irm\u00e3o L\u00e1zaro tambem necessita de ajustes no local em que \u00e9 afixada a tela.<br \/>Vivenciando uma das situa\u00e7\u00f5es mais graves, conforme relato do parlamentar, a pra\u00e7a esportiva do bairro George Am\u00e9rico est\u00e1 com telas esburacadas e pode provocar algum incidente.<\/p>\n<p>\u201cDurante os jogos, a bola tem atravessado e tem atingido os ve\u00edculos que passam na rua\u201d, alertou Lulinha.<\/p>\n<p>Problemas com alambrado caindo foram detectados ainda na pra\u00e7a esportiva do Campo Limpo. \u201cAcredito que o prefeito Jos\u00e9 Ronaldo dever\u00e1 trabalhar para resolver isto. Inclusive, conversei com o superintendente Jo\u00e3o Vianey apresentando esta situa\u00e7\u00e3o\u201d, garantiu. O vereador acrescentou que tem feito iniciativas junto ao deputado estadual Gabriel Nunes, no intuito de conseguir recursos para a melhoria de pra\u00e7as esportivas.<\/p>\n<p><strong>Jean Caverna e Pastor Valdemir refor\u00e7am as reclama\u00e7\u00f5es<\/strong><\/p>\n<p>Em visita ao equipamento esportivo do George Am\u00e9rico, na semana passada, informou Gean Caverna (Podemos), foi constatado pelo seu mandato a veracidade dos relatos do colega de Legislativo. <\/p>\n<p>\u201cTodo o alambrado est\u00e1 danificado, podendo resultar na quebra de vidros ou telhado de algu\u00e9m. Esporte \u00e9 vida. Temos que ter aten\u00e7\u00e3o a isto e fortalecer as iniciativas esportivas em nosso Munic\u00edpio\u201d, ressaltou. Para Pastor Valdemir (PP), as m\u00e1s condi\u00e7\u00f5es de funcionamento est\u00e3o presentes em 100% das pra\u00e7as esportivas feirenses. Precisa de socorro. N\u00e3o encontramos nenhuma delas em condi\u00e7\u00f5es que d\u00ea alegria a quem pratica o futebol\u201d, reclamou.<\/p>\n<p><em>As informa\u00e7\u00f5es s\u00e3o da C\u00e2mara de Vereadores<\/em><\/p>\n<p><em>Siga o Acorda Cidade no<\/em><a href=\"https:\/\/news.google.com\/search?q=acorda%20cidade&amp;hl=pt-BR&amp;gl=BR&amp;ceid=BR%3Apt-419\"><strong><em> Google Not\u00edcias<\/em><\/strong><\/a><em> e receba os principais destaques do dia. Participe tamb\u00e9m dos nossos canais no <\/em><a href=\"https:\/\/whatsapp.com\/channel\/0029Va6Rb4v3WHTNnsh8WI3N\"><strong><em>WhatsApp<\/em><\/strong><\/a><em> e <\/em><a href=\"https:\/\/www.youtube.com\/@acordacidadenoticias\/videos\"><strong>Youtube<\/strong><\/a><em> e grupo de <\/em><a href=\"https:\/\/t.me\/+sSz0khrgARA0ZmRh\"><strong><em>Telegram<\/em><\/strong><\/a><em>.<\/em><\/p>\n<\/div>\n","protected":false},"excerpt":{"rendered":"<div>\n<div>\n<figure><img decoding=\"async\" src=\"https:\/\/uploads.acordacidade.com.br\/2025\/03\/pracasesportivas_reproducao_camaradevereadores.jpg\" alt=\"Pra\u00e7a Esportiva\"><figcaption>Foto: Foto; Mandato vereador Lulinha da Gente<\/figcaption><\/figure>\n<\/div>\n<p>No distrito de Ja\u00edba, n\u00e3o tem caixa de \u00e1gua, o alambrado do equipamento esportivo caiu e a ilumina\u00e7\u00e3o foi furtada.<\/p><\/div>\n","protected":false},"author":1,"featured_media":77288,"comment_status":"closed","ping_status":"closed","sticky":false,"template":"","format":"gallery","meta":{"footnotes":""},"categories":[8,9,6,57,56,10],"tags":[],"class_list":["post-77287","post","type-post","status-publish","format-gallery","has-post-thumbnail","hentry","category-bahia","category-brasil","category-feira-de-santana","category-mundo","category-policia","category-politica","post_format-post-format-gallery"],"featured_image_urls":{"full":["https:\/\/noticiasbahia360.com.br\/wp-content\/uploads\/2025\/03\/pracasesportivas_reproducao_camaradevereadores.jpg",1920,1440,false],"thumbnail":["https:\/\/noticiasbahia360.com.br\/wp-content\/uploads\/2025\/03\/pracasesportivas_reproducao_camaradevereadores-150x150.jpg",150,150,true],"medium":["https:\/\/noticiasbahia360.com.br\/wp-content\/uploads\/2025\/03\/pracasesportivas_reproducao_camaradevereadores-300x225.jpg",300,225,true],"medium_large":["https:\/\/noticiasbahia360.com.br\/wp-content\/uploads\/2025\/03\/pracasesportivas_reproducao_camaradevereadores-768x576.jpg",640,480,true],"large":["https:\/\/noticiasbahia360.com.br\/wp-content\/uploads\/2025\/03\/pracasesportivas_reproducao_camaradevereadores-1024x768.jpg",640,480,true],"1536x1536":["https:\/\/noticiasbahia360.com.br\/wp-content\/uploads\/2025\/03\/pracasesportivas_reproducao_camaradevereadores-1536x1152.jpg",1536,1152,true],"2048x2048":["https:\/\/noticiasbahia360.com.br\/wp-content\/uploads\/2025\/03\/pracasesportivas_reproducao_camaradevereadores.jpg",1920,1440,false],"chromenews-featured":["https:\/\/noticiasbahia360.com.br\/wp-content\/uploads\/2025\/03\/pracasesportivas_reproducao_camaradevereadores-1024x768.jpg",1024,768,true],"chromenews-large":["https:\/\/noticiasbahia360.com.br\/wp-content\/uploads\/2025\/03\/pracasesportivas_reproducao_camaradevereadores-825x575.jpg",825,575,true],"chromenews-medium":["https:\/\/noticiasbahia360.com.br\/wp-content\/uploads\/2025\/03\/pracasesportivas_reproducao_camaradevereadores-590x410.jpg",590,410,true]},"author_info":{"display_name":"noticiasbahia360.com.br","author_link":"https:\/\/noticiasbahia360.com.br\/?author=1"},"category_info":"<a href=\"https:\/\/noticiasbahia360.com.br\/?cat=8\" rel=\"category\">Bahia<\/a> <a href=\"https:\/\/noticiasbahia360.com.br\/?cat=9\" rel=\"category\">Brasil<\/a> <a href=\"https:\/\/noticiasbahia360.com.br\/?cat=6\" rel=\"category\">Feira de Santana<\/a> <a href=\"https:\/\/noticiasbahia360.com.br\/?cat=57\" rel=\"category\">Mundo<\/a> <a href=\"https:\/\/noticiasbahia360.com.br\/?cat=56\" rel=\"category\">Pol\u00edcia<\/a> <a href=\"https:\/\/noticiasbahia360.com.br\/?cat=10\" rel=\"category\">Pol\u00edtica<\/a>","tag_info":"Pol\u00edtica","comment_count":"0","_links":{"self":[{"href":"https:\/\/noticiasbahia360.com.br\/index.php?rest_route=\/wp\/v2\/posts\/77287","targetHints":{"allow":["GET"]}}],"collection":[{"href":"https:\/\/noticiasbahia360.com.br\/index.php?rest_route=\/wp\/v2\/posts"}],"about":[{"href":"https:\/\/noticiasbahia360.com.br\/index.php?rest_route=\/wp\/v2\/types\/post"}],"author":[{"embeddable":true,"href":"https:\/\/noticiasbahia360.com.br\/index.php?rest_route=\/wp\/v2\/users\/1"}],"replies":[{"embeddable":true,"href":"https:\/\/noticiasbahia360.com.br\/index.php?rest_route=%2Fwp%2Fv2%2Fcomments&post=77287"}],"version-history":[{"count":0,"href":"https:\/\/noticiasbahia360.com.br\/index.php?rest_route=\/wp\/v2\/posts\/77287\/revisions"}],"wp:featuredmedia":[{"embeddable":true,"href":"https:\/\/noticiasbahia360.com.br\/index.php?rest_route=\/wp\/v2\/media\/77288"}],"wp:attachment":[{"href":"https:\/\/noticiasbahia360.com.br\/index.php?rest_route=%2Fwp%2Fv2%2Fmedia&parent=77287"}],"wp:term":[{"taxonomy":"category","embeddable":true,"href":"https:\/\/noticiasbahia360.com.br\/index.php?rest_route=%2Fwp%2Fv2%2Fcategories&post=77287"},{"taxonomy":"post_tag","embeddable":true,"href":"https:\/\/noticiasbahia360.com.br\/index.php?rest_route=%2Fwp%2Fv2%2Ftags&post=77287"}],"curies":[{"name":"wp","href":"https:\/\/api.w.org\/{rel}","templated":true}]}}