{"id":77289,"date":"2025-03-06T14:50:15","date_gmt":"2025-03-06T17:50:15","guid":{"rendered":"https:\/\/noticiasbahia360.com.br\/?p=77289"},"modified":"2025-03-06T14:50:15","modified_gmt":"2025-03-06T17:50:15","slug":"parcela-do-programa-mais-futuro-ja-esta-disponivel-para-universitarios-beneficiados","status":"publish","type":"post","link":"https:\/\/noticiasbahia360.com.br\/?p=77289","title":{"rendered":"Parcela do Programa Mais Futuro j\u00e1 est\u00e1 dispon\u00edvel para universit\u00e1rios beneficiados"},"content":{"rendered":"<div>\n<div>\n<figure><img decoding=\"async\" src=\"http:\/\/noticiasbahia360.com.br\/wp-content\/uploads\/2025\/03\/Universidade-Uesc.jpg\" alt=\"Universidade - Uesc\"><figcaption>Foto: Claudionor J\u00fanior<\/figcaption><\/figure>\n<\/div>\n<p>A partir desta quinta-feira (6), os 9.800 estudantes universit\u00e1rios beneficiados pelo Mais Futuro j\u00e1 podem utilizar o benef\u00edcio referente ao m\u00eas de fevereiro. Executada por meio da Secretaria da Educa\u00e7\u00e3o do Estado (SEC), a iniciativa do Governo da Bahia auxilia estudantes matriculados nas universidades p\u00fablicas estaduais da Bahia (Uesb, Uesc, Uefs e Uneb) em situa\u00e7\u00e3o de vulnerabilidade socioecon\u00f4mica, com bolsas nos valores de R$ 400 e R$ 800, equivalendo, respectivamente, aos perfis B\u00e1sico e Moradia. Para o atual dep\u00f3sito foram destinados R$ 5,1milh\u00f5es.<\/p>\n<p>Para ser beneficiado com o aux\u00edlio B\u00e1sico, no valor de R$ 400, \u00e9 necess\u00e1rio ser estudante regularmente matriculado em curso de gradua\u00e7\u00e3o presencial nas universidades p\u00fablicas estaduais, desde que n\u00e3o tenha conclu\u00eddo qualquer outro curso de n\u00edvel superior; comprove a situa\u00e7\u00e3o de vulnerabilidade socioecon\u00f4mica; e resida em munic\u00edpio localizado a menos de 100 quil\u00f4metros de dist\u00e2ncia do campus onde frequenta o curso de Ensino Superior. J\u00e1 o aux\u00edlio Moradia, no valor de R$ 800, beneficia estudantes com o mesmo perfil, mas que morem a uma dist\u00e2ncia superior a 100 quil\u00f4metros do campus.<\/p>\n<p>Desde a cria\u00e7\u00e3o do Mais Futuro, em 2017, o Governo do Estado j\u00e1 investiu mais de R$ 312 milh\u00f5es, beneficiando 33 mil estudantes das universidades p\u00fablicas estaduais. Esta pol\u00edtica p\u00fablica, que tem como meta elevar o n\u00edvel de aprendizagem e a forma\u00e7\u00e3o de novos profissionais na Bahia, tamb\u00e9m oferece a oportunidade de est\u00e1gio em \u00f3rg\u00e3os estaduais aos estudantes que tenham conclu\u00eddo 2\/3 do curso.<\/p>\n<p><em>Siga o Acorda Cidade no<\/em><a href=\"https:\/\/news.google.com\/search?q=acorda%20cidade&amp;hl=pt-BR&amp;gl=BR&amp;ceid=BR%3Apt-419\"><strong><em>\u00a0Google Not\u00edcias<\/em><\/strong><\/a><em>\u00a0e receba os principais destaques do dia. Participe tamb\u00e9m dos nossos canais no\u00a0<\/em><a href=\"https:\/\/whatsapp.com\/channel\/0029Va6Rb4v3WHTNnsh8WI3N\"><strong><em>WhatsApp<\/em><\/strong><\/a><em>\u00a0e\u00a0<\/em><a href=\"https:\/\/www.youtube.com\/@acordacidadenoticias\/videos\"><strong>Youtube<\/strong><\/a><em>\u00a0e grupo de\u00a0<\/em><a href=\"https:\/\/t.me\/+sSz0khrgARA0ZmRh\"><strong><em>Telegram<\/em><\/strong><\/a><em>.<\/em><\/p>\n<\/div>\n","protected":false},"excerpt":{"rendered":"<div>\n<div>\n<figure><img decoding=\"async\" src=\"https:\/\/uploads.acordacidade.com.br\/wp-content\/uploads\/2024\/05\/02164450\/Universidade-Uesc.jpg\" alt=\"Universidade - Uesc\"><figcaption>Foto: Claudionor J\u00fanior<\/figcaption><\/figure>\n<\/div>\n<p>Para ser beneficiado com o aux\u00edlio B\u00e1sico, no valor de R$ 400, \u00e9 necess\u00e1rio ser estudante regularmente matriculado nas universidades estaduais.<\/p><\/div>\n","protected":false},"author":1,"featured_media":77290,"comment_status":"closed","ping_status":"closed","sticky":false,"template":"","format":"gallery","meta":{"footnotes":""},"categories":[8,9,6,57,56,10],"tags":[],"class_list":["post-77289","post","type-post","status-publish","format-gallery","has-post-thumbnail","hentry","category-bahia","category-brasil","category-feira-de-santana","category-mundo","category-policia","category-politica","post_format-post-format-gallery"],"featured_image_urls":{"full":["https:\/\/noticiasbahia360.com.br\/wp-content\/uploads\/2025\/03\/Universidade-Uesc.jpg",640,426,false],"thumbnail":["https:\/\/noticiasbahia360.com.br\/wp-content\/uploads\/2025\/03\/Universidade-Uesc-150x150.jpg",150,150,true],"medium":["https:\/\/noticiasbahia360.com.br\/wp-content\/uploads\/2025\/03\/Universidade-Uesc-300x200.jpg",300,200,true],"medium_large":["https:\/\/noticiasbahia360.com.br\/wp-content\/uploads\/2025\/03\/Universidade-Uesc.jpg",640,426,false],"large":["https:\/\/noticiasbahia360.com.br\/wp-content\/uploads\/2025\/03\/Universidade-Uesc.jpg",640,426,false],"1536x1536":["https:\/\/noticiasbahia360.com.br\/wp-content\/uploads\/2025\/03\/Universidade-Uesc.jpg",640,426,false],"2048x2048":["https:\/\/noticiasbahia360.com.br\/wp-content\/uploads\/2025\/03\/Universidade-Uesc.jpg",640,426,false],"chromenews-featured":["https:\/\/noticiasbahia360.com.br\/wp-content\/uploads\/2025\/03\/Universidade-Uesc.jpg",640,426,false],"chromenews-large":["https:\/\/noticiasbahia360.com.br\/wp-content\/uploads\/2025\/03\/Universidade-Uesc.jpg",640,426,false],"chromenews-medium":["https:\/\/noticiasbahia360.com.br\/wp-content\/uploads\/2025\/03\/Universidade-Uesc-590x410.jpg",590,410,true]},"author_info":{"display_name":"noticiasbahia360.com.br","author_link":"https:\/\/noticiasbahia360.com.br\/?author=1"},"category_info":"<a href=\"https:\/\/noticiasbahia360.com.br\/?cat=8\" rel=\"category\">Bahia<\/a> <a href=\"https:\/\/noticiasbahia360.com.br\/?cat=9\" rel=\"category\">Brasil<\/a> <a href=\"https:\/\/noticiasbahia360.com.br\/?cat=6\" rel=\"category\">Feira de Santana<\/a> <a href=\"https:\/\/noticiasbahia360.com.br\/?cat=57\" rel=\"category\">Mundo<\/a> <a href=\"https:\/\/noticiasbahia360.com.br\/?cat=56\" rel=\"category\">Pol\u00edcia<\/a> <a href=\"https:\/\/noticiasbahia360.com.br\/?cat=10\" rel=\"category\">Pol\u00edtica<\/a>","tag_info":"Pol\u00edtica","comment_count":"0","_links":{"self":[{"href":"https:\/\/noticiasbahia360.com.br\/index.php?rest_route=\/wp\/v2\/posts\/77289","targetHints":{"allow":["GET"]}}],"collection":[{"href":"https:\/\/noticiasbahia360.com.br\/index.php?rest_route=\/wp\/v2\/posts"}],"about":[{"href":"https:\/\/noticiasbahia360.com.br\/index.php?rest_route=\/wp\/v2\/types\/post"}],"author":[{"embeddable":true,"href":"https:\/\/noticiasbahia360.com.br\/index.php?rest_route=\/wp\/v2\/users\/1"}],"replies":[{"embeddable":true,"href":"https:\/\/noticiasbahia360.com.br\/index.php?rest_route=%2Fwp%2Fv2%2Fcomments&post=77289"}],"version-history":[{"count":0,"href":"https:\/\/noticiasbahia360.com.br\/index.php?rest_route=\/wp\/v2\/posts\/77289\/revisions"}],"wp:featuredmedia":[{"embeddable":true,"href":"https:\/\/noticiasbahia360.com.br\/index.php?rest_route=\/wp\/v2\/media\/77290"}],"wp:attachment":[{"href":"https:\/\/noticiasbahia360.com.br\/index.php?rest_route=%2Fwp%2Fv2%2Fmedia&parent=77289"}],"wp:term":[{"taxonomy":"category","embeddable":true,"href":"https:\/\/noticiasbahia360.com.br\/index.php?rest_route=%2Fwp%2Fv2%2Fcategories&post=77289"},{"taxonomy":"post_tag","embeddable":true,"href":"https:\/\/noticiasbahia360.com.br\/index.php?rest_route=%2Fwp%2Fv2%2Ftags&post=77289"}],"curies":[{"name":"wp","href":"https:\/\/api.w.org\/{rel}","templated":true}]}}