{"id":77291,"date":"2025-03-06T14:55:05","date_gmt":"2025-03-06T17:55:05","guid":{"rendered":"https:\/\/noticiasbahia360.com.br\/?p=77291"},"modified":"2025-03-06T14:55:05","modified_gmt":"2025-03-06T17:55:05","slug":"moraes-nega-novo-pedido-de-mais-prazo-para-defesa-de-braga-netto","status":"publish","type":"post","link":"https:\/\/noticiasbahia360.com.br\/?p=77291","title":{"rendered":"Moraes nega novo pedido de mais prazo para defesa de Braga Netto"},"content":{"rendered":"<div>\n<div>\n<figure><img decoding=\"async\" src=\"http:\/\/noticiasbahia360.com.br\/wp-content\/uploads\/2025\/03\/IgGxTHXj-alexandre-de-moraes-mcamgo_abr_22082024-12-1.jpg\" alt=\"Alexandre de Moraes -\"><figcaption>Foto: Marcelo Camargo\/Ag\u00eancia Brasil <\/figcaption><\/figure>\n<\/div>\n<p>Ag\u00eancia Brasil \u2013 O ministro Alexandre de Moraes, do Supremo Tribunal Federal (STF),\u00a0negou nesta quinta-feira (6), em Bras\u00edlia,\u00a0mais um pedido do general Walter Braga Netto por mais tempo para se defender contra den\u00fancia pelo crime de golpe de Estado.<img decoding=\"async\" src=\"https:\/\/agenciabrasil.ebc.com.br\/ebc.png?id=1633498&amp;o=node\"><img decoding=\"async\" src=\"https:\/\/agenciabrasil.ebc.com.br\/ebc.gif?id=1633498&amp;o=node\"><\/p>\n<p><strong>O novo pedido foi feito na v\u00e9spera<\/strong>, depois de Moraes ter negado o prazo em dobro solicitado pela defesa.\u00a0O ministro negou reconsiderar sua decis\u00e3o anterior\u00a0e reiterou que o general tem at\u00e9 as 23h59 de sexta-feira (7) para se defender das acusa\u00e7\u00f5es.<\/p>\n<p>O magistrado enviou o novo pedido para manifesta\u00e7\u00e3o da Procuradoria-Geral da Rep\u00fablica (PGR), que deve se pronunciar em cinco dias. Em seguida, a defesa deve ter nova oportunidade para apresentar seus argumentos. O recurso poder\u00e1 ent\u00e3o ser encaminhado para a Primeira Turma do Supremo, que dever\u00e1 julgar se confirma a posi\u00e7\u00e3o de Moraes.<\/p>\n<p><strong>O ministro aplicou ao caso o prazo previsto no regimento interno do Supremo, de 15 dias para a apresenta\u00e7\u00e3o de defesa contra den\u00fancia criminal<\/strong>. A defesa de Braga Netto, contudo, argumenta que a legisla\u00e7\u00e3o penal e os precedentes da Corte recomendam a concess\u00e3o do prazo em dobro.<\/p>\n<p>Entre outros argumentos, a defesa alega n\u00e3o haver tempo suficiente para se examinar as centenas de milhares de elementos de prova e documentos que serviram de base para a den\u00fancia. Em um dos<em>\u00a0hard drives<\/em>\u00a0[discos r\u00edgidos]\u00a0recebidos, por exemplo, haveria 390\u00a0<em>gigabytes<\/em>\u00a0de dados e mais de 110 mil arquivos, apontaram os advogados.<\/p>\n<p>Outro argumento \u00e9 o de que Braga Netto teria o direito de apresentar defesa somente depois do tenente-coronel Mauro Cid, o ex-ajudante de ordens de Bolsonaro que firmou acordo de dela\u00e7\u00e3o premiada. Esse pedido tem como base o artigo 4 da Lei de Colabora\u00e7\u00e3o Premiada, segundo o qual o delatado deve ter o direito de se manifestar ap\u00f3s o delator \u201cem todas as fases do processo\u201d.<\/p>\n<p>N<strong>a decis\u00e3o desta quinta-feira, o ministro Alexandre de Moraes manteve sua posi\u00e7\u00e3o de que \u201cn\u00e3o h\u00e1 previs\u00e3o legal\u201d para apresenta\u00e7\u00e3o de defesa depois do delator<\/strong>, pois a garantia dada pela lei se aplicaria somente ap\u00f3s eventual abertura de a\u00e7\u00e3o penal, ou seja, ap\u00f3s a aceita\u00e7\u00e3o ou n\u00e3o da den\u00fancia.<\/p>\n<p>Para os advogados, a interpreta\u00e7\u00e3o restritiva do termo \u201cprocesso\u201d, constante na lei, viola o princ\u00edpio da ampla defesa e do contradit\u00f3rio. Eles apresentaram precedente do pr\u00f3prio Moraes que, para a defesa, autorizaria a manifesta\u00e7\u00e3o do acusado somente ap\u00f3s o delator.<\/p>\n<h2 class=\"wp-block-heading\" id=\"h-acesso-as-provas\">Acesso \u00e0s provas<\/h2>\n<p>Os advogados Jos\u00e9 Luis Oliveira Lima e Rodrigo Dall\u2019Acqua tamb\u00e9m alegam n\u00e3o terem acesso \u00e0 \u00edntegra das provas que embasaram a den\u00fancia. Segundo eles, o material entregue a eles n\u00e3o seria o mesmo remetido para a outra defesa, tendo mais de mil arquivos a menos.<\/p>\n<p>A defesa tamb\u00e9m afirma que processos f\u00edsicos, ainda n\u00e3o digitalizados, e que foram indicados pela PGR como subs\u00eddios para a den\u00fancia, n\u00e3o teriam sido disponibilizados.<\/p>\n<p>Moraes voltou a rebater ponto a ponto a exist\u00eancia de provas inacess\u00edveis, afirmando mais uma vez \u201cque a Defesa de Walter Souza Braga Netto possui o amplo acesso aos elementos de prova documentados, inclusive aos elementos de prova mencionados na den\u00fancia\u201d.<\/p>\n<h2 class=\"wp-block-heading\" id=\"h-denuncia\">Den\u00fancia<\/h2>\n<p><strong>Braga Netto foi denunciado no fim do m\u00eas passado pelo procurador-geral da Rep\u00fablica, Paulo Gonet, junto com o\u00a0ex-presidente Jair Bolsonaro\u00a0e outras 32 pessoas<\/strong>. Todos foram acusados de planejar e tentar executar um golpe de Estado e de abolir o Estado Democr\u00e1tico de Direito, entre outros crimes.<\/p>\n<p>O general foi ministro da Casa Civil e da Defesa durante o governo Bolsonaro e, segundo Gonet, teve papel central na trama golpista, inclusive com o fornecimento de dinheiro em esp\u00e9cie para que o plano fosse executado.<\/p>\n<p>O militar est\u00e1 preso preventivamente desde dezembro do ano passado, por determina\u00e7\u00e3o de Moraes. Segundo a Pol\u00edcia Federal (PF), o general da reserva e candidato a vice na chapa de Bolsonaro em 2022 teria tentado obstruir a investiga\u00e7\u00e3o sobre a tentativa de golpe.\u00a0<\/p>\n<p>A Pol\u00edcia Federal identificou que o general, indiciado por ser um dos principais articuladores do plano golpista, tentou obter dados sigilosos da dela\u00e7\u00e3o de Mauro Cid.\u00a0Ap\u00f3s a pris\u00e3o, a defesa negou que Braga Netto tenha obstru\u00eddo as investiga\u00e7\u00f5es.<\/p>\n<p><em>Siga o Acorda Cidade no<\/em><a href=\"https:\/\/news.google.com\/search?q=acorda%20cidade&amp;hl=pt-BR&amp;gl=BR&amp;ceid=BR%3Apt-419\"><strong><em> Google Not\u00edcias<\/em><\/strong><\/a><em> e receba os principais destaques do dia. Participe tamb\u00e9m dos nossos canais no <\/em><a href=\"https:\/\/whatsapp.com\/channel\/0029Va6Rb4v3WHTNnsh8WI3N\"><strong><em>WhatsApp<\/em><\/strong><\/a><em> e <\/em><a href=\"https:\/\/www.youtube.com\/@acordacidadenoticias\/videos\"><strong>Youtube<\/strong><\/a><em> e grupo de <\/em><a href=\"https:\/\/t.me\/+sSz0khrgARA0ZmRh\"><strong><em>Telegram<\/em><\/strong><\/a><em>.<\/em><\/p>\n<\/div>\n","protected":false},"excerpt":{"rendered":"<div>\n<div>\n<figure><img decoding=\"async\" src=\"https:\/\/uploads.acordacidade.com.br\/2024\/10\/IgGxTHXj-alexandre-de-moraes-mcamgo_abr_22082024-12.jpg\" alt=\"Alexandre de Moraes -\"><figcaption>Foto: Marcelo Camargo\/Ag\u00eancia Brasil <\/figcaption><\/figure>\n<\/div>\n<p>Ag\u00eancia Brasil \u2013 O ministro Alexandre de Moraes, do Supremo Tribunal Federal (STF),\u00a0negou nesta quinta-feira (6), em Bras\u00edlia,\u00a0mais um pedido do general Walter Braga Netto por mais tempo para se defender contra den\u00fancia pelo crime de golpe de Estado. O novo pedido foi feito na v\u00e9spera, depois de Moraes ter negado o prazo em dobro [\u2026]<\/p><\/div>\n","protected":false},"author":1,"featured_media":77292,"comment_status":"closed","ping_status":"closed","sticky":false,"template":"","format":"gallery","meta":{"footnotes":""},"categories":[8,9,6,57,56,10],"tags":[],"class_list":["post-77291","post","type-post","status-publish","format-gallery","has-post-thumbnail","hentry","category-bahia","category-brasil","category-feira-de-santana","category-mundo","category-policia","category-politica","post_format-post-format-gallery"],"featured_image_urls":{"full":["https:\/\/noticiasbahia360.com.br\/wp-content\/uploads\/2025\/03\/IgGxTHXj-alexandre-de-moraes-mcamgo_abr_22082024-12-1.jpg",640,383,false],"thumbnail":["https:\/\/noticiasbahia360.com.br\/wp-content\/uploads\/2025\/03\/IgGxTHXj-alexandre-de-moraes-mcamgo_abr_22082024-12-1-150x150.jpg",150,150,true],"medium":["https:\/\/noticiasbahia360.com.br\/wp-content\/uploads\/2025\/03\/IgGxTHXj-alexandre-de-moraes-mcamgo_abr_22082024-12-1-300x180.jpg",300,180,true],"medium_large":["https:\/\/noticiasbahia360.com.br\/wp-content\/uploads\/2025\/03\/IgGxTHXj-alexandre-de-moraes-mcamgo_abr_22082024-12-1.jpg",640,383,false],"large":["https:\/\/noticiasbahia360.com.br\/wp-content\/uploads\/2025\/03\/IgGxTHXj-alexandre-de-moraes-mcamgo_abr_22082024-12-1.jpg",640,383,false],"1536x1536":["https:\/\/noticiasbahia360.com.br\/wp-content\/uploads\/2025\/03\/IgGxTHXj-alexandre-de-moraes-mcamgo_abr_22082024-12-1.jpg",640,383,false],"2048x2048":["https:\/\/noticiasbahia360.com.br\/wp-content\/uploads\/2025\/03\/IgGxTHXj-alexandre-de-moraes-mcamgo_abr_22082024-12-1.jpg",640,383,false],"chromenews-featured":["https:\/\/noticiasbahia360.com.br\/wp-content\/uploads\/2025\/03\/IgGxTHXj-alexandre-de-moraes-mcamgo_abr_22082024-12-1.jpg",640,383,false],"chromenews-large":["https:\/\/noticiasbahia360.com.br\/wp-content\/uploads\/2025\/03\/IgGxTHXj-alexandre-de-moraes-mcamgo_abr_22082024-12-1.jpg",640,383,false],"chromenews-medium":["https:\/\/noticiasbahia360.com.br\/wp-content\/uploads\/2025\/03\/IgGxTHXj-alexandre-de-moraes-mcamgo_abr_22082024-12-1-590x383.jpg",590,383,true]},"author_info":{"display_name":"noticiasbahia360.com.br","author_link":"https:\/\/noticiasbahia360.com.br\/?author=1"},"category_info":"<a href=\"https:\/\/noticiasbahia360.com.br\/?cat=8\" rel=\"category\">Bahia<\/a> <a href=\"https:\/\/noticiasbahia360.com.br\/?cat=9\" rel=\"category\">Brasil<\/a> <a href=\"https:\/\/noticiasbahia360.com.br\/?cat=6\" rel=\"category\">Feira de Santana<\/a> <a href=\"https:\/\/noticiasbahia360.com.br\/?cat=57\" rel=\"category\">Mundo<\/a> <a href=\"https:\/\/noticiasbahia360.com.br\/?cat=56\" rel=\"category\">Pol\u00edcia<\/a> <a href=\"https:\/\/noticiasbahia360.com.br\/?cat=10\" rel=\"category\">Pol\u00edtica<\/a>","tag_info":"Pol\u00edtica","comment_count":"0","_links":{"self":[{"href":"https:\/\/noticiasbahia360.com.br\/index.php?rest_route=\/wp\/v2\/posts\/77291","targetHints":{"allow":["GET"]}}],"collection":[{"href":"https:\/\/noticiasbahia360.com.br\/index.php?rest_route=\/wp\/v2\/posts"}],"about":[{"href":"https:\/\/noticiasbahia360.com.br\/index.php?rest_route=\/wp\/v2\/types\/post"}],"author":[{"embeddable":true,"href":"https:\/\/noticiasbahia360.com.br\/index.php?rest_route=\/wp\/v2\/users\/1"}],"replies":[{"embeddable":true,"href":"https:\/\/noticiasbahia360.com.br\/index.php?rest_route=%2Fwp%2Fv2%2Fcomments&post=77291"}],"version-history":[{"count":0,"href":"https:\/\/noticiasbahia360.com.br\/index.php?rest_route=\/wp\/v2\/posts\/77291\/revisions"}],"wp:featuredmedia":[{"embeddable":true,"href":"https:\/\/noticiasbahia360.com.br\/index.php?rest_route=\/wp\/v2\/media\/77292"}],"wp:attachment":[{"href":"https:\/\/noticiasbahia360.com.br\/index.php?rest_route=%2Fwp%2Fv2%2Fmedia&parent=77291"}],"wp:term":[{"taxonomy":"category","embeddable":true,"href":"https:\/\/noticiasbahia360.com.br\/index.php?rest_route=%2Fwp%2Fv2%2Fcategories&post=77291"},{"taxonomy":"post_tag","embeddable":true,"href":"https:\/\/noticiasbahia360.com.br\/index.php?rest_route=%2Fwp%2Fv2%2Ftags&post=77291"}],"curies":[{"name":"wp","href":"https:\/\/api.w.org\/{rel}","templated":true}]}}