{"id":77293,"date":"2025-03-06T15:07:03","date_gmt":"2025-03-06T18:07:03","guid":{"rendered":"https:\/\/noticiasbahia360.com.br\/?p=77293"},"modified":"2025-03-06T15:07:03","modified_gmt":"2025-03-06T18:07:03","slug":"ecofolia-solidaria-gera-renda-imediata-de-r15-milhao-para-35-mil-catadores-e-catadoras-durante-o-carnaval","status":"publish","type":"post","link":"https:\/\/noticiasbahia360.com.br\/?p=77293","title":{"rendered":"Ecofolia Solid\u00e1ria gera renda imediata de R$1,5 milh\u00e3o para 3,5 mil catadores e catadoras durante o Carnaval"},"content":{"rendered":"<div>\n<div>\n<figure><img decoding=\"async\" src=\"http:\/\/noticiasbahia360.com.br\/wp-content\/uploads\/2025\/03\/Catadoras-no-carnaval-de-Salvador.jpg\" alt=\"Catadoras no carnaval de Salvador\"><figcaption>Foto: Feij\u00e3o Almeida\/GOVBA<\/figcaption><\/figure>\n<\/div>\n<p>Nada menos que 3.479 catadores e catadoras de material recicl\u00e1vel aut\u00f4nomos e cooperados foram beneficiados na a\u00e7\u00e3o Ecofolia Solid\u00e1ria 2025, o que representa um aumento de mais de 48% de pessoas atendidas em rela\u00e7\u00e3o a 2024. Esse \u00e9 o maior n\u00famero de trabalhadores beneficiados na a\u00e7\u00e3o do Governo da Bahia, desde a cria\u00e7\u00e3o em 2007. A quantidade de material recicl\u00e1vel recolhida nos circuitos da folia entre os dias 27\/02 e 04\/03 chegou a 170 toneladas, gerando renda imediata de R$ 1,5 milh\u00e3o distribu\u00edda entre os catadores, conforme produ\u00e7\u00e3o individual.<\/p>\n<p>Al\u00e9m disso, o material deve render mais de R$ 500 mil ao ser vendido pelas cooperativas para a ind\u00fastria, totalizando mais de R$ 2 milh\u00f5es para a categoria em geral, aut\u00f4nomos  e cooperados. O balan\u00e7o da Ecofolia Solid\u00e1ria 2025, divulgado na manh\u00e3 desta quarta-feira de cinzas (5), mostra, ainda, a amplia\u00e7\u00e3o dos benef\u00edcios aos catadores e catadoras em rela\u00e7\u00e3o aos anos anteriores como fornecimento de alimenta\u00e7\u00e3o, antes inexistente, e espa\u00e7o para banho e descanso.<\/p>\n<figure class=\"wp-block-image size-large\"><img fetchpriority=\"high\" fetchpriority=\"high\" decoding=\"async\" width=\"1024\" height=\"575\" src=\"http:\/\/noticiasbahia360.com.br\/wp-content\/uploads\/2025\/03\/cV9q4CZr-Catadoras-no-carnaval-de-Salvador1-1024x575-1.webp\" alt=\"Catadoras no carnaval de Salvador\" class=\"wp-image-509927\" srcset=\"https:\/\/uploads.acordacidade.com.br\/2025\/03\/cV9q4CZr-Catadoras-no-carnaval-de-Salvador1-300x169.webp 300w, http:\/\/noticiasbahia360.com.br\/wp-content\/uploads\/2025\/03\/cV9q4CZr-Catadoras-no-carnaval-de-Salvador1-1024x575-1.webp 1024w, https:\/\/uploads.acordacidade.com.br\/2025\/03\/cV9q4CZr-Catadoras-no-carnaval-de-Salvador1-768x432.webp 768w, https:\/\/uploads.acordacidade.com.br\/2025\/03\/cV9q4CZr-Catadoras-no-carnaval-de-Salvador1-1536x863.webp 1536w, https:\/\/uploads.acordacidade.com.br\/2025\/03\/cV9q4CZr-Catadoras-no-carnaval-de-Salvador1-150x84.webp 150w, https:\/\/uploads.acordacidade.com.br\/2025\/03\/cV9q4CZr-Catadoras-no-carnaval-de-Salvador1.webp 1920w\" sizes=\"(max-width: 1024px) 100vw, 1024px\"><figcaption class=\"wp-element-caption\">Foto: Feij\u00e3o Almeida\/GOVBA<\/figcaption><\/figure>\n<p>A a\u00e7\u00e3o visa garantir condi\u00e7\u00f5es dignas de trabalho a catadores e catadoras de material recicl\u00e1vel durante o Carnaval, ao mesmo tempo em que preserva o meio ambiente. Foram comercializados nas 11 Centrais de Apoio aos Catadores, geridas pelas 14 cooperativas atuantes na a\u00e7\u00e3o em Salvador, 112.969,92 kg de alum\u00ednio (latinhas), 23.894,6 kg de PET e 32.639,3 kg de pl\u00e1stico, totalizando 169.503,82 kg de res\u00edduos s\u00f3lidos retirados de ruas e areia da praia. As cooperativas compraram o material diretamente dos catadores que receberam o dinheiro na hora.<\/p>\n<p>Na pr\u00e1tica, o dinheiro recebido pelos catadores aquece a microeconomia da cidade, uma vez que ser\u00e1 destinada a alimentos e outros produtos. O valor de compra praticado por cada material recicl\u00e1vel foi de R$ 8 o kg da latinha; R$ 2 o kg do PET e R$ 1 o Kg do pl\u00e1stico. Al\u00e9m disso, algumas centrais pagavam bonifica\u00e7\u00e3o que variou de R$ 50 a cada 10 kg ou 15 kg de pl\u00e1stico ou PET recolhido.<\/p>\n<figure class=\"wp-block-image size-large\"><img decoding=\"async\" width=\"1024\" height=\"682\" src=\"http:\/\/noticiasbahia360.com.br\/wp-content\/uploads\/2025\/03\/aedoYoqM-Catadoras-no-carnaval-de-Salvador3-1024x682-1.webp\" alt=\"\" class=\"wp-image-509925\" srcset=\"https:\/\/uploads.acordacidade.com.br\/2025\/03\/aedoYoqM-Catadoras-no-carnaval-de-Salvador3-300x200.webp 300w, http:\/\/noticiasbahia360.com.br\/wp-content\/uploads\/2025\/03\/aedoYoqM-Catadoras-no-carnaval-de-Salvador3-1024x682-1.webp 1024w, https:\/\/uploads.acordacidade.com.br\/2025\/03\/aedoYoqM-Catadoras-no-carnaval-de-Salvador3-768x512.webp 768w, https:\/\/uploads.acordacidade.com.br\/2025\/03\/aedoYoqM-Catadoras-no-carnaval-de-Salvador3-1536x1023.webp 1536w, https:\/\/uploads.acordacidade.com.br\/2025\/03\/aedoYoqM-Catadoras-no-carnaval-de-Salvador3-150x100.webp 150w, https:\/\/uploads.acordacidade.com.br\/2025\/03\/aedoYoqM-Catadoras-no-carnaval-de-Salvador3.webp 1920w\" sizes=\"(max-width: 1024px) 100vw, 1024px\"><figcaption class=\"wp-element-caption\">Foto: Jefferson Machado\/GOVBA<\/figcaption><\/figure>\n<p>O catador Genivaldo Ribeiro, conhecido como Tico, ligado \u00e0 Cooperguari, faz um balan\u00e7o positivo da a\u00e7\u00e3o. \u201cEsse trabalho, isso leva mais renda para os catadores, cada catador podia bater 6 metas, significando 300 reais s\u00f3 de bonifica\u00e7\u00e3o na noite, se ele conseguisse recolher 60 quilos de pl\u00e1stico. A gente tem avan\u00e7ado, o pre\u00e7o da latinha foi R$8, os atravessadores estavam comprando a R$ 7 ou R$6 em alguns lugares\u201d.<\/p>\n<p>Em 2024, foram 174 toneladas recolhidas das ruas, o que demonstra um consumo menor de produtos nas ruas este ano, uma vez que a tonelagem coletada reflete a quantidade de res\u00edduos gerados nos espa\u00e7os p\u00fablicos durante a festa.<\/p>\n<h2 class=\"wp-block-heading\" id=\"h-investimento-e-beneficios\">Investimento e Benef\u00edcios <\/h2>\n<p>O Governo da Bahia investiu de R$ 4,7 milh\u00f5es no Ecofolia Solid\u00e1ria entre estrutura das Centrais de Coleta, incentivo aos catadores e equipamento para as cooperativas manusearem o material coletado, al\u00e9m da alimenta\u00e7\u00e3o e toda a estrutura dos Espa\u00e7os de Conviv\u00eancia, o que garantiu acolhimento digno e trabalho decente para a categoria vulner\u00e1vel durante o Carnaval.<\/p>\n<p>O investimento na a\u00e7\u00e3o de 2025 praticamente dobrou em rela\u00e7\u00e3o ao ano passado, quando foram investidos R$ 2.283.032 milh\u00f5es.<\/p>\n<figure class=\"wp-block-image size-large\"><img decoding=\"async\" width=\"1024\" height=\"575\" src=\"http:\/\/noticiasbahia360.com.br\/wp-content\/uploads\/2025\/03\/liHARYbo-Catadoras-no-carnaval-de-Salvador2-1024x575-1.webp\" alt=\"Catadoras no carnaval de Salvador\" class=\"wp-image-509926\" srcset=\"https:\/\/uploads.acordacidade.com.br\/2025\/03\/liHARYbo-Catadoras-no-carnaval-de-Salvador2-300x169.webp 300w, http:\/\/noticiasbahia360.com.br\/wp-content\/uploads\/2025\/03\/liHARYbo-Catadoras-no-carnaval-de-Salvador2-1024x575-1.webp 1024w, https:\/\/uploads.acordacidade.com.br\/2025\/03\/liHARYbo-Catadoras-no-carnaval-de-Salvador2-768x432.webp 768w, https:\/\/uploads.acordacidade.com.br\/2025\/03\/liHARYbo-Catadoras-no-carnaval-de-Salvador2-1536x863.webp 1536w, https:\/\/uploads.acordacidade.com.br\/2025\/03\/liHARYbo-Catadoras-no-carnaval-de-Salvador2-150x84.webp 150w, https:\/\/uploads.acordacidade.com.br\/2025\/03\/liHARYbo-Catadoras-no-carnaval-de-Salvador2.webp 1920w\" sizes=\"(max-width: 1024px) 100vw, 1024px\"><figcaption class=\"wp-element-caption\">Foto: Jefferson Machado\/GOVBA<\/figcaption><\/figure>\n<p>Uma novidade este ano foi a distribui\u00e7\u00e3o de 14.000 refei\u00e7\u00f5es e lanches em cinco espa\u00e7os espalhados entre os circuitos, o que garantiu a alimenta\u00e7\u00e3o dos trabalhadores. Al\u00e9m disso, funcionaram dois Espa\u00e7os de Conviv\u00eancia, um em cada circuito principal, instalados na sede das Volunt\u00e1rias Sociais da Bahia (Campo Grande) e Ag\u00eancia de Defesa Agropecu\u00e1ria da Bahia (Ondina) onde era ofertado banho, descanso e outros cuidados (para mulheres). Em 2024 s\u00f3 havia um Espa\u00e7o de Conviv\u00eancia, no Vale do Canela.<\/p>\n<p>O Ecofolia Solid\u00e1ria \u00e9 uma a\u00e7\u00e3o do Governo da Bahia, coordenada pela Secretaria do Trabalho, Emprego, Renda e Esporte (Setre) em parceria com as pastas do Meio Ambiente (Sema), Assist\u00eancia e Desenvolvimento Social (Seades), Desenvolvimento Urbano (Sedur), Pol\u00edticas Para Mulheres (SPM), al\u00e9m das Volunt\u00e1rias Sociais da Bahia (VSB), Companhia de Desenvolvimento e A\u00e7\u00e3o Regional (CAR), Minist\u00e9rio P\u00fablico do Trabalho (MPT) e Cooperativas de Catadores (entre as quais CRG Bahia, Cata Bahia, Camapet, AACRI, Caec, Cooprede, Rede Recicla Bahia, Cooperguary e Recicla Conquista).<\/p>\n<p><em>Siga o Acorda Cidade no<\/em><a href=\"https:\/\/news.google.com\/search?q=acorda%20cidade&amp;hl=pt-BR&amp;gl=BR&amp;ceid=BR%3Apt-419\"><strong><em>\u00a0Google Not\u00edcias<\/em><\/strong><\/a><em>\u00a0e receba os principais destaques do dia. Participe tamb\u00e9m dos nossos canais no\u00a0<\/em><a href=\"https:\/\/whatsapp.com\/channel\/0029Va6Rb4v3WHTNnsh8WI3N\"><strong><em>WhatsApp<\/em><\/strong><\/a><em>\u00a0e\u00a0<\/em><a href=\"https:\/\/www.youtube.com\/@acordacidadenoticias\/videos\"><strong>Youtube<\/strong><\/a><em>\u00a0e grupo de\u00a0<\/em><a href=\"https:\/\/t.me\/+sSz0khrgARA0ZmRh\"><strong><em>Telegram<\/em><\/strong><\/a><em>.<\/em><\/p>\n<\/div>\n","protected":false},"excerpt":{"rendered":"<div>\n<div>\n<figure><img decoding=\"async\" src=\"https:\/\/uploads.acordacidade.com.br\/2025\/03\/Catadoras-no-carnaval-de-Salvador.jpg\" alt=\"Catadoras no carnaval de Salvador\"><figcaption>Foto: Feij\u00e3o Almeida\/GOVBA<\/figcaption><\/figure>\n<\/div>\n<p>Esse \u00e9 o maior n\u00famero de trabalhadores beneficiados na a\u00e7\u00e3o do Governo do Estado da Bahia, desde a cria\u00e7\u00e3o em 2007.<\/p><\/div>\n","protected":false},"author":1,"featured_media":77294,"comment_status":"closed","ping_status":"closed","sticky":false,"template":"","format":"gallery","meta":{"footnotes":""},"categories":[8,9,6,57,56,10],"tags":[],"class_list":["post-77293","post","type-post","status-publish","format-gallery","has-post-thumbnail","hentry","category-bahia","category-brasil","category-feira-de-santana","category-mundo","category-policia","category-politica","post_format-post-format-gallery"],"featured_image_urls":{"full":["https:\/\/noticiasbahia360.com.br\/wp-content\/uploads\/2025\/03\/Catadoras-no-carnaval-de-Salvador.jpg",1920,1079,false],"thumbnail":["https:\/\/noticiasbahia360.com.br\/wp-content\/uploads\/2025\/03\/Catadoras-no-carnaval-de-Salvador-150x150.jpg",150,150,true],"medium":["https:\/\/noticiasbahia360.com.br\/wp-content\/uploads\/2025\/03\/Catadoras-no-carnaval-de-Salvador-300x169.jpg",300,169,true],"medium_large":["https:\/\/noticiasbahia360.com.br\/wp-content\/uploads\/2025\/03\/Catadoras-no-carnaval-de-Salvador-768x432.jpg",640,360,true],"large":["https:\/\/noticiasbahia360.com.br\/wp-content\/uploads\/2025\/03\/Catadoras-no-carnaval-de-Salvador-1024x575.jpg",640,359,true],"1536x1536":["https:\/\/noticiasbahia360.com.br\/wp-content\/uploads\/2025\/03\/Catadoras-no-carnaval-de-Salvador-1536x863.jpg",1536,863,true],"2048x2048":["https:\/\/noticiasbahia360.com.br\/wp-content\/uploads\/2025\/03\/Catadoras-no-carnaval-de-Salvador.jpg",1920,1079,false],"chromenews-featured":["https:\/\/noticiasbahia360.com.br\/wp-content\/uploads\/2025\/03\/Catadoras-no-carnaval-de-Salvador-1024x575.jpg",1024,575,true],"chromenews-large":["https:\/\/noticiasbahia360.com.br\/wp-content\/uploads\/2025\/03\/Catadoras-no-carnaval-de-Salvador-825x575.jpg",825,575,true],"chromenews-medium":["https:\/\/noticiasbahia360.com.br\/wp-content\/uploads\/2025\/03\/Catadoras-no-carnaval-de-Salvador-590x410.jpg",590,410,true]},"author_info":{"display_name":"noticiasbahia360.com.br","author_link":"https:\/\/noticiasbahia360.com.br\/?author=1"},"category_info":"<a href=\"https:\/\/noticiasbahia360.com.br\/?cat=8\" rel=\"category\">Bahia<\/a> <a href=\"https:\/\/noticiasbahia360.com.br\/?cat=9\" rel=\"category\">Brasil<\/a> <a href=\"https:\/\/noticiasbahia360.com.br\/?cat=6\" rel=\"category\">Feira de Santana<\/a> <a href=\"https:\/\/noticiasbahia360.com.br\/?cat=57\" rel=\"category\">Mundo<\/a> <a href=\"https:\/\/noticiasbahia360.com.br\/?cat=56\" rel=\"category\">Pol\u00edcia<\/a> <a href=\"https:\/\/noticiasbahia360.com.br\/?cat=10\" rel=\"category\">Pol\u00edtica<\/a>","tag_info":"Pol\u00edtica","comment_count":"0","_links":{"self":[{"href":"https:\/\/noticiasbahia360.com.br\/index.php?rest_route=\/wp\/v2\/posts\/77293","targetHints":{"allow":["GET"]}}],"collection":[{"href":"https:\/\/noticiasbahia360.com.br\/index.php?rest_route=\/wp\/v2\/posts"}],"about":[{"href":"https:\/\/noticiasbahia360.com.br\/index.php?rest_route=\/wp\/v2\/types\/post"}],"author":[{"embeddable":true,"href":"https:\/\/noticiasbahia360.com.br\/index.php?rest_route=\/wp\/v2\/users\/1"}],"replies":[{"embeddable":true,"href":"https:\/\/noticiasbahia360.com.br\/index.php?rest_route=%2Fwp%2Fv2%2Fcomments&post=77293"}],"version-history":[{"count":0,"href":"https:\/\/noticiasbahia360.com.br\/index.php?rest_route=\/wp\/v2\/posts\/77293\/revisions"}],"wp:featuredmedia":[{"embeddable":true,"href":"https:\/\/noticiasbahia360.com.br\/index.php?rest_route=\/wp\/v2\/media\/77294"}],"wp:attachment":[{"href":"https:\/\/noticiasbahia360.com.br\/index.php?rest_route=%2Fwp%2Fv2%2Fmedia&parent=77293"}],"wp:term":[{"taxonomy":"category","embeddable":true,"href":"https:\/\/noticiasbahia360.com.br\/index.php?rest_route=%2Fwp%2Fv2%2Fcategories&post=77293"},{"taxonomy":"post_tag","embeddable":true,"href":"https:\/\/noticiasbahia360.com.br\/index.php?rest_route=%2Fwp%2Fv2%2Ftags&post=77293"}],"curies":[{"name":"wp","href":"https:\/\/api.w.org\/{rel}","templated":true}]}} 