{"id":77300,"date":"2025-03-06T15:14:37","date_gmt":"2025-03-06T18:14:37","guid":{"rendered":"https:\/\/noticiasbahia360.com.br\/?p=77300"},"modified":"2025-03-06T15:14:37","modified_gmt":"2025-03-06T18:14:37","slug":"bahia-fecha-carnaval-com-reducao-de-12-nas-ocorrencias-medicas-nos-circuitos","status":"publish","type":"post","link":"https:\/\/noticiasbahia360.com.br\/?p=77300","title":{"rendered":"Bahia fecha Carnaval com redu\u00e7\u00e3o de 12% nas ocorr\u00eancias m\u00e9dicas nos circuitos"},"content":{"rendered":"<div>\n<div>\n<figure><img decoding=\"async\" src=\"http:\/\/noticiasbahia360.com.br\/wp-content\/uploads\/2025\/03\/sTPdelOV-carnavaldesalvadcr_foto_leonardorattes_ascom_sesab.png\" alt=\"Sesab no Carnaval de Salvador\"><figcaption>Fotos: Leonardo Rattes- Ascom\/Sesab<\/figcaption><\/figure>\n<\/div>\n<p>Ag\u00eancia Brasil \u2013 Os n\u00fameros da sa\u00fade no balan\u00e7o do Carnaval 2025 foram bastante positivos em rela\u00e7\u00e3o aos dados da folia em 2024. Com uma estrutura de atendimento refor\u00e7ada e foco na preven\u00e7\u00e3o de infec\u00e7\u00f5es sexualmente transmiss\u00edveis (ISTs), a Secretaria da Sa\u00fade do Estado (Sesab), em parceria com outras pastas do governo da Bahia, alcan\u00e7ou marcas expressivas ao longo da festa.<\/p>\n<p>Houve uma redu\u00e7\u00e3o de 12,6% no total de ocorr\u00eancias m\u00e9dicas ocorridas nos circuitos do Carnaval, numa queda de 127 atendimentos em 2024, contra 111 em 2025. <\/p>\n<p>\u201cN\u00f3s montamos a estrutura necess\u00e1ria para realizar todos os atendimentos necess\u00e1rios, com tr\u00eas mil plant\u00f5es extras nos hospitais do estado, mas s\u00f3 temos a comemorar essa redu\u00e7\u00e3o, ainda mais que os n\u00fameros apontam para um Carnaval com mais p\u00fablico que em 2024. Isso mostra tamb\u00e9m como o trabalho de preven\u00e7\u00e3o e policiamento da Secretaria de Seguran\u00e7a P\u00fablica reflete positivamente na sa\u00fade\u201d, avalia a titular da Sesab, Roberta Santana.<\/p>\n<p>No total, 75% dos atendimentos (84) no Carnaval ocorreram no Hospital Geral do Estado (HGE). Foram tr\u00eas atendimentos no Hospital Menandro de Faria, cinco no Hospital El\u00e1dio Lasserre, um no Iperba, quatro no Hospital do Sub\u00farbio, um no Hospital Geral Roberto Santos, um no Hospital Geral Ernesto Sim\u00f5es Filho, um na UPA de S\u00e3o Caetano, um na Maternidade Tsylla Balbino, dois no Hospital 2 de Julho, cinco na Unidade de Emerg\u00eancia de Cajazeiras e dois na Unidade de Emerg\u00eancia do Curuzu. Sete unidades que realizaram atendimentos em 2024 n\u00e3o registraram casos em 2025.<\/p>\n<p><strong>Preven\u00e7\u00e3o \u00e0s ISTs<\/strong><\/p>\n<p>Como parte do projeto \u201cCamisinha T\u00e1 Na M\u00e3o\u201d, realizado pela Sesab em parceria com a Superintend\u00eancia de Fomento ao Turismo (Sufotur), foram distribu\u00eddos gratuitamente mais de 1,3 milh\u00e3o de preservativos internos e externos durante o Carnaval na Bahia, em Salvador e no interior do estado, quase 450 mil unidades a mais que em 2024 (845 mil).<\/p>\n<p>Tamb\u00e9m atrav\u00e9s da Sesab, a gest\u00e3o estadual atendeu 4.671 pessoas e realizou 18.201 testes r\u00e1pidos de ISTs, como HIV, s\u00edfilis e hepatites (B e C), em postos montados em Salvador, Rio de Contas e Porto Seguro. Durante a folia na capital, foram realizados 3.172 atendimentos e 10.828 testes, resultando em 38 positivos para HIV, 8 para hepatite B e 16 para hepatite C, al\u00e9m de 297 pessoas positivadas para s\u00edfilis, sendo que 74 delas optaram por iniciar o tratamento no pr\u00f3prio estande, com a aplica\u00e7\u00e3o da penicilina benzatina (Benzetacil).<\/p>\n<p>No munic\u00edpio de Rio de Contas, o n\u00famero de atendimentos chegou a 1.004 e os testes a 4.898, sendo registrados 3 testes positivos para HIV, zero para hepatite B e hepatite C, e 34 para s\u00edfilis. Destes \u00faltimos, 13 decidiram come\u00e7ar o tratamento no local. J\u00e1 em Porto Seguro, com 495 atendimentos, positivaram 4pessoas para HIV, zero para hepatite B, 3 para hepatite C, enquanto 38 testaram positivo para s\u00edfilis, com 12 delas iniciando o tratamento no pr\u00f3prio posto.<\/p>\n<p><strong>Acolhimento a mulheres v\u00edtimas de viol\u00eancia<\/strong><\/p>\n<p>O Servi\u00e7o de Atendimento \u00e0s Mulheres Expostas \u00e0 Viol\u00eancia Sexual, localizado no Hospital da Mulher, no Largo de Roma, em Salvador, com o objetivo de acolher mulheres cis e trans, a partir de 12 anos, que tenham sido expostas a situa\u00e7\u00f5es de abusos e viol\u00eancia sexual, n\u00e3o teve qualquer ocorr\u00eancia registrada proveniente do circuito da festa.<\/p>\n<p><strong>Corregedoria<\/strong><\/p>\n<p>A Corregedoria da Sa\u00fade tamb\u00e9m esteve em a\u00e7\u00e3o durante o per\u00edodo carnavalesco, tendo inspecionado 12.899 profissionais a fim de aferir as escalas de plant\u00e3o em unidades de sa\u00fade na capital e no interior.<\/p>\n<p><strong>Hemoba<\/strong><\/p>\n<p>Ao longo do per\u00edodo de Carnaval, com hor\u00e1rios especiais nos postos de coleta, a Hemoba esteve aberta na capital e no interior do estado para receber doadores de sangue e atender a demanda de hemocomponentes das unidades hospitalares. Este ano, 717 bolsas de sangue foram coletadas na Bahia.<\/p>\n<p><em>Siga o Acorda Cidade no<\/em><a href=\"https:\/\/news.google.com\/search?q=acorda%20cidade&amp;hl=pt-BR&amp;gl=BR&amp;ceid=BR%3Apt-419\"><strong><em> Google Not\u00edcias<\/em><\/strong><\/a><em> e receba os principais destaques do dia. Participe tamb\u00e9m dos nossos canais no <\/em><a href=\"https:\/\/whatsapp.com\/channel\/0029Va6Rb4v3WHTNnsh8WI3N\"><strong><em>WhatsApp<\/em><\/strong><\/a><em> e <\/em><a href=\"https:\/\/www.youtube.com\/@acordacidadenoticias\/videos\"><strong>Youtube<\/strong><\/a><em> e grupo de <\/em><a href=\"https:\/\/t.me\/+sSz0khrgARA0ZmRh\"><strong><em>Telegram<\/em><\/strong><\/a><em>.<\/em><\/p>\n<\/div>\n","protected":false},"excerpt":{"rendered":"<div>\n<div>\n<figure><img decoding=\"async\" src=\"https:\/\/uploads.acordacidade.com.br\/2025\/03\/sTPdelOV-carnavaldesalvadcr_foto_leonardorattes_ascom_sesab.png\" alt=\"Sesab no Carnaval de Salvador\"><figcaption>Fotos: Leonardo Rattes- Ascom\/Sesab<\/figcaption><\/figure>\n<\/div>\n<p>No total, 75% dos atendimentos (84) no Carnaval ocorreram no Hospital Geral do Estado (HGE).<\/p><\/div>\n","protected":false},"author":1,"featured_media":77301,"comment_status":"closed","ping_status":"closed","sticky":false,"template":"","format":"gallery","meta":{"footnotes":""},"categories":[8,9,6,57,56,10],"tags":[],"class_list":["post-77300","post","type-post","status-publish","format-gallery","has-post-thumbnail","hentry","category-bahia","category-brasil","category-feira-de-santana","category-mundo","category-policia","category-politica","post_format-post-format-gallery"],"featured_image_urls":{"full":["https:\/\/noticiasbahia360.com.br\/wp-content\/uploads\/2025\/03\/sTPdelOV-carnavaldesalvadcr_foto_leonardorattes_ascom_sesab.png",1920,1280,false],"thumbnail":["https:\/\/noticiasbahia360.com.br\/wp-content\/uploads\/2025\/03\/sTPdelOV-carnavaldesalvadcr_foto_leonardorattes_ascom_sesab-150x150.png",150,150,true],"medium":["https:\/\/noticiasbahia360.com.br\/wp-content\/uploads\/2025\/03\/sTPdelOV-carnavaldesalvadcr_foto_leonardorattes_ascom_sesab-300x200.png",300,200,true],"medium_large":["https:\/\/noticiasbahia360.com.br\/wp-content\/uploads\/2025\/03\/sTPdelOV-carnavaldesalvadcr_foto_leonardorattes_ascom_sesab-768x512.png",640,427,true],"large":["https:\/\/noticiasbahia360.com.br\/wp-content\/uploads\/2025\/03\/sTPdelOV-carnavaldesalvadcr_foto_leonardorattes_ascom_sesab-1024x683.png",640,427,true],"1536x1536":["https:\/\/noticiasbahia360.com.br\/wp-content\/uploads\/2025\/03\/sTPdelOV-carnavaldesalvadcr_foto_leonardorattes_ascom_sesab-1536x1024.png",1536,1024,true],"2048x2048":["https:\/\/noticiasbahia360.com.br\/wp-content\/uploads\/2025\/03\/sTPdelOV-carnavaldesalvadcr_foto_leonardorattes_ascom_sesab.png",1920,1280,false],"chromenews-featured":["https:\/\/noticiasbahia360.com.br\/wp-content\/uploads\/2025\/03\/sTPdelOV-carnavaldesalvadcr_foto_leonardorattes_ascom_sesab-1024x683.png",1024,683,true],"chromenews-large":["https:\/\/noticiasbahia360.com.br\/wp-content\/uploads\/2025\/03\/sTPdelOV-carnavaldesalvadcr_foto_leonardorattes_ascom_sesab-825x575.png",825,575,true],"chromenews-medium":["https:\/\/noticiasbahia360.com.br\/wp-content\/uploads\/2025\/03\/sTPdelOV-carnavaldesalvadcr_foto_leonardorattes_ascom_sesab-590x410.png",590,410,true]},"author_info":{"display_name":"noticiasbahia360.com.br","author_link":"https:\/\/noticiasbahia360.com.br\/?author=1"},"category_info":"<a href=\"https:\/\/noticiasbahia360.com.br\/?cat=8\" rel=\"category\">Bahia<\/a> <a href=\"https:\/\/noticiasbahia360.com.br\/?cat=9\" rel=\"category\">Brasil<\/a> <a href=\"https:\/\/noticiasbahia360.com.br\/?cat=6\" rel=\"category\">Feira de Santana<\/a> <a href=\"https:\/\/noticiasbahia360.com.br\/?cat=57\" rel=\"category\">Mundo<\/a> <a href=\"https:\/\/noticiasbahia360.com.br\/?cat=56\" rel=\"category\">Pol\u00edcia<\/a> <a href=\"https:\/\/noticiasbahia360.com.br\/?cat=10\" rel=\"category\">Pol\u00edtica<\/a>","tag_info":"Pol\u00edtica","comment_count":"0","_links":{"self":[{"href":"https:\/\/noticiasbahia360.com.br\/index.php?rest_route=\/wp\/v2\/posts\/77300","targetHints":{"allow":["GET"]}}],"collection":[{"href":"https:\/\/noticiasbahia360.com.br\/index.php?rest_route=\/wp\/v2\/posts"}],"about":[{"href":"https:\/\/noticiasbahia360.com.br\/index.php?rest_route=\/wp\/v2\/types\/post"}],"author":[{"embeddable":true,"href":"https:\/\/noticiasbahia360.com.br\/index.php?rest_route=\/wp\/v2\/users\/1"}],"replies":[{"embeddable":true,"href":"https:\/\/noticiasbahia360.com.br\/index.php?rest_route=%2Fwp%2Fv2%2Fcomments&post=77300"}],"version-history":[{"count":0,"href":"https:\/\/noticiasbahia360.com.br\/index.php?rest_route=\/wp\/v2\/posts\/77300\/revisions"}],"wp:featuredmedia":[{"embeddable":true,"href":"https:\/\/noticiasbahia360.com.br\/index.php?rest_route=\/wp\/v2\/media\/77301"}],"wp:attachment":[{"href":"https:\/\/noticiasbahia360.com.br\/index.php?rest_route=%2Fwp%2Fv2%2Fmedia&parent=77300"}],"wp:term":[{"taxonomy":"category","embeddable":true,"href":"https:\/\/noticiasbahia360.com.br\/index.php?rest_route=%2Fwp%2Fv2%2Fcategories&post=77300"},{"taxonomy":"post_tag","embeddable":true,"href":"https:\/\/noticiasbahia360.com.br\/index.php?rest_route=%2Fwp%2Fv2%2Ftags&post=77300"}],"curies":[{"name":"wp","href":"https:\/\/api.w.org\/{rel}","templated":true}]}}