{"id":77302,"date":"2025-03-06T15:14:53","date_gmt":"2025-03-06T18:14:53","guid":{"rendered":"https:\/\/noticiasbahia360.com.br\/?p=77302"},"modified":"2025-03-06T15:14:53","modified_gmt":"2025-03-06T18:14:53","slug":"beneficiarios-do-bolsa-familia-devem-atualizar-acompanhamento-de-saude-ate-30-de-junho","status":"publish","type":"post","link":"https:\/\/noticiasbahia360.com.br\/?p=77302","title":{"rendered":"Benefici\u00e1rios do Bolsa Fam\u00edlia devem atualizar acompanhamento de sa\u00fade at\u00e9 30 de junho"},"content":{"rendered":"<div>\n<div>\n<figure><img decoding=\"async\" src=\"http:\/\/noticiasbahia360.com.br\/wp-content\/uploads\/2025\/03\/Bolsa-familia-foto-lyon-santos-MDS.jpg\" alt=\"Bolsa fam\u00edlia\"><figcaption>Foto: Lyon Santos\/MDS<\/figcaption><\/figure>\n<\/div>\n<p>Os benefici\u00e1rios do programa Bolsa Fam\u00edlia em Feira de Santana t\u00eam at\u00e9 o dia 30 de junho para realizar o acompanhamento obrigat\u00f3rio de sa\u00fade. A atualiza\u00e7\u00e3o \u00e9 essencial para a manuten\u00e7\u00e3o do benef\u00edcio, e o n\u00e3o cumprimento pode resultar no bloqueio ou cancelamento do pagamento.<\/p>\n<p>A Secretaria Municipal de Sa\u00fade (SMS) orienta que as fam\u00edlias compare\u00e7am o quanto antes \u00e0 Unidade B\u00e1sica de Sa\u00fade (UBS) ou \u00e0 Unidade de Sa\u00fade da Fam\u00edlia (USF) mais pr\u00f3xima para garantir a regulariza\u00e7\u00e3o. A recomenda\u00e7\u00e3o \u00e9 n\u00e3o deixar para a \u00faltima hora, pois, \u00e0 medida que o prazo se aproxima, o sistema pode apresentar instabilidades, dificultando o atendimento e a atualiza\u00e7\u00e3o dos dados.<\/p>\n<p>Durante o acompanhamento, s\u00e3o verificados o calend\u00e1rio vacinal, o peso e altura de crian\u00e7as menores de 7 anos, al\u00e9m do acompanhamento de mulheres entre 14 e 44 anos. No caso de gestantes, \u00e9 necess\u00e1rio comprovar a realiza\u00e7\u00e3o das consultas de pr\u00e9-natal.<\/p>\n<p>Para realizar o procedimento, os benefici\u00e1rios devem apresentar o cart\u00e3o do Bolsa Fam\u00edlia, documentos pessoais de todos os membros da fam\u00edlia, caderneta de vacina\u00e7\u00e3o e comprovante de resid\u00eancia, caso tenha mudan\u00e7a de endere\u00e7o.<\/p>\n<p>O acompanhamento de sa\u00fade \u00e9 um dos crit\u00e9rios exigidos para a continuidade do programa e permite o envio de informa\u00e7\u00f5es ao Minist\u00e9rio da Sa\u00fade. A Secretaria refor\u00e7a a import\u00e2ncia de que os benefici\u00e1rios se identifiquem como participantes do programa junto ao agente comunit\u00e1rio de sa\u00fade da sua \u00e1rea ou na recep\u00e7\u00e3o da unidade de atendimento.<\/p>\n<p><em>As informa\u00e7\u00f5es s\u00e3o da Secretaria de Comunica\u00e7\u00e3o Social<\/em><\/p>\n<p><em>Siga o Acorda Cidade no<\/em><a href=\"https:\/\/news.google.com\/search?q=acorda%20cidade&amp;hl=pt-BR&amp;gl=BR&amp;ceid=BR%3Apt-419\"><strong><em> Google Not\u00edcias<\/em><\/strong><\/a><em> e receba os principais destaques do dia. Participe tamb\u00e9m dos nossos canais no <\/em><a href=\"https:\/\/whatsapp.com\/channel\/0029Va6Rb4v3WHTNnsh8WI3N\"><strong><em>WhatsApp<\/em><\/strong><\/a><em> e <\/em><a href=\"https:\/\/www.youtube.com\/@acordacidadenoticias\/videos\"><strong>Youtube<\/strong><\/a><em> e grupo de <\/em><a href=\"https:\/\/t.me\/+sSz0khrgARA0ZmRh\"><strong><em>Telegram<\/em><\/strong><\/a><em>.<\/em><\/p>\n<\/div>\n","protected":false},"excerpt":{"rendered":"<div>\n<div>\n<figure><img decoding=\"async\" src=\"https:\/\/uploads.acordacidade.com.br\/2024\/12\/Bolsa-familia-foto-lyon-santos-MDS.jpg\" alt=\"Bolsa fam\u00edlia\"><figcaption>Foto: Lyon Santos\/MDS<\/figcaption><\/figure>\n<\/div>\n<p>O n\u00e3o cumprimento pode resultar no bloqueio ou cancelamento do pagamento.<\/p><\/div>\n","protected":false},"author":1,"featured_media":77303,"comment_status":"closed","ping_status":"closed","sticky":false,"template":"","format":"gallery","meta":{"footnotes":""},"categories":[8,9,6,57,56,10],"tags":[],"class_list":["post-77302","post","type-post","status-publish","format-gallery","has-post-thumbnail","hentry","category-bahia","category-brasil","category-feira-de-santana","category-mundo","category-policia","category-politica","post_format-post-format-gallery"],"featured_image_urls":{"full":["https:\/\/noticiasbahia360.com.br\/wp-content\/uploads\/2025\/03\/Bolsa-familia-foto-lyon-santos-MDS.jpg",640,383,false],"thumbnail":["https:\/\/noticiasbahia360.com.br\/wp-content\/uploads\/2025\/03\/Bolsa-familia-foto-lyon-santos-MDS-150x150.jpg",150,150,true],"medium":["https:\/\/noticiasbahia360.com.br\/wp-content\/uploads\/2025\/03\/Bolsa-familia-foto-lyon-santos-MDS-300x180.jpg",300,180,true],"medium_large":["https:\/\/noticiasbahia360.com.br\/wp-content\/uploads\/2025\/03\/Bolsa-familia-foto-lyon-santos-MDS.jpg",640,383,false],"large":["https:\/\/noticiasbahia360.com.br\/wp-content\/uploads\/2025\/03\/Bolsa-familia-foto-lyon-santos-MDS.jpg",640,383,false],"1536x1536":["https:\/\/noticiasbahia360.com.br\/wp-content\/uploads\/2025\/03\/Bolsa-familia-foto-lyon-santos-MDS.jpg",640,383,false],"2048x2048":["https:\/\/noticiasbahia360.com.br\/wp-content\/uploads\/2025\/03\/Bolsa-familia-foto-lyon-santos-MDS.jpg",640,383,false],"chromenews-featured":["https:\/\/noticiasbahia360.com.br\/wp-content\/uploads\/2025\/03\/Bolsa-familia-foto-lyon-santos-MDS.jpg",640,383,false],"chromenews-large":["https:\/\/noticiasbahia360.com.br\/wp-content\/uploads\/2025\/03\/Bolsa-familia-foto-lyon-santos-MDS.jpg",640,383,false],"chromenews-medium":["https:\/\/noticiasbahia360.com.br\/wp-content\/uploads\/2025\/03\/Bolsa-familia-foto-lyon-santos-MDS-590x383.jpg",590,383,true]},"author_info":{"display_name":"noticiasbahia360.com.br","author_link":"https:\/\/noticiasbahia360.com.br\/?author=1"},"category_info":"<a href=\"https:\/\/noticiasbahia360.com.br\/?cat=8\" rel=\"category\">Bahia<\/a> <a href=\"https:\/\/noticiasbahia360.com.br\/?cat=9\" rel=\"category\">Brasil<\/a> <a href=\"https:\/\/noticiasbahia360.com.br\/?cat=6\" rel=\"category\">Feira de Santana<\/a> <a href=\"https:\/\/noticiasbahia360.com.br\/?cat=57\" rel=\"category\">Mundo<\/a> <a href=\"https:\/\/noticiasbahia360.com.br\/?cat=56\" rel=\"category\">Pol\u00edcia<\/a> <a href=\"https:\/\/noticiasbahia360.com.br\/?cat=10\" rel=\"category\">Pol\u00edtica<\/a>","tag_info":"Pol\u00edtica","comment_count":"0","_links":{"self":[{"href":"https:\/\/noticiasbahia360.com.br\/index.php?rest_route=\/wp\/v2\/posts\/77302","targetHints":{"allow":["GET"]}}],"collection":[{"href":"https:\/\/noticiasbahia360.com.br\/index.php?rest_route=\/wp\/v2\/posts"}],"about":[{"href":"https:\/\/noticiasbahia360.com.br\/index.php?rest_route=\/wp\/v2\/types\/post"}],"author":[{"embeddable":true,"href":"https:\/\/noticiasbahia360.com.br\/index.php?rest_route=\/wp\/v2\/users\/1"}],"replies":[{"embeddable":true,"href":"https:\/\/noticiasbahia360.com.br\/index.php?rest_route=%2Fwp%2Fv2%2Fcomments&post=77302"}],"version-history":[{"count":0,"href":"https:\/\/noticiasbahia360.com.br\/index.php?rest_route=\/wp\/v2\/posts\/77302\/revisions"}],"wp:featuredmedia":[{"embeddable":true,"href":"https:\/\/noticiasbahia360.com.br\/index.php?rest_route=\/wp\/v2\/media\/77303"}],"wp:attachment":[{"href":"https:\/\/noticiasbahia360.com.br\/index.php?rest_route=%2Fwp%2Fv2%2Fmedia&parent=77302"}],"wp:term":[{"taxonomy":"category","embeddable":true,"href":"https:\/\/noticiasbahia360.com.br\/index.php?rest_route=%2Fwp%2Fv2%2Fcategories&post=77302"},{"taxonomy":"post_tag","embeddable":true,"href":"https:\/\/noticiasbahia360.com.br\/index.php?rest_route=%2Fwp%2Fv2%2Ftags&post=77302"}],"curies":[{"name":"wp","href":"https:\/\/api.w.org\/{rel}","templated":true}]}}