{"id":77304,"date":"2025-03-06T15:25:48","date_gmt":"2025-03-06T18:25:48","guid":{"rendered":"https:\/\/noticiasbahia360.com.br\/?p=77304"},"modified":"2025-03-06T15:25:48","modified_gmt":"2025-03-06T18:25:48","slug":"congresso-mulheres-de-alianca-acontece-nos-proximos-dias-7-e-8-de-marco-em-feira-de-santana","status":"publish","type":"post","link":"https:\/\/noticiasbahia360.com.br\/?p=77304","title":{"rendered":"Congresso Mulheres de Alian\u00e7a acontece nos pr\u00f3ximos dias 7 e 8 de mar\u00e7o em Feira de Santana"},"content":{"rendered":"<div>\n<div>\n<figure><img decoding=\"async\" src=\"http:\/\/noticiasbahia360.com.br\/wp-content\/uploads\/2025\/03\/sQT9Gt96-congresso-mulheres-2.png\" alt=\"\"><figcaption>Foto: Divulga\u00e7\u00e3o <\/figcaption><\/figure>\n<\/div>\n<p>Nos pr\u00f3ximos dias 7 e 8 de mar\u00e7o, acontecer\u00e1 o primeiro Congresso Mulheres de Alian\u00e7a, em Feira de Santana, em homenagem ao Dia Internacional da Mulher. O evento gratuito \u00e9 organizado pela <em>Alian\u00e7a sua Igreja<\/em> e ser\u00e1 realizado em sua sede, localizada na Avenida Ant\u00f4nio Carlos Magalh\u00e3es, n\u00ba 1200, no bairro Cidade Nova.<\/p>\n<p>A pastora Marivone S\u00e1 Barreto, convida a todas para o encontro que promete ser transformador. \u201cA trai\u00e7\u00e3o tem um efeito devastador no cora\u00e7\u00e3o das mulheres e muitas delas afirmam se quer encontrar palavra suficiente para descrever o tamanho dessa dor. Aqui no Congresso Mulheres de Alian\u00e7a, voc\u00ea vai ter uma aula de como ser curada definitivamente dessa ferida\u201d, afirmou.<\/p>\n<figure class=\"wp-block-image size-full\"><img fetchpriority=\"high\" fetchpriority=\"high\" decoding=\"async\" width=\"417\" height=\"656\" src=\"http:\/\/noticiasbahia360.com.br\/wp-content\/uploads\/2025\/03\/dLkNKgb6-pastora-png.webp\" alt=\"pastora\" class=\"wp-image-509936\" srcset=\"https:\/\/uploads.acordacidade.com.br\/2025\/03\/dLkNKgb6-pastora-191x300.webp 191w, https:\/\/uploads.acordacidade.com.br\/2025\/03\/dLkNKgb6-pastora-150x236.webp 150w, http:\/\/noticiasbahia360.com.br\/wp-content\/uploads\/2025\/03\/dLkNKgb6-pastora-png.webp 417w\" sizes=\"(max-width: 417px) 100vw, 417px\"><figcaption class=\"wp-element-caption\">Pastora Marivone S\u00e1 Barreto | Foto: Reprodu\u00e7\u00e3o<\/figcaption><\/figure>\n<p>Haver\u00e1 ainda a participa\u00e7\u00e3o da ex-miss Emirados \u00c1rabes, Heloysa Nunes, que contar\u00e1 o seu testemunho de vida.<\/p>\n<p>\u201cVoc\u00ea mulher que estiver em Feira de Santana e puder, compare\u00e7a nesse momento, para que a gente possa compartilhar grandes coisas que o Senhor far\u00e1 atrav\u00e9s da minha vida e da sua vida\u201d, convidou Heloysa.<\/p>\n<figure class=\"wp-block-image size-full\"><img decoding=\"async\" width=\"419\" height=\"607\" src=\"http:\/\/noticiasbahia360.com.br\/wp-content\/uploads\/2025\/03\/iU0bCq4D-miss-png.webp\" alt=\"Heloysa Nunes \" class=\"wp-image-509939\" srcset=\"https:\/\/uploads.acordacidade.com.br\/2025\/03\/iU0bCq4D-miss-207x300.webp 207w, https:\/\/uploads.acordacidade.com.br\/2025\/03\/iU0bCq4D-miss-150x217.webp 150w, http:\/\/noticiasbahia360.com.br\/wp-content\/uploads\/2025\/03\/iU0bCq4D-miss-png.webp 419w\" sizes=\"(max-width: 419px) 100vw, 419px\"><figcaption class=\"wp-element-caption\">Ex-miss Emirados \u00c1rabes, Heloysa Nunes | Foto: Reprodu\u00e7\u00e3o <\/figcaption><\/figure>\n<p><strong>Servi\u00e7o:<\/strong><\/p>\n<p><strong>Evento: <\/strong>Congresso Mulheres de Alian\u00e7a.<\/p>\n<p><strong>Local:<\/strong> Alian\u00e7a sua Igreja \u2013 Avenida Ant\u00f4nio Carlos Magalh\u00e3es, n\u00ba 1200, no bairro Cidade Nova, pr\u00f3ximo \u00e0 Avenida Francisco Fraga Maia.<\/p>\n<p><strong>Hor\u00e1rio:<\/strong> Sexta-feira, <strong>7 de mar\u00e7o, \u00e0s 19h30<\/strong> \u2013 S\u00e1bado, <strong>8 de mar\u00e7o, \u00e0s 15h<\/strong>.<\/p>\n<figure class=\"wp-block-image size-full\"><img decoding=\"async\" width=\"426\" height=\"757\" src=\"http:\/\/noticiasbahia360.com.br\/wp-content\/uploads\/2025\/03\/eK6d4Mfl-congresso-mulheres.png\" alt=\"Congresso para mulheres \" class=\"wp-image-509933\" srcset=\"https:\/\/uploads.acordacidade.com.br\/2025\/03\/eK6d4Mfl-congresso-mulheres-169x300.webp 169w, https:\/\/uploads.acordacidade.com.br\/2025\/03\/eK6d4Mfl-congresso-mulheres-150x267.webp 150w, http:\/\/noticiasbahia360.com.br\/wp-content\/uploads\/2025\/03\/eK6d4Mfl-congresso-mulheres.png 426w\" sizes=\"(max-width: 426px) 100vw, 426px\"><figcaption class=\"wp-element-caption\">Foto: Divulga\u00e7\u00e3o <\/figcaption><\/figure>\n<p><em>Siga o Acorda Cidade no<\/em><a href=\"https:\/\/news.google.com\/search?q=acorda%20cidade&amp;hl=pt-BR&amp;gl=BR&amp;ceid=BR%3Apt-419\"><strong><em>\u00a0Google Not\u00edcias<\/em><\/strong><\/a><em>\u00a0e receba os principais destaques do dia. Participe tamb\u00e9m dos nossos canais no\u00a0<\/em><a href=\"https:\/\/whatsapp.com\/channel\/0029Va6Rb4v3WHTNnsh8WI3N\"><strong><em>WhatsApp<\/em><\/strong><\/a><em>\u00a0e\u00a0<\/em><a href=\"https:\/\/www.youtube.com\/@acordacidadenoticias\/videos\"><strong>Youtube<\/strong><\/a><em>\u00a0e grupo de\u00a0<\/em><a href=\"https:\/\/t.me\/+sSz0khrgARA0ZmRh\"><strong><em>Telegram<\/em><\/strong><\/a><em>.<\/em><\/p>\n<\/div>\n","protected":false},"excerpt":{"rendered":"<div>\n<div>\n<figure><img decoding=\"async\" src=\"https:\/\/uploads.acordacidade.com.br\/2025\/03\/sQT9Gt96-congresso-mulheres-2.png\" alt=\"\"><figcaption>Foto: Divulga\u00e7\u00e3o <\/figcaption><\/figure>\n<\/div>\n<p>O evento conta com a participa\u00e7\u00e3o da ex-miss Emirados \u00c1rabes, Heloysa Nunes<\/p><\/div>\n","protected":false},"author":1,"featured_media":77305,"comment_status":"closed","ping_status":"closed","sticky":false,"template":"","format":"gallery","meta":{"footnotes":""},"categories":[8,9,6,57,56,10],"tags":[],"class_list":["post-77304","post","type-post","status-publish","format-gallery","has-post-thumbnail","hentry","category-bahia","category-brasil","category-feira-de-santana","category-mundo","category-policia","category-politica","post_format-post-format-gallery"],"featured_image_urls":{"full":["https:\/\/noticiasbahia360.com.br\/wp-content\/uploads\/2025\/03\/sQT9Gt96-congresso-mulheres-2.png",426,486,false],"thumbnail":["https:\/\/noticiasbahia360.com.br\/wp-content\/uploads\/2025\/03\/sQT9Gt96-congresso-mulheres-2-150x150.png",150,150,true],"medium":["https:\/\/noticiasbahia360.com.br\/wp-content\/uploads\/2025\/03\/sQT9Gt96-congresso-mulheres-2-263x300.png",263,300,true],"medium_large":["https:\/\/noticiasbahia360.com.br\/wp-content\/uploads\/2025\/03\/sQT9Gt96-congresso-mulheres-2.png",426,486,false],"large":["https:\/\/noticiasbahia360.com.br\/wp-content\/uploads\/2025\/03\/sQT9Gt96-congresso-mulheres-2.png",426,486,false],"1536x1536":["https:\/\/noticiasbahia360.com.br\/wp-content\/uploads\/2025\/03\/sQT9Gt96-congresso-mulheres-2.png",426,486,false],"2048x2048":["https:\/\/noticiasbahia360.com.br\/wp-content\/uploads\/2025\/03\/sQT9Gt96-congresso-mulheres-2.png",426,486,false],"chromenews-featured":["https:\/\/noticiasbahia360.com.br\/wp-content\/uploads\/2025\/03\/sQT9Gt96-congresso-mulheres-2.png",426,486,false],"chromenews-large":["https:\/\/noticiasbahia360.com.br\/wp-content\/uploads\/2025\/03\/sQT9Gt96-congresso-mulheres-2.png",426,486,false],"chromenews-medium":["https:\/\/noticiasbahia360.com.br\/wp-content\/uploads\/2025\/03\/sQT9Gt96-congresso-mulheres-2-426x410.png",426,410,true]},"author_info":{"display_name":"noticiasbahia360.com.br","author_link":"https:\/\/noticiasbahia360.com.br\/?author=1"},"category_info":"<a href=\"https:\/\/noticiasbahia360.com.br\/?cat=8\" rel=\"category\">Bahia<\/a> <a href=\"https:\/\/noticiasbahia360.com.br\/?cat=9\" rel=\"category\">Brasil<\/a> <a href=\"https:\/\/noticiasbahia360.com.br\/?cat=6\" rel=\"category\">Feira de Santana<\/a> <a href=\"https:\/\/noticiasbahia360.com.br\/?cat=57\" rel=\"category\">Mundo<\/a> <a href=\"https:\/\/noticiasbahia360.com.br\/?cat=56\" rel=\"category\">Pol\u00edcia<\/a> <a href=\"https:\/\/noticiasbahia360.com.br\/?cat=10\" rel=\"category\">Pol\u00edtica<\/a>","tag_info":"Pol\u00edtica","comment_count":"0","_links":{"self":[{"href":"https:\/\/noticiasbahia360.com.br\/index.php?rest_route=\/wp\/v2\/posts\/77304","targetHints":{"allow":["GET"]}}],"collection":[{"href":"https:\/\/noticiasbahia360.com.br\/index.php?rest_route=\/wp\/v2\/posts"}],"about":[{"href":"https:\/\/noticiasbahia360.com.br\/index.php?rest_route=\/wp\/v2\/types\/post"}],"author":[{"embeddable":true,"href":"https:\/\/noticiasbahia360.com.br\/index.php?rest_route=\/wp\/v2\/users\/1"}],"replies":[{"embeddable":true,"href":"https:\/\/noticiasbahia360.com.br\/index.php?rest_route=%2Fwp%2Fv2%2Fcomments&post=77304"}],"version-history":[{"count":0,"href":"https:\/\/noticiasbahia360.com.br\/index.php?rest_route=\/wp\/v2\/posts\/77304\/revisions"}],"wp:featuredmedia":[{"embeddable":true,"href":"https:\/\/noticiasbahia360.com.br\/index.php?rest_route=\/wp\/v2\/media\/77305"}],"wp:attachment":[{"href":"https:\/\/noticiasbahia360.com.br\/index.php?rest_route=%2Fwp%2Fv2%2Fmedia&parent=77304"}],"wp:term":[{"taxonomy":"category","embeddable":true,"href":"https:\/\/noticiasbahia360.com.br\/index.php?rest_route=%2Fwp%2Fv2%2Fcategories&post=77304"},{"taxonomy":"post_tag","embeddable":true,"href":"https:\/\/noticiasbahia360.com.br\/index.php?rest_route=%2Fwp%2Fv2%2Ftags&post=77304"}],"curies":[{"name":"wp","href":"https:\/\/api.w.org\/{rel}","templated":true}]}} 