{"id":77309,"date":"2025-03-06T16:00:31","date_gmt":"2025-03-06T19:00:31","guid":{"rendered":"https:\/\/noticiasbahia360.com.br\/?p=77309"},"modified":"2025-03-06T16:00:31","modified_gmt":"2025-03-06T19:00:31","slug":"pesquisa-investiga-saude-mental-de-universitarios-baianos-e-busca-voluntarios","status":"publish","type":"post","link":"https:\/\/noticiasbahia360.com.br\/?p=77309","title":{"rendered":"Pesquisa investiga sa\u00fade mental de universit\u00e1rios baianos e busca volunt\u00e1rios"},"content":{"rendered":"<div>\n<div>\n<figure><img decoding=\"async\" src=\"http:\/\/noticiasbahia360.com.br\/wp-content\/uploads\/2025\/03\/xE4FoFaj-cena-autentica-de-um-jovem-a-passar-por-terapia-psicologica_23-2150161919.jpg\" alt=\"depress\u00e3o - terapia integrativa\"><figcaption>Foto: Freepik<\/figcaption><\/figure>\n<\/div>\n<p>Estudantes de gradua\u00e7\u00e3o das universidades federais da Bahia t\u00eam a oportunidade de contribuir para uma pesquisa sobre sa\u00fade mental no ensino superior. O estudo intitulado \u201cBem-Estar Psicol\u00f3gico e Sa\u00fade Mental de Estudantes Universit\u00e1rios das Universidades Federais Baianas\u201d busca entender melhor os desafios emocionais enfrentados pelos alunos e promover melhorias na viv\u00eancia acad\u00eamica.<\/p>\n<p>Podem participar alunos da UFBA, UFRB e UFOB com 18 anos ou mais. A pesquisa \u00e9 an\u00f4nima e realizada de forma on-line, por meio de um question\u00e1rio dispon\u00edvel nesse link (<a href=\"https:\/\/docs.google.com\/forms\/d\/e\/1FAIpQLSeGXdXoSuzq5_dB0wIlJss2rMh9UQtz685dw4u7dm2PLSxE5Q\/viewform\" target=\"_blank\" rel=\"noreferrer noopener\">https:\/\/forms.gle\/mXdoVg69t8sPBUWp7<\/a>) ou via QR Code na imagem de divulga\u00e7\u00e3o. A iniciativa tem aprova\u00e7\u00e3o do Comit\u00ea de \u00c9tica em Pesquisa do Instituto de Psicologia da Universidade Federal da Bahia e \u00e9 coordenada pelo psic\u00f3logo e doutorando Rafael Anuncia\u00e7\u00e3o Oliveira.<\/p>\n<figure class=\"wp-block-image size-large\"><img fetchpriority=\"high\" fetchpriority=\"high\" decoding=\"async\" width=\"1024\" height=\"1024\" src=\"http:\/\/noticiasbahia360.com.br\/wp-content\/uploads\/2025\/03\/c3rKKvnC-card-1024x1024-1.webp\" alt=\"card sa\u00fade mental\" class=\"wp-image-509956\" srcset=\"https:\/\/uploads.acordacidade.com.br\/2025\/03\/c3rKKvnC-card-300x300.webp 300w, http:\/\/noticiasbahia360.com.br\/wp-content\/uploads\/2025\/03\/c3rKKvnC-card-1024x1024-1.webp 1024w, https:\/\/uploads.acordacidade.com.br\/2025\/03\/c3rKKvnC-card-150x150.webp 150w, https:\/\/uploads.acordacidade.com.br\/2025\/03\/c3rKKvnC-card-768x768.webp 768w, https:\/\/uploads.acordacidade.com.br\/2025\/03\/c3rKKvnC-card-1536x1536.webp 1536w, https:\/\/uploads.acordacidade.com.br\/2025\/03\/c3rKKvnC-card-96x96.webp 96w, https:\/\/uploads.acordacidade.com.br\/2025\/03\/c3rKKvnC-card.webp 1920w\" sizes=\"(max-width: 1024px) 100vw, 1024px\"><figcaption class=\"wp-element-caption\">Foto: Divulga\u00e7\u00e3o<\/figcaption><\/figure>\n<p>Diante do aumento de casos de ansiedade, depress\u00e3o e outros transtornos psicol\u00f3gicos no ambiente acad\u00eamico, a pesquisa busca mapear a situa\u00e7\u00e3o e fornecer dados essenciais para a implementa\u00e7\u00e3o de pol\u00edticas mais eficazes no suporte \u00e0 sa\u00fade mental dos estudantes.<\/p>\n<p>Os interessados podem acessar o formul\u00e1rio e contribuir com a constru\u00e7\u00e3o de um ambiente universit\u00e1rio mais saud\u00e1vel e acolhedor. Mais informa\u00e7\u00f5es podem ser obtidas pelo e-mail rafaelolian.psi@gmail.com ou pelo telefone (75) 99175-3682.<\/p>\n<p><em>Siga o Acorda Cidade no<\/em><a href=\"https:\/\/news.google.com\/search?q=acorda%20cidade&amp;hl=pt-BR&amp;gl=BR&amp;ceid=BR%3Apt-419\"><strong><em> Google Not\u00edcias<\/em><\/strong><\/a><em> e receba os principais destaques do dia. Participe tamb\u00e9m dos nossos canais no <\/em><a href=\"https:\/\/whatsapp.com\/channel\/0029Va6Rb4v3WHTNnsh8WI3N\"><strong><em>WhatsApp<\/em><\/strong><\/a><em> e <\/em><a href=\"https:\/\/www.youtube.com\/@acordacidadenoticias\/videos\"><strong>Youtube<\/strong><\/a><em> e grupo de <\/em><a href=\"https:\/\/t.me\/+sSz0khrgARA0ZmRh\"><strong><em>Telegram<\/em><\/strong><\/a><em>.<\/em><\/p>\n<\/div>\n","protected":false},"excerpt":{"rendered":"<div>\n<div>\n<figure><img decoding=\"async\" src=\"https:\/\/uploads.acordacidade.com.br\/2024\/09\/xE4FoFaj-cena-autentica-de-um-jovem-a-passar-por-terapia-psicologica_23-2150161919.jpg\" alt=\"depress\u00e3o - terapia integrativa\"><figcaption>Foto: Freepik<\/figcaption><\/figure>\n<\/div>\n<p>Podem participar alunos da UFBA, UFRB e UFOB com 18 anos ou mais.<\/p><\/div>\n","protected":false},"author":1,"featured_media":77310,"comment_status":"closed","ping_status":"closed","sticky":false,"template":"","format":"gallery","meta":{"footnotes":""},"categories":[8,9,6,57,56,10],"tags":[],"class_list":["post-77309","post","type-post","status-publish","format-gallery","has-post-thumbnail","hentry","category-bahia","category-brasil","category-feira-de-santana","category-mundo","category-policia","category-politica","post_format-post-format-gallery"],"featured_image_urls":{"full":["https:\/\/noticiasbahia360.com.br\/wp-content\/uploads\/2025\/03\/xE4FoFaj-cena-autentica-de-um-jovem-a-passar-por-terapia-psicologica_23-2150161919.jpg",640,426,false],"thumbnail":["https:\/\/noticiasbahia360.com.br\/wp-content\/uploads\/2025\/03\/xE4FoFaj-cena-autentica-de-um-jovem-a-passar-por-terapia-psicologica_23-2150161919-150x150.jpg",150,150,true],"medium":["https:\/\/noticiasbahia360.com.br\/wp-content\/uploads\/2025\/03\/xE4FoFaj-cena-autentica-de-um-jovem-a-passar-por-terapia-psicologica_23-2150161919-300x200.jpg",300,200,true],"medium_large":["https:\/\/noticiasbahia360.com.br\/wp-content\/uploads\/2025\/03\/xE4FoFaj-cena-autentica-de-um-jovem-a-passar-por-terapia-psicologica_23-2150161919.jpg",640,426,false],"large":["https:\/\/noticiasbahia360.com.br\/wp-content\/uploads\/2025\/03\/xE4FoFaj-cena-autentica-de-um-jovem-a-passar-por-terapia-psicologica_23-2150161919.jpg",640,426,false],"1536x1536":["https:\/\/noticiasbahia360.com.br\/wp-content\/uploads\/2025\/03\/xE4FoFaj-cena-autentica-de-um-jovem-a-passar-por-terapia-psicologica_23-2150161919.jpg",640,426,false],"2048x2048":["https:\/\/noticiasbahia360.com.br\/wp-content\/uploads\/2025\/03\/xE4FoFaj-cena-autentica-de-um-jovem-a-passar-por-terapia-psicologica_23-2150161919.jpg",640,426,false],"chromenews-featured":["https:\/\/noticiasbahia360.com.br\/wp-content\/uploads\/2025\/03\/xE4FoFaj-cena-autentica-de-um-jovem-a-passar-por-terapia-psicologica_23-2150161919.jpg",640,426,false],"chromenews-large":["https:\/\/noticiasbahia360.com.br\/wp-content\/uploads\/2025\/03\/xE4FoFaj-cena-autentica-de-um-jovem-a-passar-por-terapia-psicologica_23-2150161919.jpg",640,426,false],"chromenews-medium":["https:\/\/noticiasbahia360.com.br\/wp-content\/uploads\/2025\/03\/xE4FoFaj-cena-autentica-de-um-jovem-a-passar-por-terapia-psicologica_23-2150161919-590x410.jpg",590,410,true]},"author_info":{"display_name":"noticiasbahia360.com.br","author_link":"https:\/\/noticiasbahia360.com.br\/?author=1"},"category_info":"<a href=\"https:\/\/noticiasbahia360.com.br\/?cat=8\" rel=\"category\">Bahia<\/a> <a href=\"https:\/\/noticiasbahia360.com.br\/?cat=9\" rel=\"category\">Brasil<\/a> <a href=\"https:\/\/noticiasbahia360.com.br\/?cat=6\" rel=\"category\">Feira de Santana<\/a> <a href=\"https:\/\/noticiasbahia360.com.br\/?cat=57\" rel=\"category\">Mundo<\/a> <a href=\"https:\/\/noticiasbahia360.com.br\/?cat=56\" rel=\"category\">Pol\u00edcia<\/a> <a href=\"https:\/\/noticiasbahia360.com.br\/?cat=10\" rel=\"category\">Pol\u00edtica<\/a>","tag_info":"Pol\u00edtica","comment_count":"0","_links":{"self":[{"href":"https:\/\/noticiasbahia360.com.br\/index.php?rest_route=\/wp\/v2\/posts\/77309","targetHints":{"allow":["GET"]}}],"collection":[{"href":"https:\/\/noticiasbahia360.com.br\/index.php?rest_route=\/wp\/v2\/posts"}],"about":[{"href":"https:\/\/noticiasbahia360.com.br\/index.php?rest_route=\/wp\/v2\/types\/post"}],"author":[{"embeddable":true,"href":"https:\/\/noticiasbahia360.com.br\/index.php?rest_route=\/wp\/v2\/users\/1"}],"replies":[{"embeddable":true,"href":"https:\/\/noticiasbahia360.com.br\/index.php?rest_route=%2Fwp%2Fv2%2Fcomments&post=77309"}],"version-history":[{"count":0,"href":"https:\/\/noticiasbahia360.com.br\/index.php?rest_route=\/wp\/v2\/posts\/77309\/revisions"}],"wp:featuredmedia":[{"embeddable":true,"href":"https:\/\/noticiasbahia360.com.br\/index.php?rest_route=\/wp\/v2\/media\/77310"}],"wp:attachment":[{"href":"https:\/\/noticiasbahia360.com.br\/index.php?rest_route=%2Fwp%2Fv2%2Fmedia&parent=77309"}],"wp:term":[{"taxonomy":"category","embeddable":true,"href":"https:\/\/noticiasbahia360.com.br\/index.php?rest_route=%2Fwp%2Fv2%2Fcategories&post=77309"},{"taxonomy":"post_tag","embeddable":true,"href":"https:\/\/noticiasbahia360.com.br\/index.php?rest_route=%2Fwp%2Fv2%2Ftags&post=77309"}],"curies":[{"name":"wp","href":"https:\/\/api.w.org\/{rel}","templated":true}]}} 