{"id":77312,"date":"2025-03-06T16:14:57","date_gmt":"2025-03-06T19:14:57","guid":{"rendered":"https:\/\/noticiasbahia360.com.br\/?p=77312"},"modified":"2025-03-06T16:14:57","modified_gmt":"2025-03-06T19:14:57","slug":"deputado-ricardo-maia-visita-camara-de-feira-de-santana-e-promete-emendas-para-a-cidade","status":"publish","type":"post","link":"https:\/\/noticiasbahia360.com.br\/?p=77312","title":{"rendered":"Deputado Ricardo Maia visita C\u00e2mara de Feira de Santana e promete emendas para a cidade"},"content":{"rendered":"<div>\n<div>\n<figure><img decoding=\"async\" src=\"http:\/\/noticiasbahia360.com.br\/wp-content\/uploads\/2025\/03\/deputado-ricardo-maia.jpg\" alt=\"deputado ricardo maia\"><figcaption>Foto: Ascom C\u00e2mara<\/figcaption><\/figure>\n<\/div>\n<p>O deputado federal Ricardo Maia, ex-vereador e ex-prefeito por dois mandatos na cidade de Ribeira do Pombal, visitou recentemente a C\u00e2mara de Feira de Santana, sendo recebido pelo presidente da Casa, Marcos Lima (UB). \u201cEsta visita foi para conversarmos sobre investimentos, pois o Marcos est\u00e1 me cobrando\u201d, disse o deputado, sem disfar\u00e7ar o bom humor.<\/p>\n<p>Segundo ele, est\u00e3o em seu radar, para este munic\u00edpio, recursos federais, atrav\u00e9s de emendas impositivas, para \u00e1reas como a sa\u00fade, infraestrutura e entidades assistenciais. Tais emendas ser\u00e3o alocadas junto ao Or\u00e7amento de 2025, atendendo a v\u00e1rias das solicita\u00e7\u00f5es recebidas. \u201cO Marcos pede do tamanho de Feira de Santana, da grandiosidade que esta terra merece. Est\u00e1 certo. N\u00f3s temos que estar juntos por Feira de Santana. Eu fui acolhido nesta terra, que n\u00e3o \u00e9 a princesa, mas a rainha do sert\u00e3o\u201d.<\/p>\n<p>Ricardo Maia revelou que Marcos Lima est\u00e1 agendando visitas a Bras\u00edlia \u201ce l\u00e1 tamb\u00e9m iremos aos minist\u00e9rios, para conseguir investimentos aqui para Feira de Santana\u201d. Segundo o deputado, sua visita ao presidente da C\u00e2mara Feirense, e os compromissos assumidos, primeiro, s\u00e3o gestos de gratid\u00e3o. \u201cDois anos atr\u00e1s, n\u00f3s n\u00e3o t\u00ednhamos mandato, tanto eu quanto o Marcos. Ele arregimentou o apoio de v\u00e1rias pessoas, que nos ajudaram aqui em Feira de Santana, um grupo que nos abra\u00e7ou. E juntos conseguimos\u201d, registrou.<\/p>\n<p>Durante o bate-papo, o deputado parabenizou Marcos Lima \u201cpelo \u00eaxito na elei\u00e7\u00e3o para vereador e tamb\u00e9m agora por representar o Poder Legislativo desta importante cidade\u201d. A experi\u00eancia acumulada como vereador e prefeito por duas vezes, ele disse, influenciam em seu trabalho e nas decis\u00f5es em Bras\u00edlia. \u201cEu sei o que \u00e9 ser vereador, o sofrimento de estar no mandato; as pessoas buscam a execu\u00e7\u00e3o e o vereador n\u00e3o tem or\u00e7amento para estar liberando os recursos na diversas \u00e1reas que a popula\u00e7\u00e3o necessita. Eu tamb\u00e9m sei o que \u00e9 ser um prefeito e a dificuldade para conseguir verbas para a sa\u00fade, infraestrutura, etc\u201d.<\/p>\n<p>Ricardo Maia se diz realizado por ter feito \u201cum bom mandato em Ribeira do Pombal\u201d, onde garante ter avan\u00e7ado na aten\u00e7\u00e3o b\u00e1sica e infraestrutura. Antes de se eleger deputado federal \u2013 est\u00e1 no terceiro ano da atual legislatura \u2013 ele cumpriu um mandato de vereador e dois de prefeito, naquele munic\u00edpio, experi\u00eancia \u201cque traz uma boa bagagem para nossa passagem por Bras\u00edlia\u201d.<\/p>\n<p>O presidente Marcos Lima considerou bastante produtiva a visita do deputado, com quem pretende fortalecer a parceria. \u201cSem sombra de d\u00favida. Com certeza vamos renovar essa alian\u00e7a, por melhorias para nosso povo\u201d, assegurou. Agradecido pela visita, o dirigente da Casa da Cidadania disse ter aproveitado a oportunidade \u201cpara pedir algumas emendas para nossa cidade\u201d. Considera que os resultados s\u00e3o \u201cmuito bons, pois ele j\u00e1 se comprometeu em trazer os recursos\u201d.<\/p>\n<p><em>Siga o Acorda Cidade no<\/em><a href=\"https:\/\/news.google.com\/search?q=acorda%20cidade&amp;hl=pt-BR&amp;gl=BR&amp;ceid=BR%3Apt-419\"><strong><em> Google Not\u00edcias<\/em><\/strong><\/a><em> e receba os principais destaques do dia. Participe tamb\u00e9m dos nossos canais no <\/em><a href=\"https:\/\/whatsapp.com\/channel\/0029Va6Rb4v3WHTNnsh8WI3N\"><strong><em>WhatsApp<\/em><\/strong><\/a><em> e <\/em><a href=\"https:\/\/www.youtube.com\/@acordacidadenoticias\/videos\"><strong>Youtube<\/strong><\/a><em> e grupo de <\/em><a href=\"https:\/\/t.me\/+sSz0khrgARA0ZmRh\"><strong><em>Telegram<\/em><\/strong><\/a><em>.<\/em><\/p>\n<\/div>\n","protected":false},"excerpt":{"rendered":"<div>\n<div>\n<figure><img decoding=\"async\" src=\"https:\/\/uploads.acordacidade.com.br\/2025\/03\/deputado-ricardo-maia.jpg\" alt=\"deputado ricardo maia\"><figcaption>Foto: Ascom C\u00e2mara<\/figcaption><\/figure>\n<\/div>\n<p>Segundo ele, est\u00e3o em seu radar recursos federais, atrav\u00e9s de emendas impositivas, para \u00e1reas como a sa\u00fade, infraestrutura e entidades assistenciais<\/p><\/div>\n","protected":false},"author":1,"featured_media":77313,"comment_status":"closed","ping_status":"closed","sticky":false,"template":"","format":"gallery","meta":{"footnotes":""},"categories":[8,9,6,57,56,10],"tags":[],"class_list":["post-77312","post","type-post","status-publish","format-gallery","has-post-thumbnail","hentry","category-bahia","category-brasil","category-feira-de-santana","category-mundo","category-policia","category-politica","post_format-post-format-gallery"],"featured_image_urls":{"full":["https:\/\/noticiasbahia360.com.br\/wp-content\/uploads\/2025\/03\/deputado-ricardo-maia.jpg",1920,1280,false],"thumbnail":["https:\/\/noticiasbahia360.com.br\/wp-content\/uploads\/2025\/03\/deputado-ricardo-maia-150x150.jpg",150,150,true],"medium":["https:\/\/noticiasbahia360.com.br\/wp-content\/uploads\/2025\/03\/deputado-ricardo-maia-300x200.jpg",300,200,true],"medium_large":["https:\/\/noticiasbahia360.com.br\/wp-content\/uploads\/2025\/03\/deputado-ricardo-maia-768x512.jpg",640,427,true],"large":["https:\/\/noticiasbahia360.com.br\/wp-content\/uploads\/2025\/03\/deputado-ricardo-maia-1024x683.jpg",640,427,true],"1536x1536":["https:\/\/noticiasbahia360.com.br\/wp-content\/uploads\/2025\/03\/deputado-ricardo-maia-1536x1024.jpg",1536,1024,true],"2048x2048":["https:\/\/noticiasbahia360.com.br\/wp-content\/uploads\/2025\/03\/deputado-ricardo-maia.jpg",1920,1280,false],"chromenews-featured":["https:\/\/noticiasbahia360.com.br\/wp-content\/uploads\/2025\/03\/deputado-ricardo-maia-1024x683.jpg",1024,683,true],"chromenews-large":["https:\/\/noticiasbahia360.com.br\/wp-content\/uploads\/2025\/03\/deputado-ricardo-maia-825x575.jpg",825,575,true],"chromenews-medium":["https:\/\/noticiasbahia360.com.br\/wp-content\/uploads\/2025\/03\/deputado-ricardo-maia-590x410.jpg",590,410,true]},"author_info":{"display_name":"noticiasbahia360.com.br","author_link":"https:\/\/noticiasbahia360.com.br\/?author=1"},"category_info":"<a href=\"https:\/\/noticiasbahia360.com.br\/?cat=8\" rel=\"category\">Bahia<\/a> <a href=\"https:\/\/noticiasbahia360.com.br\/?cat=9\" rel=\"category\">Brasil<\/a> <a href=\"https:\/\/noticiasbahia360.com.br\/?cat=6\" rel=\"category\">Feira de Santana<\/a> <a href=\"https:\/\/noticiasbahia360.com.br\/?cat=57\" rel=\"category\">Mundo<\/a> <a href=\"https:\/\/noticiasbahia360.com.br\/?cat=56\" rel=\"category\">Pol\u00edcia<\/a> <a href=\"https:\/\/noticiasbahia360.com.br\/?cat=10\" rel=\"category\">Pol\u00edtica<\/a>","tag_info":"Pol\u00edtica","comment_count":"0","_links":{"self":[{"href":"https:\/\/noticiasbahia360.com.br\/index.php?rest_route=\/wp\/v2\/posts\/77312","targetHints":{"allow":["GET"]}}],"collection":[{"href":"https:\/\/noticiasbahia360.com.br\/index.php?rest_route=\/wp\/v2\/posts"}],"about":[{"href":"https:\/\/noticiasbahia360.com.br\/index.php?rest_route=\/wp\/v2\/types\/post"}],"author":[{"embeddable":true,"href":"https:\/\/noticiasbahia360.com.br\/index.php?rest_route=\/wp\/v2\/users\/1"}],"replies":[{"embeddable":true,"href":"https:\/\/noticiasbahia360.com.br\/index.php?rest_route=%2Fwp%2Fv2%2Fcomments&post=77312"}],"version-history":[{"count":0,"href":"https:\/\/noticiasbahia360.com.br\/index.php?rest_route=\/wp\/v2\/posts\/77312\/revisions"}],"wp:featuredmedia":[{"embeddable":true,"href":"https:\/\/noticiasbahia360.com.br\/index.php?rest_route=\/wp\/v2\/media\/77313"}],"wp:attachment":[{"href":"https:\/\/noticiasbahia360.com.br\/index.php?rest_route=%2Fwp%2Fv2%2Fmedia&parent=77312"}],"wp:term":[{"taxonomy":"category","embeddable":true,"href":"https:\/\/noticiasbahia360.com.br\/index.php?rest_route=%2Fwp%2Fv2%2Fcategories&post=77312"},{"taxonomy":"post_tag","embeddable":true,"href":"https:\/\/noticiasbahia360.com.br\/index.php?rest_route=%2Fwp%2Fv2%2Ftags&post=77312"}],"curies":[{"name":"wp","href":"https:\/\/api.w.org\/{rel}","templated":true}]}} 