{"id":77314,"date":"2025-03-06T16:29:59","date_gmt":"2025-03-06T19:29:59","guid":{"rendered":"https:\/\/noticiasbahia360.com.br\/?p=77314"},"modified":"2025-03-06T16:29:59","modified_gmt":"2025-03-06T19:29:59","slug":"shein-retorna-a-salvador-com-loja-temporaria","status":"publish","type":"post","link":"https:\/\/noticiasbahia360.com.br\/?p=77314","title":{"rendered":"Shein retorna a Salvador com loja tempor\u00e1ria"},"content":{"rendered":"<div>\n<div>\n<figure><img decoding=\"async\" src=\"http:\/\/noticiasbahia360.com.br\/wp-content\/uploads\/2025\/03\/shein.jpg\" alt=\"shein\"><figcaption>Foto da primeira pop-up store em Salvador, em mar\u00e7o de 2023 | Foto: Divulga\u00e7\u00e3o\/Shein<\/figcaption><\/figure>\n<\/div>\n<p>A Shein, varejista global de moda, beleza e lifestyle, anuncia a abertura de uma loja tempor\u00e1ria no Shopping Barra, na capital baiana, dessa vez com mais dias de funcionamento, de 12 a 16 de mar\u00e7o. Com um portf\u00f3lio ainda mais robusto, formado por mais de 12.500 pe\u00e7as, a curadoria de itens foi totalmente concebida para o p\u00fablico baiano. Ser\u00e3o itens de diversas categorias, como vestu\u00e1rio feminino, inclusive plus size, masculino, roupas para pet, moda praia e bolsas. Os tamanhos v\u00e3o do PP ao G5.<\/p>\n<p>\u201cEstamos voltando a Salvador, um local que nos recebeu com muito carinho em mar\u00e7o de 2023, para oferecer a experi\u00eancia f\u00edsica ao p\u00fablico baiano, t\u00e3o importante para o mercado da nossa marca no Brasil\u201d, diz Raquel Arruda, diretora de marketing da SHEIN. \u201cDessa vez, com cinco dias de opera\u00e7\u00e3o de loja, um portf\u00f3lio maior de pe\u00e7as, incluindo bolsas e um ambiente imersivo e instagram\u00e1vel pensado especialmente nos soteropolitanos\u201d, acrescenta.<\/p>\n<p>A segunda edi\u00e7\u00e3o da pop-up store da Shein em Salvador \u2013 e a primeira loja tempor\u00e1ria da empresa em 2025 \u2013 promete uma experi\u00eancia imersiva que vai al\u00e9m das compras. O espa\u00e7o contar\u00e1 com uma cenografia especial, projetada para incentivar a intera\u00e7\u00e3o e o registro de momentos pelos visitantes.<\/p>\n<p>A identidade visual da loja aposta em tons past\u00e9is de azul e amarelo, criando um ambiente leve e acolhedor, que remete ao sol, ao mar e ao c\u00e9u baiano. Um dos grandes destaques ser\u00e1 a \u00e1rea exclusiva da Cajuni, marca pr\u00f3pria da Shein, conhecida por suas estampas tropicais que refletem a energia e a cultura local.<\/p>\n<p>Al\u00e9m disso, a loja contar\u00e1 com 12 pe\u00e7as da cole\u00e7\u00e3o de ver\u00e3o criada em parceria com a influenciadora baiana Lore Improta, lan\u00e7ada no \u00faltimo m\u00eas. Desenvolvida para o Carnaval e para compor looks vers\u00e1teis para toda a esta\u00e7\u00e3o, a cole\u00e7\u00e3o traz pe\u00e7as leves, vibrantes e cheias de estilo, alinhadas ao esp\u00edrito festivo e ensolarado da Bahia.<\/p>\n<p>Com a expectativa de receber 2.500 visitantes por dia, a pop-up store da SHEIN contar\u00e1 com 500 m\u00b2 de \u00e1rea. Os clientes poder\u00e3o aproveitar 10% de desconto em todos os itens e, para compras acima de R$ 399,00, ter\u00e3o 20% de desconto e um brinde especial.<\/p>\n<h2 class=\"wp-block-heading\" id=\"h-live-commerce-e-acesso-a-loja\">Live commerce e acesso \u00e0 loja<\/h2>\n<p>O acesso \u00e0 loja ser\u00e1 permitido apenas por meio de agendamento pr\u00e9vio e gratuito no site Sympla. \u00c9 poss\u00edvel acessar a p\u00e1gina por meio do link: Link<\/p>\n<p>O primeiro lote de ingressos estar\u00e1 dispon\u00edvel a partir do dia 7 de mar\u00e7o, ao meio-dia. Ser\u00e3o disponibilizados mais dois lotes: um no dia 10 de mar\u00e7o, ao meio dia, e outro, no dia 11 de mar\u00e7o, tamb\u00e9m ao meio dia. A medida visa garantir o controle de acesso e uma experi\u00eancia de compra ainda mais segura e confort\u00e1vel para todos.<\/p>\n<p>Pensando no p\u00fablico que n\u00e3o poder\u00e1 estar presencialmente na loja, a SHEIN preparou uma transmiss\u00e3o no dia 13 de mar\u00e7o, a partir das 20h, para que os consumidores consigam comprar produtos dispon\u00edveis na pop-up. Durante os 90 minutos do evento online, ser\u00e3o apresentadas as principais pe\u00e7as da loja, com destaque para as tend\u00eancias de 2025. Quem participar da live pode aproveitar da mesma mec\u00e2nica de descontos da loja f\u00edsica, com a utiliza\u00e7\u00e3o do cupom promocional SHEINSALVADOR.<\/p>\n<h2 class=\"wp-block-heading\" id=\"h-iniciativa-de-moda-circular\">Iniciativa de moda circular<\/h2>\n<p>Pela primeira vez na Bahia, a Shein promover\u00e1 uma a\u00e7\u00e3o de moda circular durante sua pop-up store. A marca firmou uma parceria com a organiza\u00e7\u00e3o Humana Brasil para apoiar o projeto Repense Reuse, que incentiva a doa\u00e7\u00e3o de roupas e cal\u00e7ados de segunda m\u00e3o com o objetivo de prolongar o ciclo de vida das pe\u00e7as.<\/p>\n<p>Durante a pop-up em Salvador, haver\u00e1 um ponto de coleta onde os visitantes poder\u00e3o doar al\u00e9m de vestimentas, bolsas, mochilas, acess\u00f3rios e tamb\u00e9m roupas de cama.<\/p>\n<p>A Humana Brasil atua na gest\u00e3o sustent\u00e1vel de res\u00edduos t\u00eaxteis por meio da coleta, triagem e revenda de roupas usadas. Os recursos obtidos a partir da venda s\u00e3o integralmente revertidos para projetos sociais da organiza\u00e7\u00e3o, ampliando o impacto positivo da iniciativa.<\/p>\n<p><strong>Servi\u00e7o:<\/strong><\/p>\n<p><strong>Loja pop-up Shein Salvador<\/strong><\/p>\n<p><strong>Local:<\/strong> Shopping Barra \u2013 Av. Centen\u00e1rio, 2992 \u2013 Bairro Chame-Chame, Salvador \u2013 Bahia<\/p>\n<p><strong>Datas:<\/strong> 12 a 16 de mar\u00e7o de 2025 (quarta a domingo)<\/p>\n<p><strong>Hor\u00e1rio de funcionamento:<\/strong><\/p>\n<p>Quarta-feira das 15h \u00e0s 22h<br \/>Quinta-feira a domingo das 10:00 \u00e0s 22:00<\/p>\n<p><a href=\"https:\/\/www.sympla.com.br\/evento\/sheinsalvador-loja-pop-up\/2790604\" target=\"_blank\" rel=\"noreferrer noopener\">Cadastro para agendamento \u00e0 loja<\/a><\/p>\n<p><em>Siga o Acorda Cidade no<\/em><a href=\"https:\/\/news.google.com\/search?q=acorda%20cidade&amp;hl=pt-BR&amp;gl=BR&amp;ceid=BR%3Apt-419\"><strong><em>\u00a0Google Not\u00edcias<\/em><\/strong><\/a><em>\u00a0e receba os principais destaques do dia. Participe tamb\u00e9m dos nossos canais no\u00a0<\/em><a href=\"https:\/\/whatsapp.com\/channel\/0029Va6Rb4v3WHTNnsh8WI3N\"><strong><em>WhatsApp<\/em><\/strong><\/a><em>\u00a0e\u00a0<\/em><a href=\"https:\/\/www.youtube.com\/@acordacidadenoticias\/videos\"><strong>Youtube<\/strong><\/a><em>\u00a0e grupo de\u00a0<\/em><a href=\"https:\/\/t.me\/+sSz0khrgARA0ZmRh\"><strong><em>Telegram<\/em><\/strong><\/a><em>.<\/em><\/p>\n<\/div>\n","protected":false},"excerpt":{"rendered":"<div>\n<div>\n<figure><img decoding=\"async\" src=\"https:\/\/uploads.acordacidade.com.br\/2025\/03\/shein.jpg\" alt=\"shein\"><figcaption>Foto da primeira pop-up store em Salvador, em mar\u00e7o de 2023 | Foto: Divulga\u00e7\u00e3o\/Shein<\/figcaption><\/figure>\n<\/div>\n<p>Pela segunda vez na cidade, a marca promove pop-up store entre 12 e 16 de mar\u00e7o, no Shopping Barra<\/p><\/div>\n","protected":false},"author":1,"featured_media":77315,"comment_status":"closed","ping_status":"closed","sticky":false,"template":"","format":"gallery","meta":{"footnotes":""},"categories":[8,9,6,57,56,10],"tags":[],"class_list":["post-77314","post","type-post","status-publish","format-gallery","has-post-thumbnail","hentry","category-bahia","category-brasil","category-feira-de-santana","category-mundo","category-policia","category-politica","post_format-post-format-gallery"],"featured_image_urls":{"full":["https:\/\/noticiasbahia360.com.br\/wp-content\/uploads\/2025\/03\/shein.jpg",683,455,false],"thumbnail":["https:\/\/noticiasbahia360.com.br\/wp-content\/uploads\/2025\/03\/shein-150x150.jpg",150,150,true],"medium":["https:\/\/noticiasbahia360.com.br\/wp-content\/uploads\/2025\/03\/shein-300x200.jpg",300,200,true],"medium_large":["https:\/\/noticiasbahia360.com.br\/wp-content\/uploads\/2025\/03\/shein.jpg",640,426,false],"large":["https:\/\/noticiasbahia360.com.br\/wp-content\/uploads\/2025\/03\/shein.jpg",640,426,false],"1536x1536":["https:\/\/noticiasbahia360.com.br\/wp-content\/uploads\/2025\/03\/shein.jpg",683,455,false],"2048x2048":["https:\/\/noticiasbahia360.com.br\/wp-content\/uploads\/2025\/03\/shein.jpg",683,455,false],"chromenews-featured":["https:\/\/noticiasbahia360.com.br\/wp-content\/uploads\/2025\/03\/shein.jpg",683,455,false],"chromenews-large":["https:\/\/noticiasbahia360.com.br\/wp-content\/uploads\/2025\/03\/shein.jpg",683,455,false],"chromenews-medium":["https:\/\/noticiasbahia360.com.br\/wp-content\/uploads\/2025\/03\/shein-590x410.jpg",590,410,true]},"author_info":{"display_name":"noticiasbahia360.com.br","author_link":"https:\/\/noticiasbahia360.com.br\/?author=1"},"category_info":"<a href=\"https:\/\/noticiasbahia360.com.br\/?cat=8\" rel=\"category\">Bahia<\/a> <a href=\"https:\/\/noticiasbahia360.com.br\/?cat=9\" rel=\"category\">Brasil<\/a> <a href=\"https:\/\/noticiasbahia360.com.br\/?cat=6\" rel=\"category\">Feira de Santana<\/a> <a href=\"https:\/\/noticiasbahia360.com.br\/?cat=57\" rel=\"category\">Mundo<\/a> <a href=\"https:\/\/noticiasbahia360.com.br\/?cat=56\" rel=\"category\">Pol\u00edcia<\/a> <a href=\"https:\/\/noticiasbahia360.com.br\/?cat=10\" rel=\"category\">Pol\u00edtica<\/a>","tag_info":"Pol\u00edtica","comment_count":"0","_links":{"self":[{"href":"https:\/\/noticiasbahia360.com.br\/index.php?rest_route=\/wp\/v2\/posts\/77314","targetHints":{"allow":["GET"]}}],"collection":[{"href":"https:\/\/noticiasbahia360.com.br\/index.php?rest_route=\/wp\/v2\/posts"}],"about":[{"href":"https:\/\/noticiasbahia360.com.br\/index.php?rest_route=\/wp\/v2\/types\/post"}],"author":[{"embeddable":true,"href":"https:\/\/noticiasbahia360.com.br\/index.php?rest_route=\/wp\/v2\/users\/1"}],"replies":[{"embeddable":true,"href":"https:\/\/noticiasbahia360.com.br\/index.php?rest_route=%2Fwp%2Fv2%2Fcomments&post=77314"}],"version-history":[{"count":0,"href":"https:\/\/noticiasbahia360.com.br\/index.php?rest_route=\/wp\/v2\/posts\/77314\/revisions"}],"wp:featuredmedia":[{"embeddable":true,"href":"https:\/\/noticiasbahia360.com.br\/index.php?rest_route=\/wp\/v2\/media\/77315"}],"wp:attachment":[{"href":"https:\/\/noticiasbahia360.com.br\/index.php?rest_route=%2Fwp%2Fv2%2Fmedia&parent=77314"}],"wp:term":[{"taxonomy":"category","embeddable":true,"href":"https:\/\/noticiasbahia360.com.br\/index.php?rest_route=%2Fwp%2Fv2%2Fcategories&post=77314"},{"taxonomy":"post_tag","embeddable":true,"href":"https:\/\/noticiasbahia360.com.br\/index.php?rest_route=%2Fwp%2Fv2%2Ftags&post=77314"}],"curies":[{"name":"wp","href":"https:\/\/api.w.org\/{rel}","templated":true}]}} 