{"id":77318,"date":"2025-03-06T17:00:40","date_gmt":"2025-03-06T20:00:40","guid":{"rendered":"https:\/\/noticiasbahia360.com.br\/?p=77318"},"modified":"2025-03-06T17:00:40","modified_gmt":"2025-03-06T20:00:40","slug":"policia-identifica-11-dos-12-suspeitos-mortos-em-operacao-no-suburbio-de-salvador-jovens-tinham-entre-17-e-27-anos","status":"publish","type":"post","link":"https:\/\/noticiasbahia360.com.br\/?p=77318","title":{"rendered":"Pol\u00edcia identifica 11 dos 12 suspeitos mortos em opera\u00e7\u00e3o no sub\u00farbio de Salvador; jovens tinham entre 17 e 27 anos"},"content":{"rendered":"<div>\n<div>\n<figure><img decoding=\"async\" src=\"http:\/\/noticiasbahia360.com.br\/wp-content\/uploads\/2025\/03\/Policia-em-frente-ao-hospitl-do-suburbio.jpeg\" alt=\"Pol\u00edcia em frente ao hospital do sub\u00farbio\"><figcaption>Movimenta\u00e7\u00e3o intensa de viaturas e policiais foi registrada na frente do Hospital do Sub\u00farbio, em Salvador | Foto: Giana Mattiazzi\/ TV Bahia<\/figcaption><\/figure>\n<\/div>\n<p>A Pol\u00edcia Civil divulgou os nomes e idades de 11 dos 12 suspeitos de integrar uma fac\u00e7\u00e3o criminosa, mortos na opera\u00e7\u00e3o da Pol\u00edcia Militar realizada no bairro de Fazenda Coutos, no sub\u00farbio de Salvador, na ter\u00e7a-feira (4), \u00faltimo dia de Carnaval na capital baiana.<\/p>\n<p><strong>De acordo com a Secretaria de Seguran\u00e7a P\u00fablica da Bahia (SSP-BA), os suspeitos s\u00e3o jovens com idades entre 17 e 27 anos<\/strong>. At\u00e9 a manh\u00e3 desta quinta-feira (6), os corpos de cinco deles foram liberados pelo Departamento de Pol\u00edcia T\u00e9cnica (DPT) e aguardam as fam\u00edlias buscarem para fazer vel\u00f3rios e sepultamentos.<\/p>\n<p>De acordo com o comandante da Pol\u00edcia Militar, coronel Paulo Coutinho, as for\u00e7as de seguran\u00e7a foram acionadas ap\u00f3s uma fac\u00e7\u00e3o tentar assumir o controle do tr\u00e1fico de drogas na regi\u00e3o, aterrorizando os moradores. Desde a noite de segunda (3), moradores da localidade Teot\u00f4nio Vilela, que fica no bairro, denunciaram tiroteios entre grupos rivais. A Pol\u00edcia Civil investiga a a\u00e7\u00e3o, e o Minist\u00e9rio P\u00fablico da Bahia (MP-BA) acompanha o caso.<\/p>\n<p><strong>Veja abaixo os nomes e idades dos suspeitos:<\/strong><\/p>\n<ul class=\"wp-block-list\">\n<li><strong>Davi Costa dos Anjos \u2013 17 anos;<\/strong><\/li>\n<li><strong>Paulo Ricardo Santos Pereira \u2013 17 anos;<\/strong><\/li>\n<li><strong>Jo\u00e3o Cledison Santos Souza \u2013 18 anos;<\/strong><\/li>\n<li><strong>F\u00e9lix de Oliveira Rodrigues \u2013 19 anos;<\/strong><\/li>\n<li><strong>Uendel Vitor Rodrigues dos Reis \u2013 20 anos;<\/strong><\/li>\n<li><strong>Jackson Vitor Ara\u00fajo dos Santos \u2013 20 anos;<\/strong><\/li>\n<li><strong>Wendel Henrique Nunes dos Santos \u2013 20 anos;<\/strong><\/li>\n<li><strong>Samuel da Luz Nascimento de Sousa \u2013 24 anos;<\/strong><\/li>\n<li><strong>Francisco Ariel Freire Santos \u2013 27 anos;<\/strong><\/li>\n<li><strong>Douglas Campos da Silva Batista \u2013 27 anos;<\/strong><\/li>\n<li><strong>Leidson Maxwel da Costa Silva \u2013 27 anos.<\/strong><\/li>\n<\/ul>\n<p>A SSP-BA informou que o 12\u00b0 morto estava sem documentos e ainda n\u00e3o foi identificado. Ao g1, o \u00f3rg\u00e3o ainda informou que a unidade que os policiais s\u00e3o lotados ainda n\u00e3o usa c\u00e2meras corporais.<\/p>\n<p>De acordo com o secret\u00e1rio de Seguran\u00e7a P\u00fablica do estado (SSP-BA), Marcelo Werner, a PM fez um planejamento pr\u00e9vio antes de ocupar Fazenda Coutos ap\u00f3s descobrir a presen\u00e7a de homens fortemente armados no bairro.<\/p>\n<h2 class=\"wp-block-heading\" id=\"h-entenda-o-caso\">Entenda o caso<\/h2>\n<p>Os suspeitos baleados estavam em uma \u00e1rea de mata no bairro e em duas casas \u2014 locais que teriam sido usados por eles como pontos estrat\u00e9gicos para atirar contra os PMs. Moradores tamb\u00e9m foram retirados de im\u00f3veis ou mantidos como ref\u00e9ns. N\u00e3o h\u00e1 registro de que algum deles tenha sido ferido em meio aos confrontos.<\/p>\n<p>Os militares levaram os suspeitos atingidos para o Hospital do Sub\u00farbio, onde foram constatadas as mortes.<\/p>\n<p>A SSP-BA informou que os agentes apreenderam 12 armas, como submetralhadoras, rev\u00f3lveres e pistolas, al\u00e9m de carregadores, balaclavas, r\u00e1dios de telecomunica\u00e7\u00e3o, drogas e balan\u00e7as de precis\u00e3o.<\/p>\n<h2 class=\"wp-block-heading\" id=\"h-briga-de-faccoes\">Briga de fac\u00e7\u00f5es<\/h2>\n<p>A cronologia exata dos fatos ainda ser\u00e1 esclarecida pela investiga\u00e7\u00e3o, mas pelo menos dois tiroteios entre fac\u00e7\u00f5es foram registrados antes da chegada dos policiais no local, informou o secret\u00e1rio Marcelo Werner.<\/p>\n<p>Os homens invadiram casas para montar bases e chegaram a fazer moradores ref\u00e9ns. Acionados para resolver os conflitos, os militares teriam sido recebidos a tiros pelo grupo criminoso invasor.<\/p>\n<p>O Minist\u00e9rio P\u00fablico da Bahia acompanha o caso e disse que tomar\u00e1 as \u201cprovid\u00eancias cab\u00edveis dentro das suas atribui\u00e7\u00f5es constitucionais\u201d.<\/p>\n<h2 class=\"wp-block-heading\" id=\"h-investigacoes-em-andamentos\">Investiga\u00e7\u00f5es em andamentos<\/h2>\n<p>A delegada-geral da Pol\u00edcia Civil, Helo\u00edsa Brito, disse que duas testemunhas e parte dos policiais envolvidos na opera\u00e7\u00e3o j\u00e1 prestaram depoimento. De acordo com ela, os militares \u201cretratam com muita clareza como o evento aconteceu quando eles chegaram no local\u201d.<\/p>\n<p>A per\u00edcia nos dois im\u00f3veis que abrigaram os suspeitos e a \u00e1rea de mata onde tentaram se esconder e atacar tamb\u00e9m j\u00e1 foi realizada. Ainda n\u00e3o h\u00e1 prazo para que o inqu\u00e9rito seja conclu\u00eddo.<\/p>\n<p>O caso \u00e9 investigado pelo Departamento de Homic\u00eddios e Prote\u00e7\u00e3o \u00e0 Pessoa (DHPP).<\/p>\n<h2 class=\"wp-block-heading\" id=\"h-bairro-sem-transporte-publico\">Bairro sem transporte p\u00fablico<\/h2>\n<p>O servi\u00e7o de transporte p\u00fablico foi suspenso no bairro ap\u00f3s o confronto. Segundo a Secretaria Municipal de Mobilidade (Semob), os \u00f4nibus circulam pela entrada de Fazenda Coutos, e seguem para Vista Alegre.<\/p>\n<p><em>Fonte: g1<\/em><\/p>\n<p><em>Siga o Acorda Cidade no<\/em><a href=\"https:\/\/news.google.com\/search?q=acorda%20cidade&amp;hl=pt-BR&amp;gl=BR&amp;ceid=BR%3Apt-419\"><strong><em>\u00a0Google Not\u00edcias<\/em><\/strong><\/a><em>\u00a0e receba os principais destaques do dia. Participe tamb\u00e9m dos nossos canais no\u00a0<\/em><a href=\"https:\/\/whatsapp.com\/channel\/0029Va6Rb4v3WHTNnsh8WI3N\"><strong><em>WhatsApp<\/em><\/strong><\/a><em>\u00a0e\u00a0<\/em><a href=\"https:\/\/www.youtube.com\/@acordacidadenoticias\/videos\"><strong>YouTube<\/strong><\/a><em>\u00a0e do grupo no\u00a0<\/em><a href=\"https:\/\/t.me\/+sSz0khrgARA0ZmRh\"><strong><em>Telegram<\/em><\/strong><\/a><em>.<\/em><\/p>\n<\/div>\n","protected":false},"excerpt":{"rendered":"<div>\n<div>\n<figure><img decoding=\"async\" src=\"https:\/\/uploads.acordacidade.com.br\/2025\/03\/Policia-em-frente-ao-hospitl-do-suburbio.jpeg\" alt=\"Pol\u00edcia em frente ao hospital do sub\u00farbio\"><figcaption>Movimenta\u00e7\u00e3o intensa de viaturas e policiais foi registrada na frente do Hospital do Sub\u00farbio, em Salvador | Foto: Giana Mattiazzi\/ TV Bahia<\/figcaption><\/figure>\n<\/div>\n<p>At\u00e9 a manh\u00e3 desta quinta-feira, corpos de cinco deles foram liberados para enterros.<\/p><\/div>\n","protected":false},"author":1,"featured_media":77319,"comment_status":"closed","ping_status":"closed","sticky":false,"template":"","format":"gallery","meta":{"footnotes":""},"categories":[8,9,6,57,56,10],"tags":[],"class_list":["post-77318","post","type-post","status-publish","format-gallery","has-post-thumbnail","hentry","category-bahia","category-brasil","category-feira-de-santana","category-mundo","category-policia","category-politica","post_format-post-format-gallery"],"featured_image_urls":{"full":["https:\/\/noticiasbahia360.com.br\/wp-content\/uploads\/2025\/03\/Policia-em-frente-ao-hospitl-do-suburbio.jpeg",1920,1225,false],"thumbnail":["https:\/\/noticiasbahia360.com.br\/wp-content\/uploads\/2025\/03\/Policia-em-frente-ao-hospitl-do-suburbio-150x150.jpeg",150,150,true],"medium":["https:\/\/noticiasbahia360.com.br\/wp-content\/uploads\/2025\/03\/Policia-em-frente-ao-hospitl-do-suburbio-300x191.jpeg",300,191,true],"medium_large":["https:\/\/noticiasbahia360.com.br\/wp-content\/uploads\/2025\/03\/Policia-em-frente-ao-hospitl-do-suburbio-768x490.jpeg",640,408,true],"large":["https:\/\/noticiasbahia360.com.br\/wp-content\/uploads\/2025\/03\/Policia-em-frente-ao-hospitl-do-suburbio-1024x653.jpeg",640,408,true],"1536x1536":["https:\/\/noticiasbahia360.com.br\/wp-content\/uploads\/2025\/03\/Policia-em-frente-ao-hospitl-do-suburbio-1536x980.jpeg",1536,980,true],"2048x2048":["https:\/\/noticiasbahia360.com.br\/wp-content\/uploads\/2025\/03\/Policia-em-frente-ao-hospitl-do-suburbio.jpeg",1920,1225,false],"chromenews-featured":["https:\/\/noticiasbahia360.com.br\/wp-content\/uploads\/2025\/03\/Policia-em-frente-ao-hospitl-do-suburbio-1024x653.jpeg",1024,653,true],"chromenews-large":["https:\/\/noticiasbahia360.com.br\/wp-content\/uploads\/2025\/03\/Policia-em-frente-ao-hospitl-do-suburbio-825x575.jpeg",825,575,true],"chromenews-medium":["https:\/\/noticiasbahia360.com.br\/wp-content\/uploads\/2025\/03\/Policia-em-frente-ao-hospitl-do-suburbio-590x410.jpeg",590,410,true]},"author_info":{"display_name":"noticiasbahia360.com.br","author_link":"https:\/\/noticiasbahia360.com.br\/?author=1"},"category_info":"<a href=\"https:\/\/noticiasbahia360.com.br\/?cat=8\" rel=\"category\">Bahia<\/a> <a href=\"https:\/\/noticiasbahia360.com.br\/?cat=9\" rel=\"category\">Brasil<\/a> <a href=\"https:\/\/noticiasbahia360.com.br\/?cat=6\" rel=\"category\">Feira de Santana<\/a> <a href=\"https:\/\/noticiasbahia360.com.br\/?cat=57\" rel=\"category\">Mundo<\/a> <a href=\"https:\/\/noticiasbahia360.com.br\/?cat=56\" rel=\"category\">Pol\u00edcia<\/a> <a href=\"https:\/\/noticiasbahia360.com.br\/?cat=10\" rel=\"category\">Pol\u00edtica<\/a>","tag_info":"Pol\u00edtica","comment_count":"0","_links":{"self":[{"href":"https:\/\/noticiasbahia360.com.br\/index.php?rest_route=\/wp\/v2\/posts\/77318","targetHints":{"allow":["GET"]}}],"collection":[{"href":"https:\/\/noticiasbahia360.com.br\/index.php?rest_route=\/wp\/v2\/posts"}],"about":[{"href":"https:\/\/noticiasbahia360.com.br\/index.php?rest_route=\/wp\/v2\/types\/post"}],"author":[{"embeddable":true,"href":"https:\/\/noticiasbahia360.com.br\/index.php?rest_route=\/wp\/v2\/users\/1"}],"replies":[{"embeddable":true,"href":"https:\/\/noticiasbahia360.com.br\/index.php?rest_route=%2Fwp%2Fv2%2Fcomments&post=77318"}],"version-history":[{"count":0,"href":"https:\/\/noticiasbahia360.com.br\/index.php?rest_route=\/wp\/v2\/posts\/77318\/revisions"}],"wp:featuredmedia":[{"embeddable":true,"href":"https:\/\/noticiasbahia360.com.br\/index.php?rest_route=\/wp\/v2\/media\/77319"}],"wp:attachment":[{"href":"https:\/\/noticiasbahia360.com.br\/index.php?rest_route=%2Fwp%2Fv2%2Fmedia&parent=77318"}],"wp:term":[{"taxonomy":"category","embeddable":true,"href":"https:\/\/noticiasbahia360.com.br\/index.php?rest_route=%2Fwp%2Fv2%2Fcategories&post=77318"},{"taxonomy":"post_tag","embeddable":true,"href":"https:\/\/noticiasbahia360.com.br\/index.php?rest_route=%2Fwp%2Fv2%2Ftags&post=77318"}],"curies":[{"name":"wp","href":"https:\/\/api.w.org\/{rel}","templated":true}]}}