{"id":78261,"date":"2025-03-14T15:39:37","date_gmt":"2025-03-14T18:39:37","guid":{"rendered":"https:\/\/noticiasbahia360.com.br\/?p=78261"},"modified":"2025-03-14T15:39:37","modified_gmt":"2025-03-14T18:39:37","slug":"bruno-reis-assina-financiamento-de-us125-milhoes-para-implantacao-de-teleferico-e-investimentos-em-tecnologia-e-capacitacao","status":"publish","type":"post","link":"https:\/\/noticiasbahia360.com.br\/?p=78261","title":{"rendered":"Bruno Reis assina financiamento de US$125 milh\u00f5es para implanta\u00e7\u00e3o de Telef\u00e9rico e investimentos em tecnologia e capacita\u00e7\u00e3o"},"content":{"rendered":"<div>\n<div>\n<figure><img decoding=\"async\" src=\"http:\/\/noticiasbahia360.com.br\/wp-content\/uploads\/2025\/03\/bruno-reais-investimentos-.jpg\" alt=\"bruno reais investimentos\"><figcaption>Foto: Ascom<\/figcaption><\/figure>\n<\/div>\n<p>O prefeito de Salvador, Bruno Reis, assinou nesta sexta-feira (14), em Bras\u00edlia, um contrato de financiamento de US$125 milh\u00f5es junto ao Banco de Desenvolvimento da Am\u00e9rica Latina e Caribe (CAF) para a execu\u00e7\u00e3o do Programa Salvador Inclusiva. Entre as a\u00e7\u00f5es do programa est\u00e1 a implanta\u00e7\u00e3o do Telef\u00e9rico do Sub\u00farbio, meio de transporte urbano que vai conectar diversos bairros desta regi\u00e3o da cidade ao metr\u00f4 em Campinas de Piraj\u00e1.<\/p>\n<p>Com a opera\u00e7\u00e3o internacional de cr\u00e9dito, ser\u00e3o investidos pela Prefeitura mais de R$900 milh\u00f5es nos pr\u00f3ximos cinco anos, a come\u00e7ar por 2025. Al\u00e9m do telef\u00e9rico, o Programa Salvador Inclusiva, aprovado pelo CAF, prev\u00ea a amplia\u00e7\u00e3o dos projetos de qualifica\u00e7\u00e3o profissional, como Treinar Para Empregar, Salvador Tech, Salvador Criativa e Gera\u00e7\u00e3o SSA, e a\u00e7\u00f5es no \u00e2mbito da Cidade Inteligente, como a implanta\u00e7\u00e3o do Observat\u00f3rio Salvador (Centro de Controle Operacional) e do Hub de Inova\u00e7\u00e3o e Tecnologia, ambos no Sub\u00farbio.<\/p>\n<p>A solenidade de assinatura ocorreu na sede do CAF, em Bras\u00edlia, com a presen\u00e7a tamb\u00e9m do secret\u00e1rio da Casa Civil, Luiz Carreira. Bruno Reis destacou que os recursos v\u00e3o permitir avan\u00e7os em diversas \u00e1reas. \u201cAcabamos de assinar mais um financiamento junto ao CAF. Ao todo, ser\u00e3o R$900 milh\u00f5es para investimentos em nossa cidade, na \u00e1rea de mobilidade, de transforma\u00e7\u00e3o digital e de forma\u00e7\u00e3o de m\u00e3o de obra. Esses recursos v\u00e3o permitir a gente implantar o primeiro telef\u00e9rico de Salvador, na regi\u00e3o do Sub\u00farbio, para atender \u00e0s pessoas mais pobres e mais carentes com o que h\u00e1 de mais moderno no mundo na \u00e1rea de transporte\u201d, afirmou.<\/p>\n<p>Do recurso captado, R$678 milh\u00f5es ser\u00e3o investidos em melhorias de infraestrutura urbana e mobilidade, como o Telef\u00e9rico do Man\u00ea Dend\u00e9; R$68,6 milh\u00f5es ser\u00e3o destinados a a\u00e7\u00f5es de inclus\u00e3o digital, inclus\u00e3o social, e gera\u00e7\u00e3o de empregos na capital baiana; e R$133,6 milh\u00f5es para medidas de inova\u00e7\u00e3o urbana. O Programa Salvador Inclusiva ser\u00e1 coordenado pela Casa Civil e executado pelos diversos \u00f3rg\u00e3os e secretarias do munic\u00edpio.<\/p>\n<p>O prefeito lembrou que as obras do CCO e do Hub de Inova\u00e7\u00e3o e Tecnologia do Sub\u00farbio j\u00e1 foram iniciadas e que a opera\u00e7\u00e3o de cr\u00e9dito vai permitir ampliar a segunda fase do Treinar Para Empregar, que j\u00e1 capacitou mais de 60 mil pessoas em sua primeira etapa. \u201cS\u00e3o 100 mil pessoas que iremos formar em nossa cidade para terem acesso ao mercado de trabalho. Veja como s\u00e3o importantes esses recursos para a gente poder acelerar o desenvolvimento de Salvador. Vamos seguir transformando a nossa cidade, fazendo dessa cidade a melhor cidade de todo o Brasil\u201d, salientou o prefeito.<\/p>\n<p><strong>Telef\u00e9rico \u2013<\/strong> A principal medida de inclus\u00e3o territorial ser\u00e1 a implanta\u00e7\u00e3o do Telef\u00e9rico do Sub\u00farbio. Ser\u00e1 o primeiro meio de transporte deste tipo em Salvador, inspirado no sucesso do modal visto em outras cidades de relevo acidentado do planeta, como La Paz, Medell\u00edn, Bogot\u00e1 e Barcelona. O projeto prev\u00ea um percurso de 4,3 km e quatro esta\u00e7\u00f5es: Praia Grande, Man\u00e9 Dend\u00ea, Piraj\u00e1 e Campinas de Piraj\u00e1.<\/p>\n<p>Bruno Reis frisou que o telef\u00e9rico vai proporcionar um salto na qualidade do transporte p\u00fablico para o Sub\u00farbio Ferrovi\u00e1rio da capital baiana. \u201cVamos tirar as pessoas da parte de cima do Sub\u00farbio, Rio Sena, Ilha Amarela, Alto da Terezinha, e conect\u00e1-las tanto ao metr\u00f4 e, muito provavelmente, ao VLT, permitindo que as pessoas possam chegar e sair das suas casas com mais conforto, mais seguran\u00e7a e principalmente mais rapidez\u201d, disse.<\/p>\n<p>No total, ser\u00e3o instaladas 110 cabines, sustentadas por 27 torres, permitindo a conex\u00e3o da Av. Suburbana e de bairros populosos \u2013 como Praia Grande, Periperi, Mirantes de Periperi, Rio Sena e Alto da Terezinha \u2013 com a BR-324, tendo como ponto final a Esta\u00e7\u00e3o Campinas de Piraj\u00e1 do Metr\u00f4 de Salvador. O telef\u00e9rico far\u00e1 parte da rede municipal de mobilidade de Salvador, com integra\u00e7\u00e3o aos demais modais da capital baiana.<\/p>\n<p>A previs\u00e3o \u00e9 que o meio de transporte beneficie mais de 700 mil pessoas, com capacidade de transportar at\u00e9 23 mil passageiros por dia. Segundo o projeto, o Telef\u00e9rico do Sub\u00farbio \u00e9 uma solu\u00e7\u00e3o inovadora de mobilidade, pois facilitar\u00e1 a vida da popula\u00e7\u00e3o, reduzindo o seu tempo de deslocamento, ao mesmo tempo que \u00e9 mais sustent\u00e1vel.<\/p>\n<p>Para Estefan\u00eda Laterza, representante do CAF no Brasil, este \u00e9 um projeto inovador para Salvador e vai trazer in\u00fameros benef\u00edcios para a regi\u00e3o do Sub\u00farbio Ferrovi\u00e1rio de Salvador. \u201cAlgumas das riquezas deste projeto s\u00e3o a melhoria do acesso e mobilidade em uma \u00e1rea carente da cidade, reduzindo muito os tempos de viagem e conectando as pessoas ao metr\u00f4 e outros sistemas com um modo de transporte el\u00e9trico e n\u00e3o poluente. Em resumo, \u00e9 um projeto sustent\u00e1vel e inclusivo, que valoriza o Sub\u00farbio Ferrovi\u00e1rio e seus moradores e melhora o acesso a oportunidades, que ser\u00e1 um marco para o munic\u00edpio de Salvador\u201d, avalia Estefan\u00eda Laterza.<\/p>\n<p><strong>Objetivos \u2013<\/strong> O Programa Salvador Inclusiva dever\u00e1 beneficiar diretamente mais de 900 mil pessoas. Na \u00e1rea de qualifica\u00e7\u00e3o profissional, visa uma capacita\u00e7\u00e3o especializada para o mercado de inova\u00e7\u00e3o e empreendedorismo, projetando beneficiar cerca de 40 mil pessoas, priorizando segmentos de baixa renda, mulheres, jovens e popula\u00e7\u00e3o afrodescendente. J\u00e1 na \u00e1rea de Cidade inteligente, prev\u00ea uma estrat\u00e9gia de transforma\u00e7\u00e3o digital do munic\u00edpio e a constru\u00e7\u00e3o do Projeto Bairro Inteligente no Centro Hist\u00f3rico de Salvador.<\/p>\n<p>O financiamento foi aprovado ap\u00f3s um rigoroso processo de an\u00e1lise, incluindo valida\u00e7\u00e3o da Comiss\u00e3o de Financiamentos Externos (Cofiex), Secretaria do Tesouro Nacional, Procuradoria da Fazenda Nacional e Senado Federal. A solidez fiscal e financeira de Salvador foi um fator essencial para a obten\u00e7\u00e3o dos recursos, refor\u00e7ando a capacidade da gest\u00e3o municipal em atrair investimentos estrat\u00e9gicos.<\/p>\n<p><em>Siga o Acorda Cidade no<\/em><a href=\"https:\/\/news.google.com\/search?q=acorda%20cidade&amp;hl=pt-BR&amp;gl=BR&amp;ceid=BR%3Apt-419\"><strong><em> Google Not\u00edcias<\/em><\/strong><\/a><em> e receba os principais destaques do dia. Participe tamb\u00e9m dos nossos canais no <\/em><a href=\"https:\/\/whatsapp.com\/channel\/0029Va6Rb4v3WHTNnsh8WI3N\"><strong><em>WhatsApp<\/em><\/strong><\/a><em> e <\/em><a href=\"https:\/\/www.youtube.com\/@acordacidadenoticias\/videos\"><strong>Youtube<\/strong><\/a><em> e grupo de <\/em><a href=\"https:\/\/t.me\/+sSz0khrgARA0ZmRh\"><strong><em>Telegram<\/em><\/strong><\/a><em>.<\/em><\/p>\n<\/div>\n","protected":false},"excerpt":{"rendered":"<div>\n<div>\n<figure><img decoding=\"async\" src=\"https:\/\/uploads.acordacidade.com.br\/2025\/03\/bruno-reais-investimentos-.jpg\" alt=\"bruno reais investimentos\"><figcaption>Foto: Ascom<\/figcaption><\/figure>\n<\/div>\n<p>Com a opera\u00e7\u00e3o internacional de cr\u00e9dito, ser\u00e3o investidos pela Prefeitura mais de R$900 milh\u00f5es nos pr\u00f3ximos cinco anos, a come\u00e7ar por 2025.<\/p><\/div>\n","protected":false},"author":1,"featured_media":78262,"comment_status":"closed","ping_status":"closed","sticky":false,"template":"","format":"gallery","meta":{"footnotes":""},"categories":[8,9,6,57,56,10],"tags":[],"class_list":["post-78261","post","type-post","status-publish","format-gallery","has-post-thumbnail","hentry","category-bahia","category-brasil","category-feira-de-santana","category-mundo","category-policia","category-politica","post_format-post-format-gallery"],"featured_image_urls":{"full":["https:\/\/noticiasbahia360.com.br\/wp-content\/uploads\/2025\/03\/bruno-reais-investimentos-.jpg",1920,1440,false],"thumbnail":["https:\/\/noticiasbahia360.com.br\/wp-content\/uploads\/2025\/03\/bruno-reais-investimentos--150x150.jpg",150,150,true],"medium":["https:\/\/noticiasbahia360.com.br\/wp-content\/uploads\/2025\/03\/bruno-reais-investimentos--300x225.jpg",300,225,true],"medium_large":["https:\/\/noticiasbahia360.com.br\/wp-content\/uploads\/2025\/03\/bruno-reais-investimentos--768x576.jpg",640,480,true],"large":["https:\/\/noticiasbahia360.com.br\/wp-content\/uploads\/2025\/03\/bruno-reais-investimentos--1024x768.jpg",640,480,true],"1536x1536":["https:\/\/noticiasbahia360.com.br\/wp-content\/uploads\/2025\/03\/bruno-reais-investimentos--1536x1152.jpg",1536,1152,true],"2048x2048":["https:\/\/noticiasbahia360.com.br\/wp-content\/uploads\/2025\/03\/bruno-reais-investimentos-.jpg",1920,1440,false],"chromenews-featured":["https:\/\/noticiasbahia360.com.br\/wp-content\/uploads\/2025\/03\/bruno-reais-investimentos--1024x768.jpg",1024,768,true],"chromenews-large":["https:\/\/noticiasbahia360.com.br\/wp-content\/uploads\/2025\/03\/bruno-reais-investimentos--825x575.jpg",825,575,true],"chromenews-medium":["https:\/\/noticiasbahia360.com.br\/wp-content\/uploads\/2025\/03\/bruno-reais-investimentos--590x410.jpg",590,410,true]},"author_info":{"display_name":"noticiasbahia360.com.br","author_link":"https:\/\/noticiasbahia360.com.br\/?author=1"},"category_info":"<a href=\"https:\/\/noticiasbahia360.com.br\/?cat=8\" rel=\"category\">Bahia<\/a> <a href=\"https:\/\/noticiasbahia360.com.br\/?cat=9\" rel=\"category\">Brasil<\/a> <a href=\"https:\/\/noticiasbahia360.com.br\/?cat=6\" rel=\"category\">Feira de Santana<\/a> <a href=\"https:\/\/noticiasbahia360.com.br\/?cat=57\" rel=\"category\">Mundo<\/a> <a href=\"https:\/\/noticiasbahia360.com.br\/?cat=56\" rel=\"category\">Pol\u00edcia<\/a> <a href=\"https:\/\/noticiasbahia360.com.br\/?cat=10\" rel=\"category\">Pol\u00edtica<\/a>","tag_info":"Pol\u00edtica","comment_count":"0","_links":{"self":[{"href":"https:\/\/noticiasbahia360.com.br\/index.php?rest_route=\/wp\/v2\/posts\/78261","targetHints":{"allow":["GET"]}}],"collection":[{"href":"https:\/\/noticiasbahia360.com.br\/index.php?rest_route=\/wp\/v2\/posts"}],"about":[{"href":"https:\/\/noticiasbahia360.com.br\/index.php?rest_route=\/wp\/v2\/types\/post"}],"author":[{"embeddable":true,"href":"https:\/\/noticiasbahia360.com.br\/index.php?rest_route=\/wp\/v2\/users\/1"}],"replies":[{"embeddable":true,"href":"https:\/\/noticiasbahia360.com.br\/index.php?rest_route=%2Fwp%2Fv2%2Fcomments&post=78261"}],"version-history":[{"count":0,"href":"https:\/\/noticiasbahia360.com.br\/index.php?rest_route=\/wp\/v2\/posts\/78261\/revisions"}],"wp:featuredmedia":[{"embeddable":true,"href":"https:\/\/noticiasbahia360.com.br\/index.php?rest_route=\/wp\/v2\/media\/78262"}],"wp:attachment":[{"href":"https:\/\/noticiasbahia360.com.br\/index.php?rest_route=%2Fwp%2Fv2%2Fmedia&parent=78261"}],"wp:term":[{"taxonomy":"category","embeddable":true,"href":"https:\/\/noticiasbahia360.com.br\/index.php?rest_route=%2Fwp%2Fv2%2Fcategories&post=78261"},{"taxonomy":"post_tag","embeddable":true,"href":"https:\/\/noticiasbahia360.com.br\/index.php?rest_route=%2Fwp%2Fv2%2Ftags&post=78261"}],"curies":[{"name":"wp","href":"https:\/\/api.w.org\/{rel}","templated":true}]}} 