{"id":78770,"date":"2025-03-18T12:27:34","date_gmt":"2025-03-18T15:27:34","guid":{"rendered":"https:\/\/noticiasbahia360.com.br\/?p=78770"},"modified":"2025-03-18T12:27:34","modified_gmt":"2025-03-18T15:27:34","slug":"aplb-realiza-paralisacao-em-feira-de-santana-e-cobra-melhorias-lista-de-reivindicacoes-tem-13-pontos","status":"publish","type":"post","link":"https:\/\/noticiasbahia360.com.br\/?p=78770","title":{"rendered":"APLB realiza paralisa\u00e7\u00e3o em Feira de Santana e cobra melhorias; lista de reivindica\u00e7\u00f5es tem 13 pontos"},"content":{"rendered":"<div>\n<div>\n<figure><img decoding=\"async\" src=\"http:\/\/noticiasbahia360.com.br\/wp-content\/uploads\/2025\/03\/aplb-manifestacao-paralizacao-foto-paulo-jose-acorda-cidade-3.jpeg\" alt=\"paraliza\u00e7\u00e3o manifesta\u00e7\u00e3o APLB\"><figcaption>Foto: Paulo Jos\u00e9 \/ Acorda Cidade <\/figcaption><\/figure>\n<\/div>\n<p>Na manh\u00e3 desta ter\u00e7a-feira (18), membros do Sindicato dos Trabalhadores em Educa\u00e7\u00e3o da Bahia (APLB), em Feira de Santana, realizaram uma paralisa\u00e7\u00e3o reivindicando melhorias nas condi\u00e7\u00f5es de trabalho. Ao todo, a categoria cobra que a prefeitura analise 13 solicita\u00e7\u00f5es, entre elas, o pagamento do piso nacional e a concess\u00e3o de licen\u00e7as.<\/p>\n<figure class=\"wp-block-image size-full\"><img fetchpriority=\"high\" fetchpriority=\"high\" decoding=\"async\" width=\"640\" height=\"480\" src=\"http:\/\/noticiasbahia360.com.br\/wp-content\/uploads\/2025\/03\/marledeoliveira_pj_acordacidade.jpeg\" alt=\"marledeoliveira_pj_acordacidade\" class=\"wp-image-236659\" srcset=\"https:\/\/uploads.acordacidade.com.br\/wp-content\/uploads\/2022\/10\/25125053\/marledeoliveira_pj_acordacidade-300x225.jpeg 300w, http:\/\/noticiasbahia360.com.br\/wp-content\/uploads\/2025\/03\/marledeoliveira_pj_acordacidade.jpeg 640w\" sizes=\"(max-width: 640px) 100vw, 640px\"><figcaption class=\"wp-element-caption\">Foto: Paulo Jos\u00e9\/Acorda Cidade<\/figcaption><\/figure>\n<p>Em entrevista ao Acorda Cidade, a presidente da APLB Feira de Santana, professora Marlede Oliveira, contou que o grupo foi at\u00e9 a Secretaria Municipal de Educa\u00e7\u00e3o na tentativa de conversar com o secret\u00e1rio, Pablo Roberto, mas n\u00e3o teve sucesso, pois o chefe da pasta est\u00e1 viajando.<\/p>\n<p>\u201cQuem nos recebeu foi a professora N\u00edvia, subsecret\u00e1ria, e ela disse que n\u00e3o tem resposta porque o secret\u00e1rio Pablo n\u00e3o se reuniu nem com o secret\u00e1rio da Fazenda, nem com o secret\u00e1rio da Administra\u00e7\u00e3o para decidir sobre pagamento do piso, enquadramento dos professores, enfim, toda a nossa pauta\u201d, disse Marlede.<\/p>\n<figure class=\"wp-block-image size-large\"><img decoding=\"async\" width=\"1024\" height=\"472\" src=\"http:\/\/noticiasbahia360.com.br\/wp-content\/uploads\/2025\/03\/PFTbHhVU-aplb-manifestacao-paralizacao-foto-paulo-jose-acorda-cidade-1-1024x472-1.webp\" alt=\"paraliza\u00e7\u00e3o manifesta\u00e7\u00e3o APLB\" class=\"wp-image-512757\" srcset=\"https:\/\/uploads.acordacidade.com.br\/2025\/03\/PFTbHhVU-aplb-manifestacao-paralizacao-foto-paulo-jose-acorda-cidade-1-300x138.webp 300w, http:\/\/noticiasbahia360.com.br\/wp-content\/uploads\/2025\/03\/PFTbHhVU-aplb-manifestacao-paralizacao-foto-paulo-jose-acorda-cidade-1-1024x472-1.webp 1024w, https:\/\/uploads.acordacidade.com.br\/2025\/03\/PFTbHhVU-aplb-manifestacao-paralizacao-foto-paulo-jose-acorda-cidade-1-768x354.webp 768w, https:\/\/uploads.acordacidade.com.br\/2025\/03\/PFTbHhVU-aplb-manifestacao-paralizacao-foto-paulo-jose-acorda-cidade-1-1536x708.webp 1536w, https:\/\/uploads.acordacidade.com.br\/2025\/03\/PFTbHhVU-aplb-manifestacao-paralizacao-foto-paulo-jose-acorda-cidade-1-150x69.webp 150w, https:\/\/uploads.acordacidade.com.br\/2025\/03\/PFTbHhVU-aplb-manifestacao-paralizacao-foto-paulo-jose-acorda-cidade-1.webp 1600w\" sizes=\"(max-width: 1024px) 100vw, 1024px\"><figcaption class=\"wp-element-caption\">Foto: Paulo Jos\u00e9 \/ Acorda Cidade <\/figcaption><\/figure>\n<p>A lista de reivindica\u00e7\u00f5es conta com o pedido para o pagamento do piso nacional para a categoria, enquadramento da carga hor\u00e1ria dos professores, mudan\u00e7a de refer\u00eancias, concess\u00e3o de licen\u00e7as-pr\u00eamio e licen\u00e7a pecuni\u00e1ria, reserva de carga hor\u00e1ria para professores Reda e da Educa\u00e7\u00e3o de Jovens e Adultos (EJA) e reformula\u00e7\u00e3o do plano de carreira.<\/p>\n<figure class=\"wp-block-image size-large\"><img decoding=\"async\" width=\"1024\" height=\"473\" src=\"http:\/\/noticiasbahia360.com.br\/wp-content\/uploads\/2025\/03\/U9jD7iM5-aplb-manifestacao-paralizacao-foto-paulo-jose-acorda-cidade-4-1024x473-1.webp\" alt=\"paraliza\u00e7\u00e3o manifesta\u00e7\u00e3o APLB\" class=\"wp-image-512760\" srcset=\"https:\/\/uploads.acordacidade.com.br\/2025\/03\/U9jD7iM5-aplb-manifestacao-paralizacao-foto-paulo-jose-acorda-cidade-4-300x139.webp 300w, http:\/\/noticiasbahia360.com.br\/wp-content\/uploads\/2025\/03\/U9jD7iM5-aplb-manifestacao-paralizacao-foto-paulo-jose-acorda-cidade-4-1024x473-1.webp 1024w, https:\/\/uploads.acordacidade.com.br\/2025\/03\/U9jD7iM5-aplb-manifestacao-paralizacao-foto-paulo-jose-acorda-cidade-4-768x355.webp 768w, https:\/\/uploads.acordacidade.com.br\/2025\/03\/U9jD7iM5-aplb-manifestacao-paralizacao-foto-paulo-jose-acorda-cidade-4-150x69.webp 150w, https:\/\/uploads.acordacidade.com.br\/2025\/03\/U9jD7iM5-aplb-manifestacao-paralizacao-foto-paulo-jose-acorda-cidade-4.webp 1280w\" sizes=\"(max-width: 1024px) 100vw, 1024px\"><figcaption class=\"wp-element-caption\">Foto: Paulo Jos\u00e9 \/ Acorda Cidade <\/figcaption><\/figure>\n<p>\u201cO pagamento do piso, que era em janeiro, n\u00f3s j\u00e1 estamos em mar\u00e7o, e at\u00e9 hoje n\u00e3o tem resposta. Tem professor que pediu enquadramento desde 2016. N\u00f3s temos 13 pontos que entregamos para o outro governo e at\u00e9 hoje n\u00e3o tem resposta de nenhum desses pontos. Ent\u00e3o, ficou decidido que vamos aguardar at\u00e9 a pr\u00f3xima ter\u00e7a-feira (25), \u00e0s 14h, quando vamos fazer uma assembleia na sede da APLB e se n\u00e3o tiver resposta at\u00e9 l\u00e1, a categoria vai dar o rumo da luta\u201d, concluiu a presidente.<\/p>\n<figure class=\"wp-block-image size-large\"><img decoding=\"async\" width=\"1024\" height=\"473\" src=\"http:\/\/noticiasbahia360.com.br\/wp-content\/uploads\/2025\/03\/RLTFdszy-aplb-manifestacao-paralizacao-foto-paulo-jose-acorda-cidade-5-1024x473-1.webp\" alt=\"paraliza\u00e7\u00e3o manifesta\u00e7\u00e3o APLB\" class=\"wp-image-512759\" srcset=\"https:\/\/uploads.acordacidade.com.br\/2025\/03\/RLTFdszy-aplb-manifestacao-paralizacao-foto-paulo-jose-acorda-cidade-5-300x139.webp 300w, http:\/\/noticiasbahia360.com.br\/wp-content\/uploads\/2025\/03\/RLTFdszy-aplb-manifestacao-paralizacao-foto-paulo-jose-acorda-cidade-5-1024x473-1.webp 1024w, https:\/\/uploads.acordacidade.com.br\/2025\/03\/RLTFdszy-aplb-manifestacao-paralizacao-foto-paulo-jose-acorda-cidade-5-768x355.webp 768w, https:\/\/uploads.acordacidade.com.br\/2025\/03\/RLTFdszy-aplb-manifestacao-paralizacao-foto-paulo-jose-acorda-cidade-5-150x69.webp 150w, https:\/\/uploads.acordacidade.com.br\/2025\/03\/RLTFdszy-aplb-manifestacao-paralizacao-foto-paulo-jose-acorda-cidade-5.webp 1280w\" sizes=\"(max-width: 1024px) 100vw, 1024px\"><figcaption class=\"wp-element-caption\">Foto: Paulo Jos\u00e9 \/ Acorda Cidade <\/figcaption><\/figure>\n<p><em>Com informa\u00e7\u00f5es do rep\u00f3rter Paulo Jos\u00e9 do Acorda Cidade<\/em><\/p>\n<p><em>Siga o Acorda Cidade no<\/em><a href=\"https:\/\/news.google.com\/search?q=acorda%20cidade&amp;hl=pt-BR&amp;gl=BR&amp;ceid=BR%3Apt-419\"><strong><em>\u00a0Google Not\u00edcias<\/em><\/strong><\/a><em>\u00a0e receba os principais destaques do dia. Participe tamb\u00e9m dos nossos canais no\u00a0<\/em><a href=\"https:\/\/whatsapp.com\/channel\/0029Va6Rb4v3WHTNnsh8WI3N\"><strong><em>WhatsApp<\/em><\/strong><\/a><em>\u00a0e\u00a0<\/em><a href=\"https:\/\/www.youtube.com\/@acordacidadenoticias\/videos\"><strong>Youtube<\/strong><\/a><em>\u00a0e grupo de\u00a0<\/em><a href=\"https:\/\/t.me\/+sSz0khrgARA0ZmRh\"><strong><em>Telegram<\/em><\/strong><\/a><\/p>\n<\/div>\n","protected":false},"excerpt":{"rendered":"<div>\n<div>\n<figure><img decoding=\"async\" src=\"https:\/\/uploads.acordacidade.com.br\/2025\/03\/aplb-manifestacao-paralizacao-foto-paulo-jose-acorda-cidade-3.jpeg\" alt=\"paraliza\u00e7\u00e3o manifesta\u00e7\u00e3o APLB\"><figcaption>Foto: Paulo Jos\u00e9 \/ Acorda Cidade <\/figcaption><\/figure>\n<\/div>\n<p>O grupo foi at\u00e9 a Secretaria de Educa\u00e7\u00e3o na tentativa de conversar com o secret\u00e1rio, Pablo Roberto, mas n\u00e3o teve sucesso.<\/p><\/div>\n","protected":false},"author":1,"featured_media":78771,"comment_status":"closed","ping_status":"closed","sticky":false,"template":"","format":"gallery","meta":{"footnotes":""},"categories":[8,9,6,57,56,10],"tags":[],"class_list":["post-78770","post","type-post","status-publish","format-gallery","has-post-thumbnail","hentry","category-bahia","category-brasil","category-feira-de-santana","category-mundo","category-policia","category-politica","post_format-post-format-gallery"],"featured_image_urls":{"full":["https:\/\/noticiasbahia360.com.br\/wp-content\/uploads\/2025\/03\/aplb-manifestacao-paralizacao-foto-paulo-jose-acorda-cidade-3.jpeg",1600,738,false],"thumbnail":["https:\/\/noticiasbahia360.com.br\/wp-content\/uploads\/2025\/03\/aplb-manifestacao-paralizacao-foto-paulo-jose-acorda-cidade-3-150x150.jpeg",150,150,true],"medium":["https:\/\/noticiasbahia360.com.br\/wp-content\/uploads\/2025\/03\/aplb-manifestacao-paralizacao-foto-paulo-jose-acorda-cidade-3-300x138.jpeg",300,138,true],"medium_large":["https:\/\/noticiasbahia360.com.br\/wp-content\/uploads\/2025\/03\/aplb-manifestacao-paralizacao-foto-paulo-jose-acorda-cidade-3-768x354.jpeg",640,295,true],"large":["https:\/\/noticiasbahia360.com.br\/wp-content\/uploads\/2025\/03\/aplb-manifestacao-paralizacao-foto-paulo-jose-acorda-cidade-3-1024x472.jpeg",640,295,true],"1536x1536":["https:\/\/noticiasbahia360.com.br\/wp-content\/uploads\/2025\/03\/aplb-manifestacao-paralizacao-foto-paulo-jose-acorda-cidade-3-1536x708.jpeg",1536,708,true],"2048x2048":["https:\/\/noticiasbahia360.com.br\/wp-content\/uploads\/2025\/03\/aplb-manifestacao-paralizacao-foto-paulo-jose-acorda-cidade-3.jpeg",1600,738,false],"chromenews-featured":["https:\/\/noticiasbahia360.com.br\/wp-content\/uploads\/2025\/03\/aplb-manifestacao-paralizacao-foto-paulo-jose-acorda-cidade-3-1024x472.jpeg",1024,472,true],"chromenews-large":["https:\/\/noticiasbahia360.com.br\/wp-content\/uploads\/2025\/03\/aplb-manifestacao-paralizacao-foto-paulo-jose-acorda-cidade-3-825x575.jpeg",825,575,true],"chromenews-medium":["https:\/\/noticiasbahia360.com.br\/wp-content\/uploads\/2025\/03\/aplb-manifestacao-paralizacao-foto-paulo-jose-acorda-cidade-3-590x410.jpeg",590,410,true]},"author_info":{"display_name":"noticiasbahia360.com.br","author_link":"https:\/\/noticiasbahia360.com.br\/?author=1"},"category_info":"<a href=\"https:\/\/noticiasbahia360.com.br\/?cat=8\" rel=\"category\">Bahia<\/a> <a href=\"https:\/\/noticiasbahia360.com.br\/?cat=9\" rel=\"category\">Brasil<\/a> <a href=\"https:\/\/noticiasbahia360.com.br\/?cat=6\" rel=\"category\">Feira de Santana<\/a> <a href=\"https:\/\/noticiasbahia360.com.br\/?cat=57\" rel=\"category\">Mundo<\/a> <a href=\"https:\/\/noticiasbahia360.com.br\/?cat=56\" rel=\"category\">Pol\u00edcia<\/a> <a href=\"https:\/\/noticiasbahia360.com.br\/?cat=10\" rel=\"category\">Pol\u00edtica<\/a>","tag_info":"Pol\u00edtica","comment_count":"0","_links":{"self":[{"href":"https:\/\/noticiasbahia360.com.br\/index.php?rest_route=\/wp\/v2\/posts\/78770","targetHints":{"allow":["GET"]}}],"collection":[{"href":"https:\/\/noticiasbahia360.com.br\/index.php?rest_route=\/wp\/v2\/posts"}],"about":[{"href":"https:\/\/noticiasbahia360.com.br\/index.php?rest_route=\/wp\/v2\/types\/post"}],"author":[{"embeddable":true,"href":"https:\/\/noticiasbahia360.com.br\/index.php?rest_route=\/wp\/v2\/users\/1"}],"replies":[{"embeddable":true,"href":"https:\/\/noticiasbahia360.com.br\/index.php?rest_route=%2Fwp%2Fv2%2Fcomments&post=78770"}],"version-history":[{"count":0,"href":"https:\/\/noticiasbahia360.com.br\/index.php?rest_route=\/wp\/v2\/posts\/78770\/revisions"}],"wp:featuredmedia":[{"embeddable":true,"href":"https:\/\/noticiasbahia360.com.br\/index.php?rest_route=\/wp\/v2\/media\/78771"}],"wp:attachment":[{"href":"https:\/\/noticiasbahia360.com.br\/index.php?rest_route=%2Fwp%2Fv2%2Fmedia&parent=78770"}],"wp:term":[{"taxonomy":"category","embeddable":true,"href":"https:\/\/noticiasbahia360.com.br\/index.php?rest_route=%2Fwp%2Fv2%2Fcategories&post=78770"},{"taxonomy":"post_tag","embeddable":true,"href":"https:\/\/noticiasbahia360.com.br\/index.php?rest_route=%2Fwp%2Fv2%2Ftags&post=78770"}],"curies":[{"name":"wp","href":"https:\/\/api.w.org\/{rel}","templated":true}]}}