{"id":78776,"date":"2025-03-18T12:56:43","date_gmt":"2025-03-18T15:56:43","guid":{"rendered":"https:\/\/noticiasbahia360.com.br\/?p=78776"},"modified":"2025-03-18T12:56:43","modified_gmt":"2025-03-18T15:56:43","slug":"cnu-novos-editais-incluem-mais-27-aprovados-sub-judice","status":"publish","type":"post","link":"https:\/\/noticiasbahia360.com.br\/?p=78776","title":{"rendered":"CNU: novos editais incluem mais 27 aprovados sub judice"},"content":{"rendered":"<div>\n<div>\n<figure><img decoding=\"async\" src=\"http:\/\/noticiasbahia360.com.br\/wp-content\/uploads\/2025\/03\/prova-enem-concursos-estudantes-foto-marcos-santos-usp-imagens4-1.jpg\" alt=\"Enem\"><figcaption>Foto: Marcos Santos\/USP Imagens<\/figcaption><\/figure>\n<\/div>\n<p>Ag\u00eancia Brasil \u2013 O Minist\u00e9rio da Gest\u00e3o e da Inova\u00e7\u00e3o em Servi\u00e7os P\u00fablicos (MGI) publicou no Di\u00e1rio Oficial da Uni\u00e3o desta ter\u00e7a-feira (18) 13 editais de retifica\u00e7\u00e3o com a inclus\u00e3o de mais 27 candidatos sub judice nos resultados do Concurso P\u00fablico Nacional Unificado (CNU). Os candidatos sub judice s\u00e3o aqueles que recorreram do resultado na Justi\u00e7a e conseguiram uma decis\u00e3o liminar para continuar no concurso.<\/p>\n<p><a href=\"https:\/\/www.gov.br\/gestao\/pt-br\/assuntos\/noticias\/2025\/marco\/editais-de-retificacao-do-cpnu-incluem-novos-candidatos-sub-judice\">Consulte os novos editais<\/a><\/p>\n<p>As novas publica\u00e7\u00f5es incluem candidatos sub judice do certame tanto nas listas de aprovados (vagas imediatas e de cadastro reserva) quanto nas listas de convocados para matr\u00edculas em cursos de forma\u00e7\u00e3o e para o banco de candidatos em lista de espera em cargos de n\u00edvel superior.<\/p>\n<p>Os editais trazem os nomes dos candidatos com liminar na seguinte ordem: \u00f3rg\u00e3o, cargo\/especialidade, nome em ordem alfab\u00e9tica, n\u00famero de inscri\u00e7\u00e3o, nota final, classifica\u00e7\u00e3o na ampla concorr\u00eancia (AC), classifica\u00e7\u00e3o entre as pessoas com defici\u00eancia (PCD), classifica\u00e7\u00e3o entre candidatos negros (negra) e classifica\u00e7\u00e3o entre os candidatos ind\u00edgenas (ind\u00edgena), se for o caso.<\/p>\n<p>Os candidatos sub judice convocados para cursos de forma\u00e7\u00e3o inicial devem fazer matr\u00edcula nos cursos j\u00e1 programados e sob coordena\u00e7\u00e3o da Escola Nacional de Administra\u00e7\u00e3o P\u00fablica (Enap) ou pelo Centro Brasileiro de Pesquisa em Avalia\u00e7\u00e3o e Sele\u00e7\u00e3o e de Promo\u00e7\u00e3o de Eventos (Cebraspe),<\/p>\n<p>Al\u00e9m da publica\u00e7\u00e3o do Di\u00e1rio Oficial da Uni\u00e3o, as duas institui\u00e7\u00f5es est\u00e3o contatando diretamente os novos candidatos sub judice.<\/p>\n<p>No caso dos cursos de forma\u00e7\u00e3o inicial da Enap, o prazo para matr\u00edcula termina nesta ter\u00e7a,18 de mar\u00e7o.<\/p>\n<p><em>Siga o Acorda Cidade no<\/em><a href=\"https:\/\/news.google.com\/search?q=acorda%20cidade&amp;hl=pt-BR&amp;gl=BR&amp;ceid=BR%3Apt-419\"><strong><em>\u00a0Google Not\u00edcias<\/em><\/strong><\/a><em>\u00a0e receba os principais destaques do dia. Participe tamb\u00e9m dos nossos canais no\u00a0<\/em><a href=\"https:\/\/whatsapp.com\/channel\/0029Va6Rb4v3WHTNnsh8WI3N\"><strong><em>WhatsApp<\/em><\/strong><\/a><em>\u00a0e\u00a0<\/em><a href=\"https:\/\/www.youtube.com\/@acordacidadenoticias\/videos\"><strong>Youtube<\/strong><\/a><em>\u00a0e grupo de\u00a0<\/em><a href=\"https:\/\/t.me\/+sSz0khrgARA0ZmRh\"><strong><em>Telegram<\/em><\/strong><\/a><em>.<\/em><\/p>\n<p><a href=\"https:\/\/www.acordacidade.com.br\/colunas\/dilton-e-feito\/\"><\/a><\/p>\n<\/div>\n","protected":false},"excerpt":{"rendered":"<div>\n<div>\n<figure><img decoding=\"async\" src=\"https:\/\/uploads.acordacidade.com.br\/wp-content\/uploads\/2024\/08\/08144438\/prova-enem-concursos-estudantes-foto-marcos-santos-usp-imagens4.jpg\" alt=\"Enem\"><figcaption>Foto: Marcos Santos\/USP Imagens<\/figcaption><\/figure>\n<\/div>\n<p>Os candidatos sub judice s\u00e3o aqueles que recorreram do resultado na Justi\u00e7a e conseguiram uma decis\u00e3o liminar para continuar no concurso.<\/p><\/div>\n","protected":false},"author":1,"featured_media":78777,"comment_status":"closed","ping_status":"closed","sticky":false,"template":"","format":"gallery","meta":{"footnotes":""},"categories":[8,9,6,57,56,10],"tags":[],"class_list":["post-78776","post","type-post","status-publish","format-gallery","has-post-thumbnail","hentry","category-bahia","category-brasil","category-feira-de-santana","category-mundo","category-policia","category-politica","post_format-post-format-gallery"],"featured_image_urls":{"full":["https:\/\/noticiasbahia360.com.br\/wp-content\/uploads\/2025\/03\/prova-enem-concursos-estudantes-foto-marcos-santos-usp-imagens4-1.jpg",640,417,false],"thumbnail":["https:\/\/noticiasbahia360.com.br\/wp-content\/uploads\/2025\/03\/prova-enem-concursos-estudantes-foto-marcos-santos-usp-imagens4-1-150x150.jpg",150,150,true],"medium":["https:\/\/noticiasbahia360.com.br\/wp-content\/uploads\/2025\/03\/prova-enem-concursos-estudantes-foto-marcos-santos-usp-imagens4-1-300x195.jpg",300,195,true],"medium_large":["https:\/\/noticiasbahia360.com.br\/wp-content\/uploads\/2025\/03\/prova-enem-concursos-estudantes-foto-marcos-santos-usp-imagens4-1.jpg",640,417,false],"large":["https:\/\/noticiasbahia360.com.br\/wp-content\/uploads\/2025\/03\/prova-enem-concursos-estudantes-foto-marcos-santos-usp-imagens4-1.jpg",640,417,false],"1536x1536":["https:\/\/noticiasbahia360.com.br\/wp-content\/uploads\/2025\/03\/prova-enem-concursos-estudantes-foto-marcos-santos-usp-imagens4-1.jpg",640,417,false],"2048x2048":["https:\/\/noticiasbahia360.com.br\/wp-content\/uploads\/2025\/03\/prova-enem-concursos-estudantes-foto-marcos-santos-usp-imagens4-1.jpg",640,417,false],"chromenews-featured":["https:\/\/noticiasbahia360.com.br\/wp-content\/uploads\/2025\/03\/prova-enem-concursos-estudantes-foto-marcos-santos-usp-imagens4-1.jpg",640,417,false],"chromenews-large":["https:\/\/noticiasbahia360.com.br\/wp-content\/uploads\/2025\/03\/prova-enem-concursos-estudantes-foto-marcos-santos-usp-imagens4-1.jpg",640,417,false],"chromenews-medium":["https:\/\/noticiasbahia360.com.br\/wp-content\/uploads\/2025\/03\/prova-enem-concursos-estudantes-foto-marcos-santos-usp-imagens4-1-590x410.jpg",590,410,true]},"author_info":{"display_name":"noticiasbahia360.com.br","author_link":"https:\/\/noticiasbahia360.com.br\/?author=1"},"category_info":"<a href=\"https:\/\/noticiasbahia360.com.br\/?cat=8\" rel=\"category\">Bahia<\/a> <a href=\"https:\/\/noticiasbahia360.com.br\/?cat=9\" rel=\"category\">Brasil<\/a> <a href=\"https:\/\/noticiasbahia360.com.br\/?cat=6\" rel=\"category\">Feira de Santana<\/a> <a href=\"https:\/\/noticiasbahia360.com.br\/?cat=57\" rel=\"category\">Mundo<\/a> <a href=\"https:\/\/noticiasbahia360.com.br\/?cat=56\" rel=\"category\">Pol\u00edcia<\/a> <a href=\"https:\/\/noticiasbahia360.com.br\/?cat=10\" rel=\"category\">Pol\u00edtica<\/a>","tag_info":"Pol\u00edtica","comment_count":"0","_links":{"self":[{"href":"https:\/\/noticiasbahia360.com.br\/index.php?rest_route=\/wp\/v2\/posts\/78776","targetHints":{"allow":["GET"]}}],"collection":[{"href":"https:\/\/noticiasbahia360.com.br\/index.php?rest_route=\/wp\/v2\/posts"}],"about":[{"href":"https:\/\/noticiasbahia360.com.br\/index.php?rest_route=\/wp\/v2\/types\/post"}],"author":[{"embeddable":true,"href":"https:\/\/noticiasbahia360.com.br\/index.php?rest_route=\/wp\/v2\/users\/1"}],"replies":[{"embeddable":true,"href":"https:\/\/noticiasbahia360.com.br\/index.php?rest_route=%2Fwp%2Fv2%2Fcomments&post=78776"}],"version-history":[{"count":0,"href":"https:\/\/noticiasbahia360.com.br\/index.php?rest_route=\/wp\/v2\/posts\/78776\/revisions"}],"wp:featuredmedia":[{"embeddable":true,"href":"https:\/\/noticiasbahia360.com.br\/index.php?rest_route=\/wp\/v2\/media\/78777"}],"wp:attachment":[{"href":"https:\/\/noticiasbahia360.com.br\/index.php?rest_route=%2Fwp%2Fv2%2Fmedia&parent=78776"}],"wp:term":[{"taxonomy":"category","embeddable":true,"href":"https:\/\/noticiasbahia360.com.br\/index.php?rest_route=%2Fwp%2Fv2%2Fcategories&post=78776"},{"taxonomy":"post_tag","embeddable":true,"href":"https:\/\/noticiasbahia360.com.br\/index.php?rest_route=%2Fwp%2Fv2%2Ftags&post=78776"}],"curies":[{"name":"wp","href":"https:\/\/api.w.org\/{rel}","templated":true}]}}