{"id":79370,"date":"2025-03-22T16:52:41","date_gmt":"2025-03-22T19:52:41","guid":{"rendered":"https:\/\/noticiasbahia360.com.br\/?p=79370"},"modified":"2025-03-22T16:52:41","modified_gmt":"2025-03-22T19:52:41","slug":"descubra-quem-deve-declarar-o-imposto-de-renda-em-2025","status":"publish","type":"post","link":"https:\/\/noticiasbahia360.com.br\/?p=79370","title":{"rendered":"Descubra quem deve declarar o Imposto de Renda em 2025"},"content":{"rendered":"<div>\n<div>\n<figure><img decoding=\"async\" src=\"http:\/\/noticiasbahia360.com.br\/wp-content\/uploads\/2025\/03\/impostoderenda_foto_joedsonalves_agenciabrasil.jpg\" alt=\"Imposto de Renda\"><figcaption>Foto: Jo\u00e9dson Alves\/Ag\u00eancia Brasil<\/figcaption><\/figure>\n<\/div>\n<p>Ag\u00eancia Brasil \u2013 Em 2025, a Receita Federal espera receber 46,2 milh\u00f5es de declara\u00e7\u00f5es do Imposto de Renda, ou seja, cerca de um quinto da popula\u00e7\u00e3o ter\u00e1 que prestar contas ao Fisco neste ano.\u00a0<strong>Afinal,\u00a0quem precisa declarar o Imposto de Renda?<\/strong><img decoding=\"async\" src=\"https:\/\/agenciabrasil.ebc.com.br\/ebc.png?id=1635554&amp;o=node\"><img decoding=\"async\" src=\"https:\/\/agenciabrasil.ebc.com.br\/ebc.gif?id=1635554&amp;o=node\"><\/p>\n<p>A\u00a0<strong>obrigatoriedade est\u00e1 relacionada aos ganhos recebidos e o patrim\u00f4nio do contribuinte em 2024<\/strong>, conforme\u00a0a\u00a0<a href=\"https:\/\/www.in.gov.br\/en\/web\/dou\/-\/instrucao-normativa-rfb-n-2.255-de-11-de-marco-de-2025-617338752\" target=\"_blank\" rel=\"noreferrer noopener\">normativa 2255<\/a>, divulgada pela Receita Federal em mar\u00e7o deste ano.<\/p>\n<h2 class=\"wp-block-heading\" id=\"h-gt-gt-veja-quem-precisa-declarar-o-imposto-de-renda\">&gt;&gt; Veja quem precisa declarar o Imposto de Renda:<\/h2>\n<ul class=\"wp-block-list\">\n<li><strong>Rendimentos acima de R$ 33.888:<\/strong>\u00a0quem recebeu<strong>\u00a0<\/strong>rendimentos tribut\u00e1veis, como sal\u00e1rio, f\u00e9rias, aposentadoria ou pens\u00e3o por morte, acima de R$ 33.888 \u00e9 obrigado\u00a0a fazer a declara\u00e7\u00e3o do Imposto de Renda. \u201cSe, em 2024, a pessoa recebeu mais de R$ 33.888, ela tem que declarar este ano. Se ela recebeu outros tipos de rendimentos que n\u00e3o s\u00e3o os tribut\u00e1veis, mas s\u00e3o rendimentos isentos ou com tributa\u00e7\u00e3o exclusiva na fonte de\u00a0valor superior a R$ 200 mil, tamb\u00e9m est\u00e1 obrigada.\u00a0Quem possu\u00eda, em 31 de dezembro de 2024,\u00a0somat\u00f3rio de bens acima\u00a0de R$ 800 mil\u00a0tamb\u00e9m est\u00e1 obrigado a declarar\u201d, explica o auditor-fiscal da Receita Federal, Jos\u00e9 Carlos Fonseca.\u00a0<\/li>\n<li><strong>Atividade rural:<\/strong>\u00a0\u00e9 obrigat\u00f3ria a declara\u00e7\u00e3o para quem teve receita bruta acima de R$ 169.440 ou pretende compensar preju\u00edzos de 2024 ou anos anteriores.<\/li>\n<li><strong>Investimentos fora do pa\u00eds:<\/strong>\u00a0\u201cA Lei n\u00ba 14754 determinou\u00a0que o imposto que se paga desses rendimentos de aplica\u00e7\u00f5es no exterior deixou de ser mensal e passou a ser anual. Ent\u00e3o, ano passado, em 2024, n\u00e3o houve cobran\u00e7a de imposto sobre os rendimentos recebidos em 2024, porque agora, eles dever\u00e3o ser colocados na declara\u00e7\u00e3o deste ano, de 2025, e v\u00e3o ser\u00a0tributados nesta declara\u00e7\u00e3o\u201d, diz o auditor-fiscal.<\/li>\n<li><strong>Valores de im\u00f3veis:<\/strong>\u00a0quem tem\u00a0im\u00f3veis e os valores foram atualizados no final de 2024, com o pagamento de um imposto sobre ganho de capital diferenciado de 4%,\u00a0tamb\u00e9m est\u00e1 obrigado a declarar, segundo o auditor-fiscal.\u00a0<\/li>\n<li><strong>Residente no Brasil:<\/strong>\u00a0quem passou \u00e0 condi\u00e7\u00e3o de residente no Brasil em 2024 tamb\u00e9m deve apresentar a declara\u00e7\u00e3o do Imposto de Renda.<\/li>\n<\/ul>\n<h2 class=\"wp-block-heading\" id=\"h-nao-sou-obrigado-a-declarar-o-ir-mas-posso-fazer\">N\u00e3o sou obrigado a declarar o IR, mas posso fazer?<\/h2>\n<p>Agora, surge outra quest\u00e3o: e\u00a0<strong>se a pessoa n\u00e3o for obrigada a declarar, ela pode fazer isso voluntariamente?<\/strong><\/p>\n<p>O professor Deypson Carvalho, coordenador adjunto do curso de Ci\u00eancias Cont\u00e1beis do Centro Universit\u00e1rio do Distrito Federal\u00a0(UDF), esclarece:<\/p>\n<blockquote class=\"wp-block-quote is-layout-flow wp-block-quote-is-layout-flow\">\n<p>\u201cA pessoa f\u00edsica, ainda que desobrigada, pode apresentar a Declara\u00e7\u00e3o de Ajuste Anual \u00e0 Receita Federal do Brasil, observando-se que \u00e9 vedado a um mesmo contribuinte constar simultaneamente em mais de uma declara\u00e7\u00e3o, seja como titular ou dependente, exceto em casos de altera\u00e7\u00e3o na rela\u00e7\u00e3o de depend\u00eancia no ano-calend\u00e1rio de 2024\u201d.<\/p>\n<\/blockquote>\n<h2 class=\"wp-block-heading\" id=\"h-o-que-mudou-no-ir-de-2025\">O que mudou no IR de 2025?<\/h2>\n<p>A professora do curso de Ci\u00eancias Cont\u00e1beis da Faculdade Anhanguera, Val\u00e9ria Vanessa Eduardo, destaca uma\u00a0<strong>mudan\u00e7a na ordem de restitui\u00e7\u00e3o do Imposto de Renda<\/strong>.<\/p>\n<blockquote class=\"wp-block-quote is-layout-flow wp-block-quote-is-layout-flow\">\n<p>\u201cQuem optar por receber atrav\u00e9s\u00a0de Pix e tamb\u00e9m fazer a declara\u00e7\u00e3o pr\u00e9-preenchida ter\u00e1 prioridade sobre quem apenas fizer a pr\u00e9-preenchida ou aceitar o pagamento via Pix. Vale lembrar que as prioridades legais foram mantidas, beneficiando idosos, pessoas com defici\u00eancia, doentes graves e aqueles cuja maior fonte de renda seja o magist\u00e9rio.\u201d<\/p>\n<\/blockquote>\n<p>H\u00e1 mudan\u00e7as, ainda, em campos da declara\u00e7\u00e3o como, por exemplo, no\u00a0<strong>fim da exig\u00eancia do\u00a0preenchimento de t\u00edtulo de eleitor, c\u00f3digos de consulado e embaixada para residentes no exterior e n\u00famero da \u00faltima declara\u00e7\u00e3o<\/strong>.<\/p>\n<p>Al\u00e9m disso, o aplicativo Meu Imposto de Renda foi extinto. A declara\u00e7\u00e3o deve ser feita pelo\u00a0<a href=\"https:\/\/www.gov.br\/receitafederal\/pt-br\/centrais-de-conteudo\/download\/app\/rfb\" target=\"_blank\" rel=\"noreferrer noopener\">aplicativo da\u00a0Receita Federal<\/a>\u00a0ou pela plataforma\u00a0<a href=\"https:\/\/sso.acesso.gov.br\/login?client_id=portal-logado.estaleiro.serpro.gov.br&amp;authorization_id=195ba18c59b\" target=\"_blank\" rel=\"noreferrer noopener\">Gov.br<\/a>.\u00a0<\/p>\n<p>O\u00a0<strong>prazo para declara\u00e7\u00e3o do Imposto de Renda 2025 come\u00e7ou no dia 17 de mar\u00e7o e vai at\u00e9 o dia 30 de maio<\/strong>. Para quem deseja fazer a declara\u00e7\u00e3o pr\u00e9-preenchida, os dados completos ser\u00e3o disponibilizados a partir de 1\u00ba de abril.\u00a0<\/p>\n<h2 class=\"wp-block-heading\" id=\"h-se-eu-nao-declarar-o-ir-o-que-ocorre\">Se eu n\u00e3o declarar o IR, o que ocorre?<\/h2>\n<p>As\u00a0<strong>san\u00e7\u00f5es para quem n\u00e3o entrega a declara\u00e7\u00e3o v\u00e3o desde multa m\u00ednima de R$ 165,74 a 20% do imposto devido<\/strong>\u00a0at\u00e9 a altera\u00e7\u00e3o do CPF para \u201cpendente de regulariza\u00e7\u00e3o\u201d pela Receita Federal, o que impede o contribuinte de realizar transa\u00e7\u00f5es banc\u00e1rias.<\/p>\n<p>O prazo para declarar o Imposto de Renda 2025 vai at\u00e9 o dia 30 de maio.<\/p>\n<p><em>Siga o Acorda Cidade no<\/em><a href=\"https:\/\/news.google.com\/search?q=acorda%20cidade&amp;hl=pt-BR&amp;gl=BR&amp;ceid=BR%3Apt-419\"><strong><em> Google Not\u00edcias<\/em><\/strong><\/a><em> e receba os principais destaques do dia. Participe tamb\u00e9m dos nossos canais no <\/em><a href=\"https:\/\/whatsapp.com\/channel\/0029Va6Rb4v3WHTNnsh8WI3N\"><strong><em>WhatsApp<\/em><\/strong><\/a><em> e <\/em><a href=\"https:\/\/www.youtube.com\/@acordacidadenoticias\/videos\"><strong>Youtube<\/strong><\/a><em> e grupo de <\/em><a href=\"https:\/\/t.me\/+sSz0khrgARA0ZmRh\"><strong><em>Telegram<\/em><\/strong><\/a><em>.<\/em><\/p>\n<\/div>\n","protected":false},"excerpt":{"rendered":"<div>\n<div>\n<figure><img decoding=\"async\" src=\"https:\/\/uploads.acordacidade.com.br\/2025\/03\/impostoderenda_foto_joedsonalves_agenciabrasil.jpg\" alt=\"Imposto de Renda\"><figcaption>Foto: Jo\u00e9dson Alves\/Ag\u00eancia Brasil<\/figcaption><\/figure>\n<\/div>\n<p>Ag\u00eancia Brasil \u2013 Em 2025, a Receita Federal espera receber 46,2 milh\u00f5es de declara\u00e7\u00f5es do Imposto de Renda, ou seja, cerca de um quinto da popula\u00e7\u00e3o ter\u00e1 que prestar contas ao Fisco neste ano.\u00a0Afinal,\u00a0quem precisa declarar o Imposto de Renda? A\u00a0obrigatoriedade est\u00e1 relacionada aos ganhos recebidos e o patrim\u00f4nio do contribuinte em 2024, conforme\u00a0a\u00a0normativa 2255, [\u2026]<\/p><\/div>\n","protected":false},"author":1,"featured_media":79371,"comment_status":"closed","ping_status":"closed","sticky":false,"template":"","format":"gallery","meta":{"footnotes":""},"categories":[8,9,6,57,56,10],"tags":[],"class_list":["post-79370","post","type-post","status-publish","format-gallery","has-post-thumbnail","hentry","category-bahia","category-brasil","category-feira-de-santana","category-mundo","category-policia","category-politica","post_format-post-format-gallery"],"featured_image_urls":{"full":["https:\/\/noticiasbahia360.com.br\/wp-content\/uploads\/2025\/03\/impostoderenda_foto_joedsonalves_agenciabrasil.jpg",1170,700,false],"thumbnail":["https:\/\/noticiasbahia360.com.br\/wp-content\/uploads\/2025\/03\/impostoderenda_foto_joedsonalves_agenciabrasil-150x150.jpg",150,150,true],"medium":["https:\/\/noticiasbahia360.com.br\/wp-content\/uploads\/2025\/03\/impostoderenda_foto_joedsonalves_agenciabrasil-300x179.jpg",300,179,true],"medium_large":["https:\/\/noticiasbahia360.com.br\/wp-content\/uploads\/2025\/03\/impostoderenda_foto_joedsonalves_agenciabrasil-768x459.jpg",640,383,true],"large":["https:\/\/noticiasbahia360.com.br\/wp-content\/uploads\/2025\/03\/impostoderenda_foto_joedsonalves_agenciabrasil-1024x613.jpg",640,383,true],"1536x1536":["https:\/\/noticiasbahia360.com.br\/wp-content\/uploads\/2025\/03\/impostoderenda_foto_joedsonalves_agenciabrasil.jpg",1170,700,false],"2048x2048":["https:\/\/noticiasbahia360.com.br\/wp-content\/uploads\/2025\/03\/impostoderenda_foto_joedsonalves_agenciabrasil.jpg",1170,700,false],"chromenews-featured":["https:\/\/noticiasbahia360.com.br\/wp-content\/uploads\/2025\/03\/impostoderenda_foto_joedsonalves_agenciabrasil-1024x613.jpg",1024,613,true],"chromenews-large":["https:\/\/noticiasbahia360.com.br\/wp-content\/uploads\/2025\/03\/impostoderenda_foto_joedsonalves_agenciabrasil-825x575.jpg",825,575,true],"chromenews-medium":["https:\/\/noticiasbahia360.com.br\/wp-content\/uploads\/2025\/03\/impostoderenda_foto_joedsonalves_agenciabrasil-590x410.jpg",590,410,true]},"author_info":{"display_name":"noticiasbahia360.com.br","author_link":"https:\/\/noticiasbahia360.com.br\/?author=1"},"category_info":"<a href=\"https:\/\/noticiasbahia360.com.br\/?cat=8\" rel=\"category\">Bahia<\/a> <a href=\"https:\/\/noticiasbahia360.com.br\/?cat=9\" rel=\"category\">Brasil<\/a> <a href=\"https:\/\/noticiasbahia360.com.br\/?cat=6\" rel=\"category\">Feira de Santana<\/a> <a href=\"https:\/\/noticiasbahia360.com.br\/?cat=57\" rel=\"category\">Mundo<\/a> <a href=\"https:\/\/noticiasbahia360.com.br\/?cat=56\" rel=\"category\">Pol\u00edcia<\/a> <a href=\"https:\/\/noticiasbahia360.com.br\/?cat=10\" rel=\"category\">Pol\u00edtica<\/a>","tag_info":"Pol\u00edtica","comment_count":"0","_links":{"self":[{"href":"https:\/\/noticiasbahia360.com.br\/index.php?rest_route=\/wp\/v2\/posts\/79370","targetHints":{"allow":["GET"]}}],"collection":[{"href":"https:\/\/noticiasbahia360.com.br\/index.php?rest_route=\/wp\/v2\/posts"}],"about":[{"href":"https:\/\/noticiasbahia360.com.br\/index.php?rest_route=\/wp\/v2\/types\/post"}],"author":[{"embeddable":true,"href":"https:\/\/noticiasbahia360.com.br\/index.php?rest_route=\/wp\/v2\/users\/1"}],"replies":[{"embeddable":true,"href":"https:\/\/noticiasbahia360.com.br\/index.php?rest_route=%2Fwp%2Fv2%2Fcomments&post=79370"}],"version-history":[{"count":0,"href":"https:\/\/noticiasbahia360.com.br\/index.php?rest_route=\/wp\/v2\/posts\/79370\/revisions"}],"wp:featuredmedia":[{"embeddable":true,"href":"https:\/\/noticiasbahia360.com.br\/index.php?rest_route=\/wp\/v2\/media\/79371"}],"wp:attachment":[{"href":"https:\/\/noticiasbahia360.com.br\/index.php?rest_route=%2Fwp%2Fv2%2Fmedia&parent=79370"}],"wp:term":[{"taxonomy":"category","embeddable":true,"href":"https:\/\/noticiasbahia360.com.br\/index.php?rest_route=%2Fwp%2Fv2%2Fcategories&post=79370"},{"taxonomy":"post_tag","embeddable":true,"href":"https:\/\/noticiasbahia360.com.br\/index.php?rest_route=%2Fwp%2Fv2%2Ftags&post=79370"}],"curies":[{"name":"wp","href":"https:\/\/api.w.org\/{rel}","templated":true}]}}