{"id":80613,"date":"2025-04-01T10:13:09","date_gmt":"2025-04-01T13:13:09","guid":{"rendered":"https:\/\/noticiasbahia360.com.br\/?p=80613"},"modified":"2025-04-01T10:13:09","modified_gmt":"2025-04-01T13:13:09","slug":"moradores-reclamam-de-lixao-no-bairro-jardim-acacia-espero-que-facam-algo-por-nos","status":"publish","type":"post","link":"https:\/\/noticiasbahia360.com.br\/?p=80613","title":{"rendered":"Moradores reclamam de lix\u00e3o no bairro Jardim Ac\u00e1cia: \u201cEspero que fa\u00e7am algo por n\u00f3s\u201d"},"content":{"rendered":"<div>\n<div>\n<figure><img decoding=\"async\" src=\"http:\/\/noticiasbahia360.com.br\/wp-content\/uploads\/2025\/04\/lixao-no-bairro-Jardim-Acacia-12.jpeg\" alt=\"lix\u00e3o no bairro Jardim Ac\u00e1cia\"><figcaption>Foto: Ed Santos\/Acorda Cidade<\/figcaption><\/figure>\n<\/div>\n<p>Um lix\u00e3o no bairro Jardim Ac\u00e1cia, em Feira de Santana, \u00e9 alvo de <a href=\"https:\/\/www.acordacidade.com.br\/tag\/reclamacao-de-moradores\/\">reclama\u00e7\u00e3o de moradores<\/a>. Ele fica na Alameda 3, uma transversal com a Rua Papa Jo\u00e3o XXVIII e os moradores afirmam que est\u00e1 no local h\u00e1 anos. Eles relataram a reportagem do Acorda Cidade que diversas reclama\u00e7\u00f5es j\u00e1 foram feitas aos \u00f3rg\u00e3os p\u00fablicos, mas que nenhuma provid\u00eancia \u00e9 tomada. \u00a0<\/p>\n<figure class=\"wp-block-image size-large\"><img fetchpriority=\"high\" decoding=\"async\" width=\"1024\" height=\"768\" src=\"http:\/\/noticiasbahia360.com.br\/wp-content\/uploads\/2025\/04\/LQLrYDsS-lixao-no-bairro-Jardim-Acacia-9-1024x768-1.webp\" alt=\"lix\u00e3o no bairro Jardim Ac\u00e1cia\" class=\"wp-image-517278\" srcset=\"https:\/\/uploads.acordacidade.com.br\/2025\/03\/LQLrYDsS-lixao-no-bairro-Jardim-Acacia-9-300x225.webp 300w, http:\/\/noticiasbahia360.com.br\/wp-content\/uploads\/2025\/04\/LQLrYDsS-lixao-no-bairro-Jardim-Acacia-9-1024x768-1.webp 1024w, https:\/\/uploads.acordacidade.com.br\/2025\/03\/LQLrYDsS-lixao-no-bairro-Jardim-Acacia-9-768x576.webp 768w, https:\/\/uploads.acordacidade.com.br\/2025\/03\/LQLrYDsS-lixao-no-bairro-Jardim-Acacia-9-150x113.webp 150w, https:\/\/uploads.acordacidade.com.br\/2025\/03\/LQLrYDsS-lixao-no-bairro-Jardim-Acacia-9.webp 1200w\" sizes=\"(max-width: 1024px) 100vw, 1024px\"><figcaption class=\"wp-element-caption\">Foto: Ed Santos\/Acorda Cidade<\/figcaption><\/figure>\n<p>Jo\u00e3o Marcelo \u00e9 um desses moradores. Ele tem um com\u00e9rcio no local h\u00e1 mais de 9 anos e afirma que desde que chegou no local o lix\u00e3o j\u00e1 existe. \u201cAqui tem muito descarte de lixo, descarte de animais mortos. Tenho v\u00e1rios v\u00eddeos pedindo ajuda de \u00f3rg\u00e3os competentes, porque \u00e9 um bairro conhecido, pr\u00f3ximo ao Casar\u00e3o Olhos D\u2019\u00c1gua, e precisa de uma aten\u00e7\u00e3o maior dos \u00f3rg\u00e3os competentes. Espero que fa\u00e7am algo por n\u00f3s\u201d, afirmou.<\/p>\n<figure class=\"wp-block-image size-large\"><img decoding=\"async\" width=\"1024\" height=\"768\" src=\"http:\/\/noticiasbahia360.com.br\/wp-content\/uploads\/2025\/04\/LYbkn6za-lixao-no-bairro-Jardim-Acacia-8-1024x768-1.webp\" alt=\"lix\u00e3o no bairro Jardim Ac\u00e1cia\" class=\"wp-image-517277\" srcset=\"https:\/\/uploads.acordacidade.com.br\/2025\/03\/LYbkn6za-lixao-no-bairro-Jardim-Acacia-8-300x225.webp 300w, http:\/\/noticiasbahia360.com.br\/wp-content\/uploads\/2025\/04\/LYbkn6za-lixao-no-bairro-Jardim-Acacia-8-1024x768-1.webp 1024w, https:\/\/uploads.acordacidade.com.br\/2025\/03\/LYbkn6za-lixao-no-bairro-Jardim-Acacia-8-768x576.webp 768w, https:\/\/uploads.acordacidade.com.br\/2025\/03\/LYbkn6za-lixao-no-bairro-Jardim-Acacia-8-150x113.webp 150w, https:\/\/uploads.acordacidade.com.br\/2025\/03\/LYbkn6za-lixao-no-bairro-Jardim-Acacia-8.webp 1200w\" sizes=\"(max-width: 1024px) 100vw, 1024px\"><figcaption class=\"wp-element-caption\">Foto: Ed Santos\/Acorda Cidade<\/figcaption><\/figure>\n<p>Segundo ele, o lix\u00e3o est\u00e1 causando muitos transtornos para a popula\u00e7\u00e3o e muita gente j\u00e1 pegou dengue devido aos materiais que s\u00e3o descartados no local e acumulam \u00e1gua, servindo de criadouros para o mosquito transmissor.<\/p>\n<figure class=\"wp-block-image size-large\"><img decoding=\"async\" width=\"1024\" height=\"768\" src=\"http:\/\/noticiasbahia360.com.br\/wp-content\/uploads\/2025\/04\/wkRspUDD-lixao-no-bairro-Jardim-Acacia-5-1024x768-1.webp\" alt=\"lix\u00e3o no bairro Jardim Ac\u00e1cia\" class=\"wp-image-517274\" srcset=\"https:\/\/uploads.acordacidade.com.br\/2025\/03\/wkRspUDD-lixao-no-bairro-Jardim-Acacia-5-300x225.webp 300w, http:\/\/noticiasbahia360.com.br\/wp-content\/uploads\/2025\/04\/wkRspUDD-lixao-no-bairro-Jardim-Acacia-5-1024x768-1.webp 1024w, https:\/\/uploads.acordacidade.com.br\/2025\/03\/wkRspUDD-lixao-no-bairro-Jardim-Acacia-5-768x576.webp 768w, https:\/\/uploads.acordacidade.com.br\/2025\/03\/wkRspUDD-lixao-no-bairro-Jardim-Acacia-5-150x113.webp 150w, https:\/\/uploads.acordacidade.com.br\/2025\/03\/wkRspUDD-lixao-no-bairro-Jardim-Acacia-5.webp 1200w\" sizes=\"(max-width: 1024px) 100vw, 1024px\"><figcaption class=\"wp-element-caption\">Foto: Ed Santos\/Acorda Cidade<\/figcaption><\/figure>\n<p>\u201cAqui temos crian\u00e7as, idosos que passam constantemente e t\u00eam dificuldades para transitar. As vezes tem que passar por outro lugar. Ainda tem risco de dengue porque jogam pneus, v\u00e1rios tipos de materiais que acumulam \u00e1gua. Estou com um funcion\u00e1rio internado com suspeita de dengue e teve um vizinho aqui que teve dengue hemorr\u00e1gica e faleceu\u201d, lamentou.<\/p>\n<figure class=\"wp-block-image size-large\"><img loading=\"lazy\" decoding=\"async\" width=\"1024\" height=\"768\" src=\"http:\/\/noticiasbahia360.com.br\/wp-content\/uploads\/2025\/04\/2dkNPs43-lixao-no-bairro-Jardim-Acacia-4-1024x768-1.webp\" alt=\"lix\u00e3o no bairro Jardim Ac\u00e1cia\" class=\"wp-image-517273\" srcset=\"https:\/\/uploads.acordacidade.com.br\/2025\/03\/2dkNPs43-lixao-no-bairro-Jardim-Acacia-4-300x225.webp 300w, http:\/\/noticiasbahia360.com.br\/wp-content\/uploads\/2025\/04\/2dkNPs43-lixao-no-bairro-Jardim-Acacia-4-1024x768-1.webp 1024w, https:\/\/uploads.acordacidade.com.br\/2025\/03\/2dkNPs43-lixao-no-bairro-Jardim-Acacia-4-768x576.webp 768w, https:\/\/uploads.acordacidade.com.br\/2025\/03\/2dkNPs43-lixao-no-bairro-Jardim-Acacia-4-150x113.webp 150w, https:\/\/uploads.acordacidade.com.br\/2025\/03\/2dkNPs43-lixao-no-bairro-Jardim-Acacia-4.webp 1200w\" sizes=\"(max-width: 1024px) 100vw, 1024px\"><figcaption class=\"wp-element-caption\">Foto: Ed Santos\/Acorda Cidade<\/figcaption><\/figure>\n<p>Segundo o morador o lixo \u00e9 descartado no local pelos pr\u00f3prios moradores da regi\u00e3o, al\u00e9m de carroceiros que despejam restos de materiais de constru\u00e7\u00e3o, entre outros materiais, transformando o local em um verdadeiro lix\u00e3o.<\/p>\n<figure class=\"wp-block-image size-large\"><img loading=\"lazy\" decoding=\"async\" width=\"1024\" height=\"768\" src=\"http:\/\/noticiasbahia360.com.br\/wp-content\/uploads\/2025\/04\/BGYiv2vv-lixao-no-bairro-Jardim-Acacia-7-1024x768-1.webp\" alt=\"lix\u00e3o no bairro Jardim Ac\u00e1cia\" class=\"wp-image-517276\" srcset=\"https:\/\/uploads.acordacidade.com.br\/2025\/03\/BGYiv2vv-lixao-no-bairro-Jardim-Acacia-7-300x225.webp 300w, http:\/\/noticiasbahia360.com.br\/wp-content\/uploads\/2025\/04\/BGYiv2vv-lixao-no-bairro-Jardim-Acacia-7-1024x768-1.webp 1024w, https:\/\/uploads.acordacidade.com.br\/2025\/03\/BGYiv2vv-lixao-no-bairro-Jardim-Acacia-7-768x576.webp 768w, https:\/\/uploads.acordacidade.com.br\/2025\/03\/BGYiv2vv-lixao-no-bairro-Jardim-Acacia-7-150x113.webp 150w, https:\/\/uploads.acordacidade.com.br\/2025\/03\/BGYiv2vv-lixao-no-bairro-Jardim-Acacia-7.webp 1200w\" sizes=\"(max-width: 1024px) 100vw, 1024px\"><figcaption class=\"wp-element-caption\">Foto: Ed Santos\/Acorda Cidade<\/figcaption><\/figure>\n<figure class=\"wp-block-image size-large\"><img loading=\"lazy\" decoding=\"async\" width=\"1024\" height=\"768\" src=\"http:\/\/noticiasbahia360.com.br\/wp-content\/uploads\/2025\/04\/LY6qimLA-lixao-no-bairro-Jardim-Acacia-3-1024x768-1.webp\" alt=\"lix\u00e3o no bairro Jardim Ac\u00e1cia\" class=\"wp-image-517272\" srcset=\"https:\/\/uploads.acordacidade.com.br\/2025\/03\/LY6qimLA-lixao-no-bairro-Jardim-Acacia-3-300x225.webp 300w, http:\/\/noticiasbahia360.com.br\/wp-content\/uploads\/2025\/04\/LY6qimLA-lixao-no-bairro-Jardim-Acacia-3-1024x768-1.webp 1024w, https:\/\/uploads.acordacidade.com.br\/2025\/03\/LY6qimLA-lixao-no-bairro-Jardim-Acacia-3-768x576.webp 768w, https:\/\/uploads.acordacidade.com.br\/2025\/03\/LY6qimLA-lixao-no-bairro-Jardim-Acacia-3-150x113.webp 150w, https:\/\/uploads.acordacidade.com.br\/2025\/03\/LY6qimLA-lixao-no-bairro-Jardim-Acacia-3.webp 1200w\" sizes=\"(max-width: 1024px) 100vw, 1024px\"><figcaption class=\"wp-element-caption\">Foto: Ed Santos\/Acorda Cidade<\/figcaption><\/figure>\n<figure class=\"wp-block-image size-large\"><img loading=\"lazy\" decoding=\"async\" width=\"1024\" height=\"768\" src=\"http:\/\/noticiasbahia360.com.br\/wp-content\/uploads\/2025\/04\/Byym0rVG-lixao-no-bairro-Jardim-Acacia-1-1024x768-1.webp\" alt=\"lix\u00e3o no bairro Jardim Ac\u00e1cia\" class=\"wp-image-517269\" srcset=\"https:\/\/uploads.acordacidade.com.br\/2025\/03\/Byym0rVG-lixao-no-bairro-Jardim-Acacia-1-300x225.webp 300w, http:\/\/noticiasbahia360.com.br\/wp-content\/uploads\/2025\/04\/Byym0rVG-lixao-no-bairro-Jardim-Acacia-1-1024x768-1.webp 1024w, https:\/\/uploads.acordacidade.com.br\/2025\/03\/Byym0rVG-lixao-no-bairro-Jardim-Acacia-1-768x576.webp 768w, https:\/\/uploads.acordacidade.com.br\/2025\/03\/Byym0rVG-lixao-no-bairro-Jardim-Acacia-1-150x113.webp 150w, https:\/\/uploads.acordacidade.com.br\/2025\/03\/Byym0rVG-lixao-no-bairro-Jardim-Acacia-1.webp 1200w\" sizes=\"(max-width: 1024px) 100vw, 1024px\"><figcaption class=\"wp-element-caption\">Foto: Ed Santos\/Acorda Cidade<\/figcaption><\/figure>\n<figure class=\"wp-block-image size-large\"><img loading=\"lazy\" decoding=\"async\" width=\"1024\" height=\"768\" src=\"http:\/\/noticiasbahia360.com.br\/wp-content\/uploads\/2025\/04\/1zsAUMWO-lixao-no-bairro-Jardim-Acacia-2-1024x768-1.webp\" alt=\"lix\u00e3o no bairro Jardim Ac\u00e1cia\" class=\"wp-image-517271\" srcset=\"https:\/\/uploads.acordacidade.com.br\/2025\/03\/1zsAUMWO-lixao-no-bairro-Jardim-Acacia-2-300x225.webp 300w, http:\/\/noticiasbahia360.com.br\/wp-content\/uploads\/2025\/04\/1zsAUMWO-lixao-no-bairro-Jardim-Acacia-2-1024x768-1.webp 1024w, https:\/\/uploads.acordacidade.com.br\/2025\/03\/1zsAUMWO-lixao-no-bairro-Jardim-Acacia-2-768x576.webp 768w, https:\/\/uploads.acordacidade.com.br\/2025\/03\/1zsAUMWO-lixao-no-bairro-Jardim-Acacia-2-150x113.webp 150w, https:\/\/uploads.acordacidade.com.br\/2025\/03\/1zsAUMWO-lixao-no-bairro-Jardim-Acacia-2.webp 1200w\" sizes=\"(max-width: 1024px) 100vw, 1024px\"><figcaption class=\"wp-element-caption\">Foto: Ed Santos\/Acorda Cidade<\/figcaption><\/figure>\n<p><em>Com informa\u00e7\u00f5es do rep\u00f3rter Ed Santos do Acorda Cidade<\/em><\/p>\n<p><em>Siga o Acorda Cidade no<a href=\"https:\/\/news.google.com\/search?q=acorda%20cidade&amp;hl=pt-BR&amp;gl=BR&amp;ceid=BR%3Apt-419\" target=\"_blank\" rel=\"noreferrer noopener\">\u00a0Google Not\u00edcias<\/a>\u00a0e receba os principais destaques do dia.\u00a0Participe tamb\u00e9m dos nossos grupos no\u00a0<a href=\"https:\/\/chat.whatsapp.com\/Fj2agnR6CdwLEb9Uqew8QI\" target=\"_blank\" rel=\"noreferrer noopener\">WhatsApp<\/a>\u00a0e\u00a0<a href=\"https:\/\/t.me\/+sSz0khrgARA0ZmRh\" target=\"_blank\" rel=\"noreferrer noopener\">Telegram<\/a><\/em><\/p>\n<\/div>\n","protected":false},"excerpt":{"rendered":"<div>\n<div>\n<figure><img decoding=\"async\" src=\"https:\/\/uploads.acordacidade.com.br\/2025\/03\/lixao-no-bairro-Jardim-Acacia-12.jpeg\" alt=\"lix\u00e3o no bairro Jardim Ac\u00e1cia\"><figcaption>Foto: Ed Santos\/Acorda Cidade<\/figcaption><\/figure>\n<\/div>\n<p>Eles relataram a reportagem do Acorda Cidade que diversas reclama\u00e7\u00f5es j\u00e1 foram feitas , mas nenhuma provid\u00eancia \u00e9 tomada. \u00a0<\/p><\/div>\n","protected":false},"author":1,"featured_media":80614,"comment_status":"closed","ping_status":"closed","sticky":false,"template":"","format":"gallery","meta":{"footnotes":""},"categories":[8,9,6,57,56,10],"tags":[],"class_list":["post-80613","post","type-post","status-publish","format-gallery","has-post-thumbnail","hentry","category-bahia","category-brasil","category-feira-de-santana","category-mundo","category-policia","category-politica","post_format-post-format-gallery"],"featured_image_urls":{"full":["https:\/\/noticiasbahia360.com.br\/wp-content\/uploads\/2025\/04\/lixao-no-bairro-Jardim-Acacia-12.jpeg",1200,900,false],"thumbnail":["https:\/\/noticiasbahia360.com.br\/wp-content\/uploads\/2025\/04\/lixao-no-bairro-Jardim-Acacia-12-150x150.jpeg",150,150,true],"medium":["https:\/\/noticiasbahia360.com.br\/wp-content\/uploads\/2025\/04\/lixao-no-bairro-Jardim-Acacia-12-300x225.jpeg",300,225,true],"medium_large":["https:\/\/noticiasbahia360.com.br\/wp-content\/uploads\/2025\/04\/lixao-no-bairro-Jardim-Acacia-12-768x576.jpeg",640,480,true],"large":["https:\/\/noticiasbahia360.com.br\/wp-content\/uploads\/2025\/04\/lixao-no-bairro-Jardim-Acacia-12-1024x768.jpeg",640,480,true],"1536x1536":["https:\/\/noticiasbahia360.com.br\/wp-content\/uploads\/2025\/04\/lixao-no-bairro-Jardim-Acacia-12.jpeg",1200,900,false],"2048x2048":["https:\/\/noticiasbahia360.com.br\/wp-content\/uploads\/2025\/04\/lixao-no-bairro-Jardim-Acacia-12.jpeg",1200,900,false],"chromenews-featured":["https:\/\/noticiasbahia360.com.br\/wp-content\/uploads\/2025\/04\/lixao-no-bairro-Jardim-Acacia-12-1024x768.jpeg",1024,768,true],"chromenews-large":["https:\/\/noticiasbahia360.com.br\/wp-content\/uploads\/2025\/04\/lixao-no-bairro-Jardim-Acacia-12-825x575.jpeg",825,575,true],"chromenews-medium":["https:\/\/noticiasbahia360.com.br\/wp-content\/uploads\/2025\/04\/lixao-no-bairro-Jardim-Acacia-12-590x410.jpeg",590,410,true]},"author_info":{"display_name":"noticiasbahia360.com.br","author_link":"https:\/\/noticiasbahia360.com.br\/?author=1"},"category_info":"<a href=\"https:\/\/noticiasbahia360.com.br\/?cat=8\" rel=\"category\">Bahia<\/a> <a href=\"https:\/\/noticiasbahia360.com.br\/?cat=9\" rel=\"category\">Brasil<\/a> <a href=\"https:\/\/noticiasbahia360.com.br\/?cat=6\" rel=\"category\">Feira de Santana<\/a> <a href=\"https:\/\/noticiasbahia360.com.br\/?cat=57\" rel=\"category\">Mundo<\/a> <a href=\"https:\/\/noticiasbahia360.com.br\/?cat=56\" rel=\"category\">Pol\u00edcia<\/a> <a href=\"https:\/\/noticiasbahia360.com.br\/?cat=10\" rel=\"category\">Pol\u00edtica<\/a>","tag_info":"Pol\u00edtica","comment_count":"0","_links":{"self":[{"href":"https:\/\/noticiasbahia360.com.br\/index.php?rest_route=\/wp\/v2\/posts\/80613","targetHints":{"allow":["GET"]}}],"collection":[{"href":"https:\/\/noticiasbahia360.com.br\/index.php?rest_route=\/wp\/v2\/posts"}],"about":[{"href":"https:\/\/noticiasbahia360.com.br\/index.php?rest_route=\/wp\/v2\/types\/post"}],"author":[{"embeddable":true,"href":"https:\/\/noticiasbahia360.com.br\/index.php?rest_route=\/wp\/v2\/users\/1"}],"replies":[{"embeddable":true,"href":"https:\/\/noticiasbahia360.com.br\/index.php?rest_route=%2Fwp%2Fv2%2Fcomments&post=80613"}],"version-history":[{"count":0,"href":"https:\/\/noticiasbahia360.com.br\/index.php?rest_route=\/wp\/v2\/posts\/80613\/revisions"}],"wp:featuredmedia":[{"embeddable":true,"href":"https:\/\/noticiasbahia360.com.br\/index.php?rest_route=\/wp\/v2\/media\/80614"}],"wp:attachment":[{"href":"https:\/\/noticiasbahia360.com.br\/index.php?rest_route=%2Fwp%2Fv2%2Fmedia&parent=80613"}],"wp:term":[{"taxonomy":"category","embeddable":true,"href":"https:\/\/noticiasbahia360.com.br\/index.php?rest_route=%2Fwp%2Fv2%2Fcategories&post=80613"},{"taxonomy":"post_tag","embeddable":true,"href":"https:\/\/noticiasbahia360.com.br\/index.php?rest_route=%2Fwp%2Fv2%2Ftags&post=80613"}],"curies":[{"name":"wp","href":"https:\/\/api.w.org\/{rel}","templated":true}]}}