{"id":80623,"date":"2025-04-01T10:13:31","date_gmt":"2025-04-01T13:13:31","guid":{"rendered":"https:\/\/noticiasbahia360.com.br\/?p=80623"},"modified":"2025-04-01T10:13:31","modified_gmt":"2025-04-01T13:13:31","slug":"mae-busca-ajuda-para-conseguir-medicamento-de-alto-custo-para-filho-com-doenca-rara","status":"publish","type":"post","link":"https:\/\/noticiasbahia360.com.br\/?p=80623","title":{"rendered":"M\u00e3e busca ajuda para conseguir medicamento de alto custo para filho com doen\u00e7a rara"},"content":{"rendered":"<div>\n<div>\n<figure><img decoding=\"async\" src=\"http:\/\/noticiasbahia360.com.br\/wp-content\/uploads\/2025\/04\/Mae-busca-ajuda-para-conseguir-medicamento-de-alto-custo-para-filho-com-doenca-rara-2.jpg\" alt=\"M\u00e3e busca ajuda para conseguir medicamento de alto custo para filho com doen\u00e7a rara\"><figcaption>Foto: Arquivo pessoal<\/figcaption><\/figure>\n<\/div>\n<p>Paula Virg\u00ednia Vieira Dias Paiva, m\u00e3e do pequeno Miguel Dias Paiva, est\u00e1 fazendo uma campanha para judicializar a compra de uma medica\u00e7\u00e3o que ajuda a paralisar a progress\u00e3o da doen\u00e7a que o filho tem. O medicamento \u00e9 de alto custo e n\u00e3o \u00e9 disponibilizada pelo Sistema \u00danico de Sa\u00fade (SUS).<\/p>\n<p>Miguel Dias Paiva foi <strong>diagnosticado com Distrofia Muscular de Duchenne <\/strong>quando tinha 1 ano de idade. Essa \u00e9 uma <strong>doen\u00e7a rara e incur\u00e1vel onde a crian\u00e7a vai perdendo a for\u00e7a muscular.<\/strong> Atinge membros inferiores e superiores e ela vai progredindo com o tempo, podendo afetar o cora\u00e7\u00e3o e a capacidade respirat\u00f3ria. Segundo informou a m\u00e3e de Miguel, a expetativa de vida de uma pessoa que tem a doen\u00e7a \u00e9 de 20 a 30 anos.<\/p>\n<figure class=\"wp-block-image size-large\"><img fetchpriority=\"high\" fetchpriority=\"high\" decoding=\"async\" width=\"901\" height=\"1024\" src=\"http:\/\/noticiasbahia360.com.br\/wp-content\/uploads\/2025\/04\/zUPHY0oq-Mae-busca-ajuda-para-conseguir-medicamento-de-alto-custo-para-filho-com-doenca-rara-1-901x1024-1.webp\" alt=\"M\u00e3e busca ajuda para conseguir medicamento de alto custo para filho com doen\u00e7a rara (1)\" class=\"wp-image-517039\" srcset=\"https:\/\/uploads.acordacidade.com.br\/2025\/03\/zUPHY0oq-Mae-busca-ajuda-para-conseguir-medicamento-de-alto-custo-para-filho-com-doenca-rara-1-264x300.webp 264w, http:\/\/noticiasbahia360.com.br\/wp-content\/uploads\/2025\/04\/zUPHY0oq-Mae-busca-ajuda-para-conseguir-medicamento-de-alto-custo-para-filho-com-doenca-rara-1-901x1024-1.webp 901w, https:\/\/uploads.acordacidade.com.br\/2025\/03\/zUPHY0oq-Mae-busca-ajuda-para-conseguir-medicamento-de-alto-custo-para-filho-com-doenca-rara-1-768x873.webp 768w, https:\/\/uploads.acordacidade.com.br\/2025\/03\/zUPHY0oq-Mae-busca-ajuda-para-conseguir-medicamento-de-alto-custo-para-filho-com-doenca-rara-1-150x171.webp 150w, https:\/\/uploads.acordacidade.com.br\/2025\/03\/zUPHY0oq-Mae-busca-ajuda-para-conseguir-medicamento-de-alto-custo-para-filho-com-doenca-rara-1.webp 1200w\" sizes=\"(max-width: 901px) 100vw, 901px\"><figcaption class=\"wp-element-caption\">Foto: Arquivo pessoal<\/figcaption><\/figure>\n<p>Como a doen\u00e7a \u00e9 progressiva e esse medicamento de alto custo \u00e9 capaz de paralisar a progress\u00e3o dela, a fam\u00edlia est\u00e1 correndo contra o tempo para conseguir a medica\u00e7\u00e3o o quanto antes e evitar que a crian\u00e7a sofre danos maiores, como a paralisia nas pernas, por exemplo.<\/p>\n<p>\u201cA medica\u00e7\u00e3o n\u00e3o recupera o que foi perdido, s\u00f3 paralisa a progress\u00e3o. Ent\u00e3o estamos correndo contra o tempo. Desde a prescri\u00e7\u00e3o at\u00e9 a compra do medicamento, a gente passa por um processo dif\u00edcil. Os m\u00e9dicos do SUS ainda n\u00e3o podem prescrever, por isso tivemos que ir para S\u00e3o Paulo, onde um especialista avaliou nosso filho e prescreveu a medica\u00e7\u00e3o. Para judicializar \u00e9 um processo dif\u00edcil que estamos tentando. Caso n\u00e3o consiga a vit\u00f3ria, vamos tentar conseguir o valor integral do rem\u00e9dio\u201d, afirmou ao Acorda Cidade.<\/p>\n<figure class=\"wp-block-image size-large\"><img decoding=\"async\" width=\"741\" height=\"1024\" src=\"http:\/\/noticiasbahia360.com.br\/wp-content\/uploads\/2025\/04\/WTNGX7LW-Mae-busca-ajuda-para-conseguir-medicamento-de-alto-custo-para-filho-com-doenca-rara-3-741x1024-1.webp\" alt=\"M\u00e3e busca ajuda para conseguir medicamento de alto custo para filho com doen\u00e7a rara\" class=\"wp-image-517037\" srcset=\"https:\/\/uploads.acordacidade.com.br\/2025\/03\/WTNGX7LW-Mae-busca-ajuda-para-conseguir-medicamento-de-alto-custo-para-filho-com-doenca-rara-3-217x300.webp 217w, http:\/\/noticiasbahia360.com.br\/wp-content\/uploads\/2025\/04\/WTNGX7LW-Mae-busca-ajuda-para-conseguir-medicamento-de-alto-custo-para-filho-com-doenca-rara-3-741x1024-1.webp 741w, https:\/\/uploads.acordacidade.com.br\/2025\/03\/WTNGX7LW-Mae-busca-ajuda-para-conseguir-medicamento-de-alto-custo-para-filho-com-doenca-rara-3-768x1061.webp 768w, https:\/\/uploads.acordacidade.com.br\/2025\/03\/WTNGX7LW-Mae-busca-ajuda-para-conseguir-medicamento-de-alto-custo-para-filho-com-doenca-rara-3-1112x1536.webp 1112w, https:\/\/uploads.acordacidade.com.br\/2025\/03\/WTNGX7LW-Mae-busca-ajuda-para-conseguir-medicamento-de-alto-custo-para-filho-com-doenca-rara-3-150x207.webp 150w, https:\/\/uploads.acordacidade.com.br\/2025\/03\/WTNGX7LW-Mae-busca-ajuda-para-conseguir-medicamento-de-alto-custo-para-filho-com-doenca-rara-3.webp 1200w\" sizes=\"(max-width: 741px) 100vw, 741px\"><figcaption class=\"wp-element-caption\">Foto: Arquivo pessoal<\/figcaption><\/figure>\n<p>A m\u00e3e relatou ainda que Miguel iniciou o tratamento ap\u00f3s a descoberta da doen\u00e7a com corticoide, que at\u00e9 ent\u00e3o era a \u00fanica medica\u00e7\u00e3o capaz de retardar um pouco os sintomas. Por\u00e9m com a nova medica\u00e7\u00e3o mais eficiente, ela est\u00e1 lutando para conseguir esse tratamento para o filho.<\/p>\n<h2 class=\"wp-block-heading\" id=\"h-como-ajudar\">Como ajudar <\/h2>\n<p>Paula explicou que decidiu n\u00e3o fazer uma vaquinha online, por receio de fraudes. Mas est\u00e1 recebendo a contribui\u00e7\u00e3o de quem quiser ajudar atrav\u00e9s do Pix 7599258-8412. (em nome de Paula Virg\u00ednia Vieira Dias Paiva)<\/p>\n<p><em>Com informa\u00e7\u00f5es da jornalista Iasmim Santos do Acorda Cidade<\/em><\/p>\n<p><em>Siga o Acorda Cidade no<\/em><a href=\"https:\/\/news.google.com\/search?q=acorda%20cidade&amp;hl=pt-BR&amp;gl=BR&amp;ceid=BR%3Apt-419\"><strong><em>\u00a0Google Not\u00edcias<\/em><\/strong><\/a><em>\u00a0e receba os principais destaques do dia. Participe tamb\u00e9m dos nossos canais no\u00a0<\/em><a href=\"https:\/\/whatsapp.com\/channel\/0029Va6Rb4v3WHTNnsh8WI3N\"><strong><em>WhatsApp<\/em><\/strong><\/a><em>\u00a0e\u00a0<\/em><a href=\"https:\/\/www.youtube.com\/@acordacidadenoticias\/videos\"><strong>Youtube<\/strong><\/a><em>\u00a0e grupo de\u00a0<\/em><a href=\"https:\/\/t.me\/+sSz0khrgARA0ZmRh\"><strong><em>Telegram<\/em><\/strong><\/a><em>.<\/em><\/p>\n<\/div>\n","protected":false},"excerpt":{"rendered":"<div>\n<div>\n<figure><img decoding=\"async\" src=\"https:\/\/uploads.acordacidade.com.br\/2025\/03\/Mae-busca-ajuda-para-conseguir-medicamento-de-alto-custo-para-filho-com-doenca-rara-2.jpg\" alt=\"M\u00e3e busca ajuda para conseguir medicamento de alto custo para filho com doen\u00e7a rara\"><figcaption>Foto: Arquivo pessoal<\/figcaption><\/figure>\n<\/div>\n<p>Miguel foi diagnosticado com Distrofia Muscular de Duchenne, uma doen\u00e7a rara e incur\u00e1vel.<\/p><\/div>\n","protected":false},"author":1,"featured_media":80624,"comment_status":"closed","ping_status":"closed","sticky":false,"template":"","format":"gallery","meta":{"footnotes":""},"categories":[8,9,6,57,56,10],"tags":[],"class_list":["post-80623","post","type-post","status-publish","format-gallery","has-post-thumbnail","hentry","category-bahia","category-brasil","category-feira-de-santana","category-mundo","category-policia","category-politica","post_format-post-format-gallery"],"featured_image_urls":{"full":["https:\/\/noticiasbahia360.com.br\/wp-content\/uploads\/2025\/04\/Mae-busca-ajuda-para-conseguir-medicamento-de-alto-custo-para-filho-com-doenca-rara-2.jpg",1200,1032,false],"thumbnail":["https:\/\/noticiasbahia360.com.br\/wp-content\/uploads\/2025\/04\/Mae-busca-ajuda-para-conseguir-medicamento-de-alto-custo-para-filho-com-doenca-rara-2-150x150.jpg",150,150,true],"medium":["https:\/\/noticiasbahia360.com.br\/wp-content\/uploads\/2025\/04\/Mae-busca-ajuda-para-conseguir-medicamento-de-alto-custo-para-filho-com-doenca-rara-2-300x258.jpg",300,258,true],"medium_large":["https:\/\/noticiasbahia360.com.br\/wp-content\/uploads\/2025\/04\/Mae-busca-ajuda-para-conseguir-medicamento-de-alto-custo-para-filho-com-doenca-rara-2-768x660.jpg",640,550,true],"large":["https:\/\/noticiasbahia360.com.br\/wp-content\/uploads\/2025\/04\/Mae-busca-ajuda-para-conseguir-medicamento-de-alto-custo-para-filho-com-doenca-rara-2-1024x881.jpg",640,551,true],"1536x1536":["https:\/\/noticiasbahia360.com.br\/wp-content\/uploads\/2025\/04\/Mae-busca-ajuda-para-conseguir-medicamento-de-alto-custo-para-filho-com-doenca-rara-2.jpg",1200,1032,false],"2048x2048":["https:\/\/noticiasbahia360.com.br\/wp-content\/uploads\/2025\/04\/Mae-busca-ajuda-para-conseguir-medicamento-de-alto-custo-para-filho-com-doenca-rara-2.jpg",1200,1032,false],"chromenews-featured":["https:\/\/noticiasbahia360.com.br\/wp-content\/uploads\/2025\/04\/Mae-busca-ajuda-para-conseguir-medicamento-de-alto-custo-para-filho-com-doenca-rara-2-1024x881.jpg",1024,881,true],"chromenews-large":["https:\/\/noticiasbahia360.com.br\/wp-content\/uploads\/2025\/04\/Mae-busca-ajuda-para-conseguir-medicamento-de-alto-custo-para-filho-com-doenca-rara-2-825x575.jpg",825,575,true],"chromenews-medium":["https:\/\/noticiasbahia360.com.br\/wp-content\/uploads\/2025\/04\/Mae-busca-ajuda-para-conseguir-medicamento-de-alto-custo-para-filho-com-doenca-rara-2-590x410.jpg",590,410,true]},"author_info":{"display_name":"noticiasbahia360.com.br","author_link":"https:\/\/noticiasbahia360.com.br\/?author=1"},"category_info":"<a href=\"https:\/\/noticiasbahia360.com.br\/?cat=8\" rel=\"category\">Bahia<\/a> <a href=\"https:\/\/noticiasbahia360.com.br\/?cat=9\" rel=\"category\">Brasil<\/a> <a href=\"https:\/\/noticiasbahia360.com.br\/?cat=6\" rel=\"category\">Feira de Santana<\/a> <a href=\"https:\/\/noticiasbahia360.com.br\/?cat=57\" rel=\"category\">Mundo<\/a> <a href=\"https:\/\/noticiasbahia360.com.br\/?cat=56\" rel=\"category\">Pol\u00edcia<\/a> <a href=\"https:\/\/noticiasbahia360.com.br\/?cat=10\" rel=\"category\">Pol\u00edtica<\/a>","tag_info":"Pol\u00edtica","comment_count":"0","_links":{"self":[{"href":"https:\/\/noticiasbahia360.com.br\/index.php?rest_route=\/wp\/v2\/posts\/80623","targetHints":{"allow":["GET"]}}],"collection":[{"href":"https:\/\/noticiasbahia360.com.br\/index.php?rest_route=\/wp\/v2\/posts"}],"about":[{"href":"https:\/\/noticiasbahia360.com.br\/index.php?rest_route=\/wp\/v2\/types\/post"}],"author":[{"embeddable":true,"href":"https:\/\/noticiasbahia360.com.br\/index.php?rest_route=\/wp\/v2\/users\/1"}],"replies":[{"embeddable":true,"href":"https:\/\/noticiasbahia360.com.br\/index.php?rest_route=%2Fwp%2Fv2%2Fcomments&post=80623"}],"version-history":[{"count":0,"href":"https:\/\/noticiasbahia360.com.br\/index.php?rest_route=\/wp\/v2\/posts\/80623\/revisions"}],"wp:featuredmedia":[{"embeddable":true,"href":"https:\/\/noticiasbahia360.com.br\/index.php?rest_route=\/wp\/v2\/media\/80624"}],"wp:attachment":[{"href":"https:\/\/noticiasbahia360.com.br\/index.php?rest_route=%2Fwp%2Fv2%2Fmedia&parent=80623"}],"wp:term":[{"taxonomy":"category","embeddable":true,"href":"https:\/\/noticiasbahia360.com.br\/index.php?rest_route=%2Fwp%2Fv2%2Fcategories&post=80623"},{"taxonomy":"post_tag","embeddable":true,"href":"https:\/\/noticiasbahia360.com.br\/index.php?rest_route=%2Fwp%2Fv2%2Ftags&post=80623"}],"curies":[{"name":"wp","href":"https:\/\/api.w.org\/{rel}","templated":true}]}}